{"id":45388,"date":"2010-05-14T12:27:43","date_gmt":"2010-05-14T12:27:43","guid":{"rendered":"http:\/\/localhost:81\/dados_wp\/2010\/05\/14\/bento-xvi-queria-ficar-mais-tempo-no-porto\/"},"modified":"2010-05-14T12:27:43","modified_gmt":"2010-05-14T12:27:43","slug":"bento-xvi-queria-ficar-mais-tempo-no-porto","status":"publish","type":"post","link":"https:\/\/agencia.ecclesia.pt\/portal\/bento-xvi-queria-ficar-mais-tempo-no-porto\/","title":{"rendered":"Bento XVI queria ficar mais tempo no Porto"},"content":{"rendered":"<p>\u00abTeria acedido de boa vontade ao convite para prolongar a nunha perman\u00eancia na vossa cidade, mas n\u00e3o me \u00e9 poss\u00edvel\u00bb, disse o Papa a partir da varanda do edif\u00edcio da C\u00e2mara Municipal <!--more--> <\/p>\n<p>Bento XVI subiu &agrave; varanda do edif&iacute;cio da C&acirc;mara Municipal do Porto, depois da missa a que presidiu na Avenida dos Aliados.<\/p>\n<p>Ap&oacute;s agradecer o acolhimento &ldquo;festivo e cordial&rdquo; que lhe foi oferecido pela popula&ccedil;&atilde;o da &ldquo;Cidade da Virgem&rdquo;, o Papa dirigiu uma men&ccedil;&atilde;o especial &agrave;s universidades do Porto, cujos estudantes expressaram a sua &ldquo;gratid&atilde;o e ades&atilde;o ao magist&eacute;rio do Sucessor de Pedro&rdquo;.<\/p>\n<p>&ldquo;Teria acedido de boa vontade ao convite para prolongar a minha perman&ecirc;ncia na vossa cidade, mas n&atilde;o me &eacute; poss&iacute;vel&rdquo;, disse Bento XVI, que escolheu palavras afectuosas para se despedir do Porto: &ldquo;Permiti, pois, que parta, abra&ccedil;ando-vos a todos carinhosamente em Cristo (&hellip;)&rdquo;.<\/p>\n<p>Durante a sua passagem pelo edif&iacute;cio da autarquia, o Papa recebeu da diocese do Porto e da Universidade Cat&oacute;lica Portuguesa uma t-shirt que permite acompanhar os batimentos do cora&ccedil;&atilde;o atrav&eacute;s de um dispositivo electr&oacute;nico que armazena os dados de forma cont&iacute;nua.<\/p>\n<p>Na mesma altura, a Universidade do Porto e a diocese ofereceram a Bento XVI uma guitarra em fibra de carbono, concebida com tecnologia de ponta.<\/p>\n<p>Os universit&aacute;rios ofereceram tamb&eacute;m ao Papa uma pasta com as cores dos cursos da Academia do Porto e uma capa de estudante.<\/p>\n","protected":false},"excerpt":{"rendered":"<p>\u00abTeria acedido de boa vontade ao convite para prolongar a nunha perman\u00eancia na vossa cidade, mas n\u00e3o me \u00e9 poss\u00edvel\u00bb, disse o Papa a partir da varanda do edif\u00edcio da C\u00e2mara Municipal<\/p>\n","protected":false},"author":1,"featured_media":0,"comment_status":"open","ping_status":"open","sticky":false,"template":"","format":"standard","meta":{"site-sidebar-layout":"default","site-content-layout":"","ast-site-content-layout":"default","site-content-style":"default","site-sidebar-style":"default","ast-global-header-display":"","ast-banner-title-visibility":"","ast-main-header-display":"","ast-hfb-above-header-display":"","ast-hfb-below-header-display":"","ast-hfb-mobile-header-display":"","site-post-title":"","ast-breadcrumbs-content":"","ast-featured-img":"","footer-sml-layout":"","ast-disable-related-posts":"","theme-transparent-header-meta":"","adv-header-id-meta":"","stick-header-meta":"","header-above-stick-meta":"","header-main-stick-meta":"","header-below-stick-meta":"","astra-migrate-meta-layouts":"default","ast-page-background-enabled":"default","ast-page-background-meta":{"desktop":{"background-color":"var(--ast-global-color-4)","background-image":"","background-repeat":"repeat","background-position":"center center","background-size":"auto","background-attachment":"scroll","background-type":"","background-media":"","overlay-type":"","overlay-color":"","overlay-opacity":"","overlay-gradient":""},"tablet":{"background-color":"","background-image":"","background-repeat":"repeat","background-position":"center center","background-size":"auto","background-attachment":"scroll","background-type":"","background-media":"","overlay-type":"","overlay-color":"","overlay-opacity":"","overlay-gradient":""},"mobile":{"background-color":"","background-image":"","background-repeat":"repeat","background-position":"center center","background-size":"auto","background-attachment":"scroll","background-type":"","background-media":"","overlay-type":"","overlay-color":"","overlay-opacity":"","overlay-gradient":""}},"ast-content-background-meta":{"desktop":{"background-color":"var(--ast-global-color-5)","background-image":"","background-repeat":"repeat","background-position":"center center","background-size":"auto","background-attachment":"scroll","background-type":"","background-media":"","overlay-type":"","overlay-color":"","overlay-opacity":"","overlay-gradient":""},"tablet":{"background-color":"var(--ast-global-color-5)","background-image":"","background-repeat":"repeat","background-position":"center center","background-size":"auto","background-attachment":"scroll","background-type":"","background-media":"","overlay-type":"","overlay-color":"","overlay-opacity":"","overlay-gradient":""},"mobile":{"background-color":"var(--ast-global-color-5)","background-image":"","background-repeat":"repeat","background-position":"center center","background-size":"auto","background-attachment":"scroll","background-type":"","background-media":"","overlay-type":"","overlay-color":"","overlay-opacity":"","overlay-gradient":""}},"footnotes":""},"categories":[3],"tags":[120,187],"class_list":["post-45388","post","type-post","status-publish","format-standard","hentry","category-nacional","tag-bento-xvi","tag-diocese-do-porto"],"_links":{"self":[{"href":"https:\/\/agencia.ecclesia.pt\/portal\/wp-json\/wp\/v2\/posts\/45388","targetHints":{"allow":["GET"]}}],"collection":[{"href":"https:\/\/agencia.ecclesia.pt\/portal\/wp-json\/wp\/v2\/posts"}],"about":[{"href":"https:\/\/agencia.ecclesia.pt\/portal\/wp-json\/wp\/v2\/types\/post"}],"author":[{"embeddable":true,"href":"https:\/\/agencia.ecclesia.pt\/portal\/wp-json\/wp\/v2\/users\/1"}],"replies":[{"embeddable":true,"href":"https:\/\/agencia.ecclesia.pt\/portal\/wp-json\/wp\/v2\/comments?post=45388"}],"version-history":[{"count":0,"href":"https:\/\/agencia.ecclesia.pt\/portal\/wp-json\/wp\/v2\/posts\/45388\/revisions"}],"wp:attachment":[{"href":"https:\/\/agencia.ecclesia.pt\/portal\/wp-json\/wp\/v2\/media?parent=45388"}],"wp:term":[{"taxonomy":"category","embeddable":true,"href":"https:\/\/agencia.ecclesia.pt\/portal\/wp-json\/wp\/v2\/categories?post=45388"},{"taxonomy":"post_tag","embeddable":true,"href":"https:\/\/agencia.ecclesia.pt\/portal\/wp-json\/wp\/v2\/tags?post=45388"}],"curies":[{"name":"wp","href":"https:\/\/api.w.org\/{rel}","templated":true}]}}