{"id":440718,"date":"2026-09-06T11:49:07","date_gmt":"2026-09-06T10:49:07","guid":{"rendered":"https:\/\/agencia.ecclesia.pt\/portal\/?p=440718"},"modified":"2026-09-06T11:49:07","modified_gmt":"2026-09-06T10:49:07","slug":"igreja-patriarca-de-lisboa-desafia-comunidades-catolicas-a-promover-unidade-e-combater-indiferenca","status":"publish","type":"post","link":"https:\/\/agencia.ecclesia.pt\/portal\/igreja-patriarca-de-lisboa-desafia-comunidades-catolicas-a-promover-unidade-e-combater-indiferenca\/","title":{"rendered":"Igreja: Patriarca de Lisboa desafia comunidades cat\u00f3licas a promover unidade e combater indiferen\u00e7a"},"content":{"rendered":"<p><em>D. Rui Val\u00e9rio presidiu \u00e0 Missa dominical no Santu\u00e1rio de F\u00e1tima, que acolheu 52.\u00ba Encontro Nacional dos Conv\u00edvios Fraternos<\/em><!--more--><\/p>\n<p><img fetchpriority=\"high\" decoding=\"async\" class=\"alignnone wp-image-440719 size-full\" src=\"https:\/\/agencia.ecclesia.pt\/portal\/wp-content\/uploads\/2026\/09\/488888347_2586748031716409_5248130636459123086_n.jpg\" alt=\"\" width=\"1900\" height=\"1176\" srcset=\"https:\/\/agencia.ecclesia.pt\/portal\/wp-content\/uploads\/2026\/09\/488888347_2586748031716409_5248130636459123086_n.jpg 1900w, https:\/\/agencia.ecclesia.pt\/portal\/wp-content\/uploads\/2026\/09\/488888347_2586748031716409_5248130636459123086_n-400x248.jpg 400w, https:\/\/agencia.ecclesia.pt\/portal\/wp-content\/uploads\/2026\/09\/488888347_2586748031716409_5248130636459123086_n-1024x634.jpg 1024w, https:\/\/agencia.ecclesia.pt\/portal\/wp-content\/uploads\/2026\/09\/488888347_2586748031716409_5248130636459123086_n-768x475.jpg 768w, https:\/\/agencia.ecclesia.pt\/portal\/wp-content\/uploads\/2026\/09\/488888347_2586748031716409_5248130636459123086_n-1536x951.jpg 1536w\" sizes=\"(max-width: 1900px) 100vw, 1900px\" \/><\/p>\n<p>F\u00e1tima, 06 set 2026 (Ecclesia) \u2013 O patriarca de Lisboa presidiu hoje \u00e0 Missa de encerramento do 52.\u00ba Encontro Nacional dos Conv\u00edvios Fraternos, no Santu\u00e1rio de F\u00e1tima, apelando a uma atitude mission\u00e1ria e de servi\u00e7o \u00e0 unidade, na Igreja e na sociedade.<\/p>\n<p>\u201cN\u00e3o basta estarmos juntos para estarmos unidos, e n\u00e3o basta fazermos muitas coisas para estarmos verdadeiramente ao servi\u00e7o. A unidade crist\u00e3 n\u00e3o nasce apenas da simpatia, da afinidade ou da amizade; nasce de Cristo&#8221;, alertou D. Rui Val\u00e9rio na homilia da celebra\u00e7\u00e3o dominical, que reuniu milhares de pessoas no recinto de ora\u00e7\u00e3o da Cova da Iria.<\/p>\n<p>O presidente da celebra\u00e7\u00e3o advertiu a assembleia que &#8220;o servi\u00e7o crist\u00e3o n\u00e3o \u00e9 ativismo, nem protagonismo, nem mera disponibilidade humana&#8221;.<\/p>\n<p>\u201cO crist\u00e3o n\u00e3o pode viver fechado na sua salva\u00e7\u00e3o individual, como se a f\u00e9 fosse apenas um espa\u00e7o privado de conforto\u201d, apontou, acrescentando que \u201cquem encontrou Cristo recebe tamb\u00e9m uma responsabilidade pelos irm\u00e3os&#8221;.<\/p>\n<blockquote><p>Se Cristo foi encontrado, ent\u00e3o alguma coisa tem de mudar na maneira como se vive, como se ama, como se serve e como se olha o mundo. A experi\u00eancia crist\u00e3 s\u00f3 \u00e9 completa quando se torna envio.\u201d<\/p><\/blockquote>\n<p>O patriarca de Lisboa refletiu sobre o lema do encontro deste ano, \u2018Unidos para Servir\u2019, assinalando a import\u00e2ncia de combater a indiferen\u00e7a, a fim de garantir que &#8220;ningu\u00e9m fique sozinho&#8221;.<\/p>\n<p>Abordando o Evangelho do dia centrado na corre\u00e7\u00e3o fraterna, D. Rui Val\u00e9rio pediu &#8220;uma fraternidade que tem a coragem da verdade&#8221;, esclarecendo que essa frontalidade deve ser &#8220;uma verdade dita para salvar a rela\u00e7\u00e3o, nunca para destruir o outro&#8221;.<\/p>\n<p>&#8220;O mission\u00e1rio n\u00e3o \u00e9 algu\u00e9m que fala de cima para baixo; \u00e9 algu\u00e9m que se aproxima&#8221;, apontou o patriarca, destacando que a evangeliza\u00e7\u00e3o aut\u00eantica exige &#8220;a capacidade de escutar&#8221; e &#8220;a fidelidade de quem permanece quando seria mais f\u00e1cil partir&#8221;.<\/p>\n<p>A interven\u00e7\u00e3o encerrou-se com um apelo direto ao trabalho mission\u00e1rio, exortando os crist\u00e3os a n\u00e3o terem medo de partir porque &#8220;a miss\u00e3o come\u00e7a sempre com rostos concretos&#8221;, seja perante um jovem que &#8220;perdeu o sentido da vida&#8221;, uma fam\u00edlia que &#8220;precisa de apoio&#8221; ou algu\u00e9m que se &#8220;afastou da f\u00e9&#8221;.<\/p>\n<p>A\u201d comunidade crist\u00e3 n\u00e3o existe para se contemplar a si pr\u00f3pria, mas para se deixar enviar. Uma Igreja que apenas se re\u00fane, mas n\u00e3o parte, corre o risco de se tornar est\u00e9ril. Uma comunidade que apenas se protege, mas n\u00e3o serve, esquece o Evangelho\u201d, apontou.<\/p>\n<p>A 52.\u00aa edi\u00e7\u00e3o do Encontro Nacional dos Conv\u00edvios Fraternos reuniu, desde s\u00e1bado, participantes de v\u00e1rias dioceses na Cova da Iria, intercalando momentos no Centro Pastoral Paulo VI e nos espa\u00e7os dos Mission\u00e1rios da Consolata.<\/p>\n<p>O movimento de pastoral juvenil, focado no primeiro an\u00fancio atrav\u00e9s de um retiro de tr\u00eas dias em regime de internato, foi fundado em maio de 1968, em Castelo Branco, pelo padre Valente de Matos.<\/p>\n<p>O patriarca de Lisboa desejou que este 52.\u00ba Encontro Nacional seja mais do que \u201cum belo momento na hist\u00f3ria dos Conv\u00edvios Fraternos\u201d, apontando a \u201cum novo come\u00e7o\u201d.<\/p>\n<p>\u201cQue daqui saiam comunidades mais vivas, cora\u00e7\u00f5es mais dispon\u00edveis e disc\u00edpulos mais mission\u00e1rios. Porque o mundo n\u00e3o precisa apenas de crist\u00e3os reunidos. Precisa, sobretudo, de crist\u00e3os unidos para servir\u201d, concluiu.<\/p>\n<p><em>OC<\/em><\/p>\n","protected":false},"excerpt":{"rendered":"<p>D. Rui Val\u00e9rio presidiu \u00e0 Missa dominical no Santu\u00e1rio de F\u00e1tima, que acolheu 52.\u00ba Encontro Nacional dos Conv\u00edvios Fraternos<\/p>\n","protected":false},"author":2,"featured_media":440719,"comment_status":"closed","ping_status":"closed","sticky":false,"template":"","format":"standard","meta":{"site-sidebar-layout":"default","site-content-layout":"","ast-site-content-layout":"default","site-content-style":"default","site-sidebar-style":"default","ast-global-header-display":"","ast-banner-title-visibility":"","ast-main-header-display":"","ast-hfb-above-header-display":"","ast-hfb-below-header-display":"","ast-hfb-mobile-header-display":"","site-post-title":"","ast-breadcrumbs-content":"","ast-featured-img":"","footer-sml-layout":"","ast-disable-related-posts":"","theme-transparent-header-meta":"default","adv-header-id-meta":"","stick-header-meta":"default","header-above-stick-meta":"","header-main-stick-meta":"","header-below-stick-meta":"","astra-migrate-meta-layouts":"set","ast-page-background-enabled":"default","ast-page-background-meta":{"desktop":{"background-color":"var(--ast-global-color-4)","background-image":"","background-repeat":"repeat","background-position":"center center","background-size":"auto","background-attachment":"scroll","background-type":"","background-media":"","overlay-type":"","overlay-color":"","overlay-opacity":"","overlay-gradient":""},"tablet":{"background-color":"","background-image":"","background-repeat":"repeat","background-position":"center center","background-size":"auto","background-attachment":"scroll","background-type":"","background-media":"","overlay-type":"","overlay-color":"","overlay-opacity":"","overlay-gradient":""},"mobile":{"background-color":"","background-image":"","background-repeat":"repeat","background-position":"center center","background-size":"auto","background-attachment":"scroll","background-type":"","background-media":"","overlay-type":"","overlay-color":"","overlay-opacity":"","overlay-gradient":""}},"ast-content-background-meta":{"desktop":{"background-color":"var(--ast-global-color-5)","background-image":"","background-repeat":"repeat","background-position":"center center","background-size":"auto","background-attachment":"scroll","background-type":"","background-media":"","overlay-type":"","overlay-color":"","overlay-opacity":"","overlay-gradient":""},"tablet":{"background-color":"var(--ast-global-color-5)","background-image":"","background-repeat":"repeat","background-position":"center center","background-size":"auto","background-attachment":"scroll","background-type":"","background-media":"","overlay-type":"","overlay-color":"","overlay-opacity":"","overlay-gradient":""},"mobile":{"background-color":"var(--ast-global-color-5)","background-image":"","background-repeat":"repeat","background-position":"center center","background-size":"auto","background-attachment":"scroll","background-type":"","background-media":"","overlay-type":"","overlay-color":"","overlay-opacity":"","overlay-gradient":""}},"footnotes":""},"categories":[1019,3],"tags":[150,207],"class_list":["post-440718","post","type-post","status-publish","format-standard","has-post-thumbnail","hentry","category-manchete-ultimas","category-nacional","tag-convivios-fraternos","tag-fatima"],"_links":{"self":[{"href":"https:\/\/agencia.ecclesia.pt\/portal\/wp-json\/wp\/v2\/posts\/440718","targetHints":{"allow":["GET"]}}],"collection":[{"href":"https:\/\/agencia.ecclesia.pt\/portal\/wp-json\/wp\/v2\/posts"}],"about":[{"href":"https:\/\/agencia.ecclesia.pt\/portal\/wp-json\/wp\/v2\/types\/post"}],"author":[{"embeddable":true,"href":"https:\/\/agencia.ecclesia.pt\/portal\/wp-json\/wp\/v2\/users\/2"}],"replies":[{"embeddable":true,"href":"https:\/\/agencia.ecclesia.pt\/portal\/wp-json\/wp\/v2\/comments?post=440718"}],"version-history":[{"count":1,"href":"https:\/\/agencia.ecclesia.pt\/portal\/wp-json\/wp\/v2\/posts\/440718\/revisions"}],"predecessor-version":[{"id":440721,"href":"https:\/\/agencia.ecclesia.pt\/portal\/wp-json\/wp\/v2\/posts\/440718\/revisions\/440721"}],"wp:featuredmedia":[{"embeddable":true,"href":"https:\/\/agencia.ecclesia.pt\/portal\/wp-json\/wp\/v2\/media\/440719"}],"wp:attachment":[{"href":"https:\/\/agencia.ecclesia.pt\/portal\/wp-json\/wp\/v2\/media?parent=440718"}],"wp:term":[{"taxonomy":"category","embeddable":true,"href":"https:\/\/agencia.ecclesia.pt\/portal\/wp-json\/wp\/v2\/categories?post=440718"},{"taxonomy":"post_tag","embeddable":true,"href":"https:\/\/agencia.ecclesia.pt\/portal\/wp-json\/wp\/v2\/tags?post=440718"}],"curies":[{"name":"wp","href":"https:\/\/api.w.org\/{rel}","templated":true}]}}