{"id":440703,"date":"2026-09-06T11:26:07","date_gmt":"2026-09-06T10:26:07","guid":{"rendered":"https:\/\/agencia.ecclesia.pt\/portal\/?p=440703"},"modified":"2026-09-06T11:49:26","modified_gmt":"2026-09-06T10:49:26","slug":"vaticano-papa-apela-a-paz-na-ucrania-e-apoia-nova-tentativa-de-negociacao-diplomatica","status":"publish","type":"post","link":"https:\/\/agencia.ecclesia.pt\/portal\/vaticano-papa-apela-a-paz-na-ucrania-e-apoia-nova-tentativa-de-negociacao-diplomatica\/","title":{"rendered":"Vaticano: Papa apela \u00e0 paz na Ucr\u00e2nia e apoia nova tentativa de negocia\u00e7\u00e3o diplom\u00e1tica"},"content":{"rendered":"<p><em>Le\u00e3o XIV condena intensifica\u00e7\u00e3o de ataques contra cidades e infraestruturas<\/em><!--more--><\/p>\n<figure id=\"attachment_334602\" aria-describedby=\"caption-attachment-334602\" style=\"width: 1920px\" class=\"wp-caption alignnone\"><img fetchpriority=\"high\" decoding=\"async\" class=\"wp-image-334602 size-full\" src=\"https:\/\/agencia.ecclesia.pt\/portal\/wp-content\/uploads\/2024\/07\/DOC.20240719.43241001.11486988.jpg\" alt=\"\" width=\"1920\" height=\"1230\" srcset=\"https:\/\/agencia.ecclesia.pt\/portal\/wp-content\/uploads\/2024\/07\/DOC.20240719.43241001.11486988.jpg 1920w, https:\/\/agencia.ecclesia.pt\/portal\/wp-content\/uploads\/2024\/07\/DOC.20240719.43241001.11486988-400x256.jpg 400w, https:\/\/agencia.ecclesia.pt\/portal\/wp-content\/uploads\/2024\/07\/DOC.20240719.43241001.11486988-1024x656.jpg 1024w, https:\/\/agencia.ecclesia.pt\/portal\/wp-content\/uploads\/2024\/07\/DOC.20240719.43241001.11486988-768x492.jpg 768w, https:\/\/agencia.ecclesia.pt\/portal\/wp-content\/uploads\/2024\/07\/DOC.20240719.43241001.11486988-1536x984.jpg 1536w\" sizes=\"(max-width: 1920px) 100vw, 1920px\" \/><figcaption id=\"caption-attachment-334602\" class=\"wp-caption-text\">Foto: Lusa\/EPA<\/figcaption><\/figure>\n<p>Cidade do Vaticano, 06 set 2026 (Ecclesia) \u2013 O Papa lamentou hoje as recentes investidas militares da R\u00fassia contra a Ucr\u00e2nia, saudando os esfor\u00e7os de di\u00e1logo que est\u00e3o a ser levados a cabo pela administra\u00e7\u00e3o norte-americana.<\/p>\n<p>&#8220;Foi com o cora\u00e7\u00e3o entristecido que acompanhei as not\u00edcias dos violentos ataques que atingiram recentemente v\u00e1rias cidades e infraestruturas civis na Ucr\u00e2nia, causando a morte de pessoas inocentes&#8221;, declarou Le\u00e3o XIV, aos reunidos na Pra\u00e7a de S\u00e3o Pedro, ap\u00f3s a recita\u00e7\u00e3o do \u00e2ngelus.<\/p>\n<p>O pont\u00edfice expressou a sua proximidade perante o &#8220;sofrimento da popula\u00e7\u00e3o que, h\u00e1 anos, vive na ang\u00fastia e no medo&#8221;, pedindo publicamente que se \u201cponha fim \u00e0 viol\u00eancia, se pare a destrui\u00e7\u00e3o e se abram os cora\u00e7\u00f5es ao di\u00e1logo e \u00e0 paz&#8221;.<\/p>\n<p>&#8220;Espero que os esfor\u00e7os empreendidos nestes dias para retomar as negocia\u00e7\u00f5es tragam frutos concretos e abram espa\u00e7o \u00e0 diplomacia&#8221;, acrescentou.<\/p>\n<p>As palavras de Le\u00e3o XIV acontecem ap\u00f3s a chegada a Moscovo, este s\u00e1bado, dos &#8220;enviados norte-americanos Steve Witkoff e Jared Kushner&#8221;, no \u00e2mbito de uma miss\u00e3o de media\u00e7\u00e3o confirmada na sexta-feira pelo presidente dos EUA, Donald Trump.<\/p>\n<p>A R\u00fassia intensificou nos \u00faltimos meses os ataques contra a Ucr\u00e2nia, que invadiu em fevereiro de 2022.<\/p>\n<p>A interven\u00e7\u00e3o papal encerrou-se com um apelo \u00e0s comunidades cat\u00f3licas.<\/p>\n<p>\u201cElevemos a nossa ora\u00e7\u00e3o ao Senhor, para que prevale\u00e7a a conc\u00f3rdia em todos os conflitos do mundo\u201d, pediu Le\u00e3o XIV, antes de despedir dos peregrinos presentes no Vaticano.<\/p>\n<p><em>OC<\/em><\/p>\n","protected":false},"excerpt":{"rendered":"<p>Le\u00e3o XIV condena intensifica\u00e7\u00e3o de ataques contra cidades e infraestruturas<\/p>\n","protected":false},"author":2,"featured_media":334602,"comment_status":"closed","ping_status":"closed","sticky":false,"template":"","format":"standard","meta":{"site-sidebar-layout":"default","site-content-layout":"","ast-site-content-layout":"default","site-content-style":"default","site-sidebar-style":"default","ast-global-header-display":"","ast-banner-title-visibility":"","ast-main-header-display":"","ast-hfb-above-header-display":"","ast-hfb-below-header-display":"","ast-hfb-mobile-header-display":"","site-post-title":"","ast-breadcrumbs-content":"","ast-featured-img":"","footer-sml-layout":"","ast-disable-related-posts":"","theme-transparent-header-meta":"default","adv-header-id-meta":"","stick-header-meta":"default","header-above-stick-meta":"","header-main-stick-meta":"","header-below-stick-meta":"","astra-migrate-meta-layouts":"set","ast-page-background-enabled":"default","ast-page-background-meta":{"desktop":{"background-color":"var(--ast-global-color-4)","background-image":"","background-repeat":"repeat","background-position":"center center","background-size":"auto","background-attachment":"scroll","background-type":"","background-media":"","overlay-type":"","overlay-color":"","overlay-opacity":"","overlay-gradient":""},"tablet":{"background-color":"","background-image":"","background-repeat":"repeat","background-position":"center center","background-size":"auto","background-attachment":"scroll","background-type":"","background-media":"","overlay-type":"","overlay-color":"","overlay-opacity":"","overlay-gradient":""},"mobile":{"background-color":"","background-image":"","background-repeat":"repeat","background-position":"center center","background-size":"auto","background-attachment":"scroll","background-type":"","background-media":"","overlay-type":"","overlay-color":"","overlay-opacity":"","overlay-gradient":""}},"ast-content-background-meta":{"desktop":{"background-color":"var(--ast-global-color-5)","background-image":"","background-repeat":"repeat","background-position":"center center","background-size":"auto","background-attachment":"scroll","background-type":"","background-media":"","overlay-type":"","overlay-color":"","overlay-opacity":"","overlay-gradient":""},"tablet":{"background-color":"var(--ast-global-color-5)","background-image":"","background-repeat":"repeat","background-position":"center center","background-size":"auto","background-attachment":"scroll","background-type":"","background-media":"","overlay-type":"","overlay-color":"","overlay-opacity":"","overlay-gradient":""},"mobile":{"background-color":"var(--ast-global-color-5)","background-image":"","background-repeat":"repeat","background-position":"center center","background-size":"auto","background-attachment":"scroll","background-type":"","background-media":"","overlay-type":"","overlay-color":"","overlay-opacity":"","overlay-gradient":""}},"footnotes":""},"categories":[1020,5],"tags":[974,631],"class_list":["post-440703","post","type-post","status-publish","format-standard","has-post-thumbnail","hentry","category-manchete-ultimas2","category-vaticano","tag-leao-xiv","tag-ucrania"],"_links":{"self":[{"href":"https:\/\/agencia.ecclesia.pt\/portal\/wp-json\/wp\/v2\/posts\/440703","targetHints":{"allow":["GET"]}}],"collection":[{"href":"https:\/\/agencia.ecclesia.pt\/portal\/wp-json\/wp\/v2\/posts"}],"about":[{"href":"https:\/\/agencia.ecclesia.pt\/portal\/wp-json\/wp\/v2\/types\/post"}],"author":[{"embeddable":true,"href":"https:\/\/agencia.ecclesia.pt\/portal\/wp-json\/wp\/v2\/users\/2"}],"replies":[{"embeddable":true,"href":"https:\/\/agencia.ecclesia.pt\/portal\/wp-json\/wp\/v2\/comments?post=440703"}],"version-history":[{"count":2,"href":"https:\/\/agencia.ecclesia.pt\/portal\/wp-json\/wp\/v2\/posts\/440703\/revisions"}],"predecessor-version":[{"id":440712,"href":"https:\/\/agencia.ecclesia.pt\/portal\/wp-json\/wp\/v2\/posts\/440703\/revisions\/440712"}],"wp:featuredmedia":[{"embeddable":true,"href":"https:\/\/agencia.ecclesia.pt\/portal\/wp-json\/wp\/v2\/media\/334602"}],"wp:attachment":[{"href":"https:\/\/agencia.ecclesia.pt\/portal\/wp-json\/wp\/v2\/media?parent=440703"}],"wp:term":[{"taxonomy":"category","embeddable":true,"href":"https:\/\/agencia.ecclesia.pt\/portal\/wp-json\/wp\/v2\/categories?post=440703"},{"taxonomy":"post_tag","embeddable":true,"href":"https:\/\/agencia.ecclesia.pt\/portal\/wp-json\/wp\/v2\/tags?post=440703"}],"curies":[{"name":"wp","href":"https:\/\/api.w.org\/{rel}","templated":true}]}}