{"id":440700,"date":"2026-09-06T11:07:42","date_gmt":"2026-09-06T10:07:42","guid":{"rendered":"https:\/\/agencia.ecclesia.pt\/portal\/?p=440700"},"modified":"2026-09-06T11:07:42","modified_gmt":"2026-09-06T10:07:42","slug":"vaticano-papa-exorta-cristaos-a-deixar-de-lado-as-queixas-e-as-calunias-promovendo-correcao-fraterna","status":"publish","type":"post","link":"https:\/\/agencia.ecclesia.pt\/portal\/vaticano-papa-exorta-cristaos-a-deixar-de-lado-as-queixas-e-as-calunias-promovendo-correcao-fraterna\/","title":{"rendered":"Vaticano: Papa exorta crist\u00e3os a deixar de lado \u00abas queixas e as cal\u00fanias\u00bb, promovendo corre\u00e7\u00e3o fraterna"},"content":{"rendered":"<p><em>Le\u00e3o XIV defende comunidades fraternas, para superar problemas e conflitos<\/em><!--more--><\/p>\n<figure id=\"attachment_436986\" aria-describedby=\"caption-attachment-436986\" style=\"width: 1280px\" class=\"wp-caption alignnone\"><img fetchpriority=\"high\" decoding=\"async\" class=\"wp-image-436986 size-full\" src=\"https:\/\/agencia.ecclesia.pt\/portal\/wp-content\/uploads\/2026\/08\/papa_angelus_VM.jpeg\" alt=\"\" width=\"1280\" height=\"844\" srcset=\"https:\/\/agencia.ecclesia.pt\/portal\/wp-content\/uploads\/2026\/08\/papa_angelus_VM.jpeg 1280w, https:\/\/agencia.ecclesia.pt\/portal\/wp-content\/uploads\/2026\/08\/papa_angelus_VM-400x264.jpeg 400w, https:\/\/agencia.ecclesia.pt\/portal\/wp-content\/uploads\/2026\/08\/papa_angelus_VM-1024x675.jpeg 1024w, https:\/\/agencia.ecclesia.pt\/portal\/wp-content\/uploads\/2026\/08\/papa_angelus_VM-768x506.jpeg 768w\" sizes=\"(max-width: 1280px) 100vw, 1280px\" \/><figcaption id=\"caption-attachment-436986\" class=\"wp-caption-text\">Foto: Vatican Media<\/figcaption><\/figure>\n<p>Cidade do Vaticano, 06 set 2026 (Ecclesia) \u2013 O Papa apelou hoje, no Vaticano, para que os cat\u00f3licos assumam o compromisso do perd\u00e3o e rejeitem as \u201ccal\u00fanias\u201d, atrav\u00e9s da pr\u00e1tica da corre\u00e7\u00e3o fraterna comunit\u00e1ria.<\/p>\n<p>\u201cAs queixas e as cal\u00fanias s\u00e3o mais f\u00e1ceis, mas n\u00e3o produzem nada e paralisam muitas situa\u00e7\u00f5es. O Evangelho, pelo contr\u00e1rio, educa-nos para a liberdade, na caridade\u201d, advertiu Le\u00e3o XIV, a partir da janela do Pal\u00e1cio Apost\u00f3lico, antes da ora\u00e7\u00e3o do \u00e2ngelus.<\/p>\n<p>Perante os peregrinos reunidos na Pra\u00e7a de S\u00e3o Pedro, o pont\u00edfice real\u00e7ou que o Evangelho ensina a praticar a \u201cremiss\u00e3o das d\u00edvidas\u201d, falando numa \u201cd\u00edvida do amor m\u00fatuo&#8221; e nas import\u00e2ncia da \u201ccorre\u00e7\u00e3o fraterna\u201d.<\/p>\n<blockquote><p>Falar uns com os outros com sinceridade \u2013 primeiro a s\u00f3s; depois, se necess\u00e1rio, com mais duas ou tr\u00eas pessoas; e, por fim, quando for preciso, com toda a comunidade \u2013 significa enfrentar a realidade e transformar problemas e conflitos em oportunidades de crescimento.\u201d<\/p><\/blockquote>\n<p>O Papa indicou uma segunda forma de exercer este discernimento, o esfor\u00e7o de \u201cchegar a um acordo\u201d para sintonizar \u201cdesejos comuns, dores comuns, esperan\u00e7as comuns e, atrav\u00e9s da ora\u00e7\u00e3o, crescer na unidade&#8221;.<\/p>\n<p>\u201cSem f\u00e9, cada um poderia sentir-se sozinho e desconfiar dos outros, vendo-os como estranhos e inimigos. Pela gra\u00e7a, somos, pelo contr\u00e1rio, irm\u00e3os e irm\u00e3s que podem estar unidos: encontrando-nos, perdoando-nos e ouvindo-nos uns aos outros no Senhor\u201d, precisou.<\/p>\n<p>A reflex\u00e3o dominical concluiu com uma invoca\u00e7\u00e3o \u00e0 Virgem Maria para que &#8220;ensine a d\u00edvida alegre do amor fraterno&#8221;, recordando a atitude de quem se apressou a ir ter com a prima Isabel &#8220;para partilhar a alegria e o cansa\u00e7o da gravidez&#8221;.<\/p>\n<p><em>OC<\/em><\/p>\n","protected":false},"excerpt":{"rendered":"<p>Le\u00e3o XIV defende comunidades fraternas, para superar problemas e conflitos<\/p>\n","protected":false},"author":2,"featured_media":436986,"comment_status":"closed","ping_status":"closed","sticky":false,"template":"","format":"standard","meta":{"site-sidebar-layout":"default","site-content-layout":"","ast-site-content-layout":"default","site-content-style":"default","site-sidebar-style":"default","ast-global-header-display":"","ast-banner-title-visibility":"","ast-main-header-display":"","ast-hfb-above-header-display":"","ast-hfb-below-header-display":"","ast-hfb-mobile-header-display":"","site-post-title":"","ast-breadcrumbs-content":"","ast-featured-img":"","footer-sml-layout":"","ast-disable-related-posts":"","theme-transparent-header-meta":"default","adv-header-id-meta":"","stick-header-meta":"default","header-above-stick-meta":"","header-main-stick-meta":"","header-below-stick-meta":"","astra-migrate-meta-layouts":"set","ast-page-background-enabled":"default","ast-page-background-meta":{"desktop":{"background-color":"var(--ast-global-color-4)","background-image":"","background-repeat":"repeat","background-position":"center center","background-size":"auto","background-attachment":"scroll","background-type":"","background-media":"","overlay-type":"","overlay-color":"","overlay-opacity":"","overlay-gradient":""},"tablet":{"background-color":"","background-image":"","background-repeat":"repeat","background-position":"center center","background-size":"auto","background-attachment":"scroll","background-type":"","background-media":"","overlay-type":"","overlay-color":"","overlay-opacity":"","overlay-gradient":""},"mobile":{"background-color":"","background-image":"","background-repeat":"repeat","background-position":"center center","background-size":"auto","background-attachment":"scroll","background-type":"","background-media":"","overlay-type":"","overlay-color":"","overlay-opacity":"","overlay-gradient":""}},"ast-content-background-meta":{"desktop":{"background-color":"var(--ast-global-color-5)","background-image":"","background-repeat":"repeat","background-position":"center center","background-size":"auto","background-attachment":"scroll","background-type":"","background-media":"","overlay-type":"","overlay-color":"","overlay-opacity":"","overlay-gradient":""},"tablet":{"background-color":"var(--ast-global-color-5)","background-image":"","background-repeat":"repeat","background-position":"center center","background-size":"auto","background-attachment":"scroll","background-type":"","background-media":"","overlay-type":"","overlay-color":"","overlay-opacity":"","overlay-gradient":""},"mobile":{"background-color":"var(--ast-global-color-5)","background-image":"","background-repeat":"repeat","background-position":"center center","background-size":"auto","background-attachment":"scroll","background-type":"","background-media":"","overlay-type":"","overlay-color":"","overlay-opacity":"","overlay-gradient":""}},"footnotes":""},"categories":[56,5],"tags":[974],"class_list":["post-440700","post","type-post","status-publish","format-standard","has-post-thumbnail","hentry","category-destaque","category-vaticano","tag-leao-xiv"],"_links":{"self":[{"href":"https:\/\/agencia.ecclesia.pt\/portal\/wp-json\/wp\/v2\/posts\/440700","targetHints":{"allow":["GET"]}}],"collection":[{"href":"https:\/\/agencia.ecclesia.pt\/portal\/wp-json\/wp\/v2\/posts"}],"about":[{"href":"https:\/\/agencia.ecclesia.pt\/portal\/wp-json\/wp\/v2\/types\/post"}],"author":[{"embeddable":true,"href":"https:\/\/agencia.ecclesia.pt\/portal\/wp-json\/wp\/v2\/users\/2"}],"replies":[{"embeddable":true,"href":"https:\/\/agencia.ecclesia.pt\/portal\/wp-json\/wp\/v2\/comments?post=440700"}],"version-history":[{"count":1,"href":"https:\/\/agencia.ecclesia.pt\/portal\/wp-json\/wp\/v2\/posts\/440700\/revisions"}],"predecessor-version":[{"id":440702,"href":"https:\/\/agencia.ecclesia.pt\/portal\/wp-json\/wp\/v2\/posts\/440700\/revisions\/440702"}],"wp:featuredmedia":[{"embeddable":true,"href":"https:\/\/agencia.ecclesia.pt\/portal\/wp-json\/wp\/v2\/media\/436986"}],"wp:attachment":[{"href":"https:\/\/agencia.ecclesia.pt\/portal\/wp-json\/wp\/v2\/media?parent=440700"}],"wp:term":[{"taxonomy":"category","embeddable":true,"href":"https:\/\/agencia.ecclesia.pt\/portal\/wp-json\/wp\/v2\/categories?post=440700"},{"taxonomy":"post_tag","embeddable":true,"href":"https:\/\/agencia.ecclesia.pt\/portal\/wp-json\/wp\/v2\/tags?post=440700"}],"curies":[{"name":"wp","href":"https:\/\/api.w.org\/{rel}","templated":true}]}}