{"id":440694,"date":"2026-09-06T10:56:36","date_gmt":"2026-09-06T09:56:36","guid":{"rendered":"https:\/\/agencia.ecclesia.pt\/portal\/?p=440694"},"modified":"2026-09-06T11:37:12","modified_gmt":"2026-09-06T10:37:12","slug":"cabo-verde-diocese-de-santiago-manifesta-profunda-tristeza-por-acidente-com-autocarro-na-ilha-do-fogo","status":"publish","type":"post","link":"https:\/\/agencia.ecclesia.pt\/portal\/cabo-verde-diocese-de-santiago-manifesta-profunda-tristeza-por-acidente-com-autocarro-na-ilha-do-fogo\/","title":{"rendered":"Cabo Verde: Diocese de Santiago manifesta \u00abprofunda tristeza\u00bb por acidente com autocarro na ilha do Fogo"},"content":{"rendered":"<p><em>Trag\u00e9dia fez mais de 20 mortos<\/em><!--more--><\/p>\n<figure id=\"attachment_440713\" aria-describedby=\"caption-attachment-440713\" style=\"width: 900px\" class=\"wp-caption aligncenter\"><img fetchpriority=\"high\" decoding=\"async\" class=\"wp-image-440713 size-full\" src=\"https:\/\/agencia.ecclesia.pt\/portal\/wp-content\/uploads\/2026\/09\/bandeira_cabo_verde.jpg\" alt=\"\" width=\"900\" height=\"600\" srcset=\"https:\/\/agencia.ecclesia.pt\/portal\/wp-content\/uploads\/2026\/09\/bandeira_cabo_verde.jpg 900w, https:\/\/agencia.ecclesia.pt\/portal\/wp-content\/uploads\/2026\/09\/bandeira_cabo_verde-400x267.jpg 400w, https:\/\/agencia.ecclesia.pt\/portal\/wp-content\/uploads\/2026\/09\/bandeira_cabo_verde-768x512.jpg 768w, https:\/\/agencia.ecclesia.pt\/portal\/wp-content\/uploads\/2026\/09\/bandeira_cabo_verde-391x260.jpg 391w\" sizes=\"(max-width: 900px) 100vw, 900px\" \/><figcaption id=\"caption-attachment-440713\" class=\"wp-caption-text\">Foto: Lusa\/EPA<\/figcaption><\/figure>\n<p>Praia, 06 set 2026 (Ecclesia) \u2013 A Diocese de Santiago, em Cabo Verde, reagiu com &#8220;profunda tristeza e consterna\u00e7\u00e3o&#8221; ao acidente de via\u00e7\u00e3o ocorrido na ilha do Fogo, que provocou mais de duas dezenas de mortos, entre os quais v\u00e1rios membros de estruturas eclesiais locais.<\/p>\n<p>&#8220;Entre os passageiros encontravam-se ac\u00f3litos, catequistas e membros de grupos corais&#8221;, detalhou um comunicado diocesano, rogando para que as fam\u00edlias enlutadas &#8220;encontrem no amor de Deus conforto, esperan\u00e7a e consola\u00e7\u00e3o&#8221;.<\/p>\n<p>A comunidade cat\u00f3lica declarou que se une \u201cem ora\u00e7\u00e3o e solidariedade, \u00e0s fam\u00edlias das v\u00edtimas, aos feridos, \u00e0s comunidades paroquiais da ilha do Fogo&#8221;, estendendo o seu apoio espiritual a todos os que se encontram envolvidos nas &#8220;opera\u00e7\u00f5es de socorro e resgate&#8221;.<\/p>\n<p>O sinistro ocorreu na localidade de Campanas de Cima, quando o ve\u00edculo que &#8220;transportava alunos num passeio&#8221; saiu da faixa de rodagem e caiu de &#8220;uma altura de cerca de 30 metros&#8221;, informou a C\u00e2mara Municipal de S\u00e3o Filipe.<\/p>\n<p>A autarquia declarou dois dias de luto municipal e garantiu a manuten\u00e7\u00e3o de &#8220;uma equipa no local, em articula\u00e7\u00e3o com a Delegacia de Sa\u00fade, a Pol\u00edcia Nacional, os Bombeiros Municipais Volunt\u00e1rios&#8221;, visando &#8220;prestar assist\u00eancia \u00e0s v\u00edtimas e aos familiares&#8221;.<\/p>\n<p>O presidente da Rep\u00fablica de Cabo Verde, Jos\u00e9 Maria Neves, apresentou as condol\u00eancias institucionais e desejou uma &#8220;r\u00e1pida recupera\u00e7\u00e3o aos feridos&#8221;, enquanto o primeiro-ministro, Francisco Carvalho, manifestou &#8220;o pesar do Governo pela perda de vidas no acidente&#8221;.<\/p>\n<p><em>OC<\/em><\/p>\n","protected":false},"excerpt":{"rendered":"<p>Trag\u00e9dia fez mais de 20 mortos<\/p>\n","protected":false},"author":2,"featured_media":440695,"comment_status":"closed","ping_status":"closed","sticky":false,"template":"","format":"standard","meta":{"site-sidebar-layout":"default","site-content-layout":"","ast-site-content-layout":"default","site-content-style":"default","site-sidebar-style":"default","ast-global-header-display":"","ast-banner-title-visibility":"","ast-main-header-display":"","ast-hfb-above-header-display":"","ast-hfb-below-header-display":"","ast-hfb-mobile-header-display":"","site-post-title":"","ast-breadcrumbs-content":"","ast-featured-img":"","footer-sml-layout":"","ast-disable-related-posts":"","theme-transparent-header-meta":"default","adv-header-id-meta":"","stick-header-meta":"default","header-above-stick-meta":"","header-main-stick-meta":"","header-below-stick-meta":"","astra-migrate-meta-layouts":"set","ast-page-background-enabled":"default","ast-page-background-meta":{"desktop":{"background-color":"var(--ast-global-color-4)","background-image":"","background-repeat":"repeat","background-position":"center center","background-size":"auto","background-attachment":"scroll","background-type":"","background-media":"","overlay-type":"","overlay-color":"","overlay-opacity":"","overlay-gradient":""},"tablet":{"background-color":"","background-image":"","background-repeat":"repeat","background-position":"center center","background-size":"auto","background-attachment":"scroll","background-type":"","background-media":"","overlay-type":"","overlay-color":"","overlay-opacity":"","overlay-gradient":""},"mobile":{"background-color":"","background-image":"","background-repeat":"repeat","background-position":"center center","background-size":"auto","background-attachment":"scroll","background-type":"","background-media":"","overlay-type":"","overlay-color":"","overlay-opacity":"","overlay-gradient":""}},"ast-content-background-meta":{"desktop":{"background-color":"var(--ast-global-color-5)","background-image":"","background-repeat":"repeat","background-position":"center center","background-size":"auto","background-attachment":"scroll","background-type":"","background-media":"","overlay-type":"","overlay-color":"","overlay-opacity":"","overlay-gradient":""},"tablet":{"background-color":"var(--ast-global-color-5)","background-image":"","background-repeat":"repeat","background-position":"center center","background-size":"auto","background-attachment":"scroll","background-type":"","background-media":"","overlay-type":"","overlay-color":"","overlay-opacity":"","overlay-gradient":""},"mobile":{"background-color":"var(--ast-global-color-5)","background-image":"","background-repeat":"repeat","background-position":"center center","background-size":"auto","background-attachment":"scroll","background-type":"","background-media":"","overlay-type":"","overlay-color":"","overlay-opacity":"","overlay-gradient":""}},"footnotes":""},"categories":[1020,4],"tags":[123],"class_list":["post-440694","post","type-post","status-publish","format-standard","has-post-thumbnail","hentry","category-manchete-ultimas2","category-internacional","tag-cabo-verde"],"_links":{"self":[{"href":"https:\/\/agencia.ecclesia.pt\/portal\/wp-json\/wp\/v2\/posts\/440694","targetHints":{"allow":["GET"]}}],"collection":[{"href":"https:\/\/agencia.ecclesia.pt\/portal\/wp-json\/wp\/v2\/posts"}],"about":[{"href":"https:\/\/agencia.ecclesia.pt\/portal\/wp-json\/wp\/v2\/types\/post"}],"author":[{"embeddable":true,"href":"https:\/\/agencia.ecclesia.pt\/portal\/wp-json\/wp\/v2\/users\/2"}],"replies":[{"embeddable":true,"href":"https:\/\/agencia.ecclesia.pt\/portal\/wp-json\/wp\/v2\/comments?post=440694"}],"version-history":[{"count":2,"href":"https:\/\/agencia.ecclesia.pt\/portal\/wp-json\/wp\/v2\/posts\/440694\/revisions"}],"predecessor-version":[{"id":440715,"href":"https:\/\/agencia.ecclesia.pt\/portal\/wp-json\/wp\/v2\/posts\/440694\/revisions\/440715"}],"wp:featuredmedia":[{"embeddable":true,"href":"https:\/\/agencia.ecclesia.pt\/portal\/wp-json\/wp\/v2\/media\/440695"}],"wp:attachment":[{"href":"https:\/\/agencia.ecclesia.pt\/portal\/wp-json\/wp\/v2\/media?parent=440694"}],"wp:term":[{"taxonomy":"category","embeddable":true,"href":"https:\/\/agencia.ecclesia.pt\/portal\/wp-json\/wp\/v2\/categories?post=440694"},{"taxonomy":"post_tag","embeddable":true,"href":"https:\/\/agencia.ecclesia.pt\/portal\/wp-json\/wp\/v2\/tags?post=440694"}],"curies":[{"name":"wp","href":"https:\/\/api.w.org\/{rel}","templated":true}]}}