{"id":440690,"date":"2026-09-05T17:36:56","date_gmt":"2026-09-05T16:36:56","guid":{"rendered":"https:\/\/agencia.ecclesia.pt\/portal\/?p=440690"},"modified":"2026-09-05T17:36:56","modified_gmt":"2026-09-05T16:36:56","slug":"mocambique-bispos-exigem-respostas-das-autoridades-para-assassinato-sem-precedentes-de-d-osorio-citora-afonso","status":"publish","type":"post","link":"https:\/\/agencia.ecclesia.pt\/portal\/mocambique-bispos-exigem-respostas-das-autoridades-para-assassinato-sem-precedentes-de-d-osorio-citora-afonso\/","title":{"rendered":"Mo\u00e7ambique: Bispos exigem respostas das autoridades para \u00abassassinato sem precedentes\u00bb de D. Os\u00f3rio Citora Afonso"},"content":{"rendered":"<p><em>\u00abNada se sabe das autoridades competentes sobre o sucedido\u00bb, lamenta Confer\u00eancia Episcopal<\/em><!--more--><\/p>\n<figure id=\"attachment_429461\" aria-describedby=\"caption-attachment-429461\" style=\"width: 736px\" class=\"wp-caption aligncenter\"><img fetchpriority=\"high\" decoding=\"async\" class=\"wp-image-429461 size-full\" src=\"https:\/\/agencia.ecclesia.pt\/portal\/wp-content\/uploads\/2026\/06\/D_Osorio_Afonso.webp\" alt=\"\" width=\"736\" height=\"501\" srcset=\"https:\/\/agencia.ecclesia.pt\/portal\/wp-content\/uploads\/2026\/06\/D_Osorio_Afonso.webp 736w, https:\/\/agencia.ecclesia.pt\/portal\/wp-content\/uploads\/2026\/06\/D_Osorio_Afonso-400x272.webp 400w, https:\/\/agencia.ecclesia.pt\/portal\/wp-content\/uploads\/2026\/06\/D_Osorio_Afonso-474x324.webp 474w\" sizes=\"(max-width: 736px) 100vw, 736px\" \/><figcaption id=\"caption-attachment-429461\" class=\"wp-caption-text\">D. Os\u00f3rio Afonso<br \/>Foto: MIssion\u00e1rios da Consolata<\/figcaption><\/figure>\n<p>Matola, Mo\u00e7ambique, 05 set 2026 (Ecclesia) \u2013 A Confer\u00eancia Episcopal de Mo\u00e7ambique (CEM) encerrou uma assembleia plen\u00e1ria extraordin\u00e1ria exigindo explica\u00e7\u00f5es \u00e0s autoridades judici\u00e1rias sobre o homic\u00eddio de D. Os\u00f3rio Citora Afonso, , ocorrido h\u00e1 tr\u00eas meses.<\/p>\n<p>O bispo de Quelimane e administrador apost\u00f3lico da Beira, de 54 anos, foi morto a tiro a 6 de junho, na Casa Episcopal de Quelimane.<\/p>\n<p>A CEM lamenta que, apesar das dilig\u00eancias efetuadas, &#8220;nada se sabe das autoridades competentes sobre o sucedido&#8221;, classificando o crime que continua a fazer sofrer o povo como um &#8220;duro golpe no cora\u00e7\u00e3o da Igreja Cat\u00f3lica em Mo\u00e7ambique&#8221;.<\/p>\n<p>Os bispos cat\u00f3licos mo\u00e7ambicanos reuniram-se na Matola entre 2 e 4 de setembro para refletirem sobre a &#8220;morte violenta e injustificada&#8221; do prelado, assassinado no interior da sua pr\u00f3pria resid\u00eancia.<\/p>\n<p>O comunicado final da assembleia elenca as interroga\u00e7\u00f5es que ensombram a na\u00e7\u00e3o e as comunidades crist\u00e3s, questionando abertamente &#8220;quem matou exatamente Dom Os\u00f3rio&#8221;, bem como &#8220;quem foram os autores morais e materiais&#8221; e &#8220;quais seriam as motiva\u00e7\u00f5es do assassinato&#8221;.<\/p>\n<p>O episcopado encoraja a que &#8220;o esfor\u00e7o empreendido de busca da verdade desde o in\u00edcio pelas autoridades judici\u00e1rias n\u00e3o pare&#8221;, transformando-se num caminho de purifica\u00e7\u00e3o &#8220;capaz de ajudar a sarar esta ferida atroz&#8221;.<\/p>\n<p>O documento, assinado pelo arcebispo de Nampula e presidente da CEM, D. In\u00e1cio Saure, recorda o encontro de 3 de julho no Vaticano, onde o Papa Le\u00e3o XIV manifestou &#8220;a sua proximidade e interesse no esclarecimento das circunst\u00e2ncias e causas da morte&#8221;.<\/p>\n<p>A reuni\u00e3o extraordin\u00e1ria serviu igualmente para evocar o fim da &#8220;primeira gera\u00e7\u00e3o de bispos do p\u00f3s-independ\u00eancia&#8221;, prestando homenagem aos rec\u00e9m-falecidos D. Janu\u00e1rio Machaze Nhangumbe e cardeal J\u00falio Duarte Langa pelo seu &#8220;importante contributo dado \u00e0 consolida\u00e7\u00e3o da Igreja&#8221;.<\/p>\n<p><em>OC<\/em><\/p>\n","protected":false},"excerpt":{"rendered":"<p>\u00abNada se sabe das autoridades competentes sobre o sucedido\u00bb, lamenta Confer\u00eancia Episcopal<\/p>\n","protected":false},"author":2,"featured_media":429461,"comment_status":"closed","ping_status":"closed","sticky":false,"template":"","format":"standard","meta":{"site-sidebar-layout":"default","site-content-layout":"","ast-site-content-layout":"default","site-content-style":"default","site-sidebar-style":"default","ast-global-header-display":"","ast-banner-title-visibility":"","ast-main-header-display":"","ast-hfb-above-header-display":"","ast-hfb-below-header-display":"","ast-hfb-mobile-header-display":"","site-post-title":"","ast-breadcrumbs-content":"","ast-featured-img":"","footer-sml-layout":"","ast-disable-related-posts":"","theme-transparent-header-meta":"default","adv-header-id-meta":"","stick-header-meta":"default","header-above-stick-meta":"","header-main-stick-meta":"","header-below-stick-meta":"","astra-migrate-meta-layouts":"set","ast-page-background-enabled":"default","ast-page-background-meta":{"desktop":{"background-color":"var(--ast-global-color-4)","background-image":"","background-repeat":"repeat","background-position":"center center","background-size":"auto","background-attachment":"scroll","background-type":"","background-media":"","overlay-type":"","overlay-color":"","overlay-opacity":"","overlay-gradient":""},"tablet":{"background-color":"","background-image":"","background-repeat":"repeat","background-position":"center center","background-size":"auto","background-attachment":"scroll","background-type":"","background-media":"","overlay-type":"","overlay-color":"","overlay-opacity":"","overlay-gradient":""},"mobile":{"background-color":"","background-image":"","background-repeat":"repeat","background-position":"center center","background-size":"auto","background-attachment":"scroll","background-type":"","background-media":"","overlay-type":"","overlay-color":"","overlay-opacity":"","overlay-gradient":""}},"ast-content-background-meta":{"desktop":{"background-color":"var(--ast-global-color-5)","background-image":"","background-repeat":"repeat","background-position":"center center","background-size":"auto","background-attachment":"scroll","background-type":"","background-media":"","overlay-type":"","overlay-color":"","overlay-opacity":"","overlay-gradient":""},"tablet":{"background-color":"var(--ast-global-color-5)","background-image":"","background-repeat":"repeat","background-position":"center center","background-size":"auto","background-attachment":"scroll","background-type":"","background-media":"","overlay-type":"","overlay-color":"","overlay-opacity":"","overlay-gradient":""},"mobile":{"background-color":"var(--ast-global-color-5)","background-image":"","background-repeat":"repeat","background-position":"center center","background-size":"auto","background-attachment":"scroll","background-type":"","background-media":"","overlay-type":"","overlay-color":"","overlay-opacity":"","overlay-gradient":""}},"footnotes":""},"categories":[56,4],"tags":[262],"class_list":["post-440690","post","type-post","status-publish","format-standard","has-post-thumbnail","hentry","category-destaque","category-internacional","tag-mocambique"],"_links":{"self":[{"href":"https:\/\/agencia.ecclesia.pt\/portal\/wp-json\/wp\/v2\/posts\/440690","targetHints":{"allow":["GET"]}}],"collection":[{"href":"https:\/\/agencia.ecclesia.pt\/portal\/wp-json\/wp\/v2\/posts"}],"about":[{"href":"https:\/\/agencia.ecclesia.pt\/portal\/wp-json\/wp\/v2\/types\/post"}],"author":[{"embeddable":true,"href":"https:\/\/agencia.ecclesia.pt\/portal\/wp-json\/wp\/v2\/users\/2"}],"replies":[{"embeddable":true,"href":"https:\/\/agencia.ecclesia.pt\/portal\/wp-json\/wp\/v2\/comments?post=440690"}],"version-history":[{"count":1,"href":"https:\/\/agencia.ecclesia.pt\/portal\/wp-json\/wp\/v2\/posts\/440690\/revisions"}],"predecessor-version":[{"id":440692,"href":"https:\/\/agencia.ecclesia.pt\/portal\/wp-json\/wp\/v2\/posts\/440690\/revisions\/440692"}],"wp:featuredmedia":[{"embeddable":true,"href":"https:\/\/agencia.ecclesia.pt\/portal\/wp-json\/wp\/v2\/media\/429461"}],"wp:attachment":[{"href":"https:\/\/agencia.ecclesia.pt\/portal\/wp-json\/wp\/v2\/media?parent=440690"}],"wp:term":[{"taxonomy":"category","embeddable":true,"href":"https:\/\/agencia.ecclesia.pt\/portal\/wp-json\/wp\/v2\/categories?post=440690"},{"taxonomy":"post_tag","embeddable":true,"href":"https:\/\/agencia.ecclesia.pt\/portal\/wp-json\/wp\/v2\/tags?post=440690"}],"curies":[{"name":"wp","href":"https:\/\/api.w.org\/{rel}","templated":true}]}}