{"id":440680,"date":"2026-09-05T12:11:10","date_gmt":"2026-09-05T11:11:10","guid":{"rendered":"https:\/\/agencia.ecclesia.pt\/portal\/?p=440680"},"modified":"2026-09-05T12:11:10","modified_gmt":"2026-09-05T11:11:10","slug":"vida-consagrada-papa-exorta-monjas-sacramentinas-a-serem-tecelas-de-comunhao-e-de-unidade","status":"publish","type":"post","link":"https:\/\/agencia.ecclesia.pt\/portal\/vida-consagrada-papa-exorta-monjas-sacramentinas-a-serem-tecelas-de-comunhao-e-de-unidade\/","title":{"rendered":"Vida Consagrada: Papa exorta monjas sacramentinas a serem \u00abtecel\u00e3s de comunh\u00e3o e de unidade\u00bb"},"content":{"rendered":"<p><em>Le\u00e3o XIV enaltece miss\u00e3o de ordem contemplativa<\/em><!--more--><\/p>\n<figure id=\"attachment_440681\" aria-describedby=\"caption-attachment-440681\" style=\"width: 1280px\" class=\"wp-caption alignnone\"><img fetchpriority=\"high\" decoding=\"async\" class=\"wp-image-440681 size-full\" src=\"https:\/\/agencia.ecclesia.pt\/portal\/wp-content\/uploads\/2026\/09\/cq5dam.thumbnail.cropped.1500.844-1.jpeg\" alt=\"\" width=\"1280\" height=\"844\" srcset=\"https:\/\/agencia.ecclesia.pt\/portal\/wp-content\/uploads\/2026\/09\/cq5dam.thumbnail.cropped.1500.844-1.jpeg 1280w, https:\/\/agencia.ecclesia.pt\/portal\/wp-content\/uploads\/2026\/09\/cq5dam.thumbnail.cropped.1500.844-1-400x264.jpeg 400w, https:\/\/agencia.ecclesia.pt\/portal\/wp-content\/uploads\/2026\/09\/cq5dam.thumbnail.cropped.1500.844-1-1024x675.jpeg 1024w, https:\/\/agencia.ecclesia.pt\/portal\/wp-content\/uploads\/2026\/09\/cq5dam.thumbnail.cropped.1500.844-1-768x506.jpeg 768w\" sizes=\"(max-width: 1280px) 100vw, 1280px\" \/><figcaption id=\"caption-attachment-440681\" class=\"wp-caption-text\">Foto: Vatican Media<\/figcaption><\/figure>\n<p>Cidade do Vaticano, 05 set 2026 (Ecclesia) \u2013 O Papa recebeu hoje no Vaticano as Adoradoras Perp\u00e9tuas do Sant\u00edssimo Sacramento, desafiando a congrega\u00e7\u00e3o feminina a cultivar uma espiritualidade de unidade eclesial.<\/p>\n<p>&#8220;[\u00c9] Um luminoso testemunho da gratuidade de Deus, que semeia no cora\u00e7\u00e3o humano a inquieta\u00e7\u00e3o de procurar e contemplar o seu rosto&#8221;, definiu Le\u00e3o XIV no seu discurso em espanhol, citado pelo portal Vatican News, para enaltecer a miss\u00e3o desta ordem contemplativa.<\/p>\n<p>A audi\u00eancia assinalou o 50.\u00ba anivers\u00e1rio da funda\u00e7\u00e3o da Federa\u00e7\u00e3o do Esp\u00edrito Santo, com o Papa a desafiar as monjas de clausura a assumirem o apelo para serem &#8220;tecel\u00e3s de comunh\u00e3o com os fios da ora\u00e7\u00e3o e do trabalho, da adora\u00e7\u00e3o eucar\u00edstica e da partilha fraterna no mosteiro&#8221;.<\/p>\n<p>&#8220;Possa este tempo de gra\u00e7a que estais a viver como peregrinas na Cidade Eterna e nos lugares onde nasceu a Ordem renovar-vos e fortalecer-vos para continuardes a irradiar ao mundo a beleza do rosto de Cristo Sacramentado&#8221;, desejou Le\u00e3o XIV, aludindo \u00e0 viagem feita nas pegadas da fundadora da fam\u00edlia religiosa, a Beata Maria Madalena da Encarna\u00e7\u00e3o.<\/p>\n<p>A interven\u00e7\u00e3o evidenciou que a dedica\u00e7\u00e3o \u00e0 adora\u00e7\u00e3o perp\u00e9tua consubstancia a resposta a um &#8220;anseio profundo&#8221; pela presen\u00e7a divina.<\/p>\n<p>O Papa recorreu \u00e0 teologia de Santo Agostinho para recordar que o p\u00e3o e o vinho no altar &#8220;s\u00e3o o sacramento da unidade dos fi\u00e9is em Cristo&#8221;, justificando que esta centralidade lit\u00fargica exige &#8220;uma espiritualidade eucar\u00edstica, isto \u00e9, uma espiritualidade da unidade eclesial no amor&#8221;.<\/p>\n<p>Le\u00e3o XIV concluiu o encontro apelando a que a comunidade contemple o futuro &#8220;com renovada esperan\u00e7a e desejo de santidade, recordando que a fidelidade \u00e0 antiga e sempre nova sabedoria do Evangelho \u00e9 o melhor caminho para as que, guiadas pelo Esp\u00edrito Santo, se dedicam a amar a Deus e ao pr\u00f3ximo&#8221;.<\/p>\n<p><em>OC<\/em><\/p>\n","protected":false},"excerpt":{"rendered":"<p>Le\u00e3o XIV enaltece miss\u00e3o de ordem contemplativa<\/p>\n","protected":false},"author":2,"featured_media":440681,"comment_status":"closed","ping_status":"closed","sticky":false,"template":"","format":"standard","meta":{"site-sidebar-layout":"default","site-content-layout":"","ast-site-content-layout":"default","site-content-style":"default","site-sidebar-style":"default","ast-global-header-display":"","ast-banner-title-visibility":"","ast-main-header-display":"","ast-hfb-above-header-display":"","ast-hfb-below-header-display":"","ast-hfb-mobile-header-display":"","site-post-title":"","ast-breadcrumbs-content":"","ast-featured-img":"","footer-sml-layout":"","ast-disable-related-posts":"","theme-transparent-header-meta":"default","adv-header-id-meta":"","stick-header-meta":"default","header-above-stick-meta":"","header-main-stick-meta":"","header-below-stick-meta":"","astra-migrate-meta-layouts":"set","ast-page-background-enabled":"default","ast-page-background-meta":{"desktop":{"background-color":"var(--ast-global-color-4)","background-image":"","background-repeat":"repeat","background-position":"center center","background-size":"auto","background-attachment":"scroll","background-type":"","background-media":"","overlay-type":"","overlay-color":"","overlay-opacity":"","overlay-gradient":""},"tablet":{"background-color":"","background-image":"","background-repeat":"repeat","background-position":"center center","background-size":"auto","background-attachment":"scroll","background-type":"","background-media":"","overlay-type":"","overlay-color":"","overlay-opacity":"","overlay-gradient":""},"mobile":{"background-color":"","background-image":"","background-repeat":"repeat","background-position":"center center","background-size":"auto","background-attachment":"scroll","background-type":"","background-media":"","overlay-type":"","overlay-color":"","overlay-opacity":"","overlay-gradient":""}},"ast-content-background-meta":{"desktop":{"background-color":"var(--ast-global-color-5)","background-image":"","background-repeat":"repeat","background-position":"center center","background-size":"auto","background-attachment":"scroll","background-type":"","background-media":"","overlay-type":"","overlay-color":"","overlay-opacity":"","overlay-gradient":""},"tablet":{"background-color":"var(--ast-global-color-5)","background-image":"","background-repeat":"repeat","background-position":"center center","background-size":"auto","background-attachment":"scroll","background-type":"","background-media":"","overlay-type":"","overlay-color":"","overlay-opacity":"","overlay-gradient":""},"mobile":{"background-color":"var(--ast-global-color-5)","background-image":"","background-repeat":"repeat","background-position":"center center","background-size":"auto","background-attachment":"scroll","background-type":"","background-media":"","overlay-type":"","overlay-color":"","overlay-opacity":"","overlay-gradient":""}},"footnotes":""},"categories":[56,5],"tags":[974,326],"class_list":["post-440680","post","type-post","status-publish","format-standard","has-post-thumbnail","hentry","category-destaque","category-vaticano","tag-leao-xiv","tag-vida-consagrada"],"_links":{"self":[{"href":"https:\/\/agencia.ecclesia.pt\/portal\/wp-json\/wp\/v2\/posts\/440680","targetHints":{"allow":["GET"]}}],"collection":[{"href":"https:\/\/agencia.ecclesia.pt\/portal\/wp-json\/wp\/v2\/posts"}],"about":[{"href":"https:\/\/agencia.ecclesia.pt\/portal\/wp-json\/wp\/v2\/types\/post"}],"author":[{"embeddable":true,"href":"https:\/\/agencia.ecclesia.pt\/portal\/wp-json\/wp\/v2\/users\/2"}],"replies":[{"embeddable":true,"href":"https:\/\/agencia.ecclesia.pt\/portal\/wp-json\/wp\/v2\/comments?post=440680"}],"version-history":[{"count":1,"href":"https:\/\/agencia.ecclesia.pt\/portal\/wp-json\/wp\/v2\/posts\/440680\/revisions"}],"predecessor-version":[{"id":440683,"href":"https:\/\/agencia.ecclesia.pt\/portal\/wp-json\/wp\/v2\/posts\/440680\/revisions\/440683"}],"wp:featuredmedia":[{"embeddable":true,"href":"https:\/\/agencia.ecclesia.pt\/portal\/wp-json\/wp\/v2\/media\/440681"}],"wp:attachment":[{"href":"https:\/\/agencia.ecclesia.pt\/portal\/wp-json\/wp\/v2\/media?parent=440680"}],"wp:term":[{"taxonomy":"category","embeddable":true,"href":"https:\/\/agencia.ecclesia.pt\/portal\/wp-json\/wp\/v2\/categories?post=440680"},{"taxonomy":"post_tag","embeddable":true,"href":"https:\/\/agencia.ecclesia.pt\/portal\/wp-json\/wp\/v2\/tags?post=440680"}],"curies":[{"name":"wp","href":"https:\/\/api.w.org\/{rel}","templated":true}]}}