{"id":440674,"date":"2026-09-05T10:22:21","date_gmt":"2026-09-05T09:22:21","guid":{"rendered":"https:\/\/agencia.ecclesia.pt\/portal\/?p=440674"},"modified":"2026-09-05T10:22:21","modified_gmt":"2026-09-05T09:22:21","slug":"acores-bispo-de-angra-rejeita-isolamento-e-apela-a-solidariedade-entre-ilhas","status":"publish","type":"post","link":"https:\/\/agencia.ecclesia.pt\/portal\/acores-bispo-de-angra-rejeita-isolamento-e-apela-a-solidariedade-entre-ilhas\/","title":{"rendered":"A\u00e7ores: Bispo de Angra rejeita \u00abisolamento\u00bb e apela \u00e0 solidariedade entre ilhas"},"content":{"rendered":"<p><em>D. Armando Esteves Domingues associou-se \u00e0s celebra\u00e7\u00f5es dos 50 anos da Autonomia<\/em><!--more--><\/p>\n<figure id=\"attachment_440675\" aria-describedby=\"caption-attachment-440675\" style=\"width: 1600px\" class=\"wp-caption alignnone\"><img fetchpriority=\"high\" decoding=\"async\" class=\"wp-image-440675 size-full\" src=\"https:\/\/agencia.ecclesia.pt\/portal\/wp-content\/uploads\/2026\/09\/794279850_1502904595200831_506970847928439693_n.jpg\" alt=\"\" width=\"1600\" height=\"1066\" srcset=\"https:\/\/agencia.ecclesia.pt\/portal\/wp-content\/uploads\/2026\/09\/794279850_1502904595200831_506970847928439693_n.jpg 1600w, https:\/\/agencia.ecclesia.pt\/portal\/wp-content\/uploads\/2026\/09\/794279850_1502904595200831_506970847928439693_n-400x267.jpg 400w, https:\/\/agencia.ecclesia.pt\/portal\/wp-content\/uploads\/2026\/09\/794279850_1502904595200831_506970847928439693_n-1024x682.jpg 1024w, https:\/\/agencia.ecclesia.pt\/portal\/wp-content\/uploads\/2026\/09\/794279850_1502904595200831_506970847928439693_n-768x512.jpg 768w, https:\/\/agencia.ecclesia.pt\/portal\/wp-content\/uploads\/2026\/09\/794279850_1502904595200831_506970847928439693_n-391x260.jpg 391w, https:\/\/agencia.ecclesia.pt\/portal\/wp-content\/uploads\/2026\/09\/794279850_1502904595200831_506970847928439693_n-1536x1023.jpg 1536w\" sizes=\"(max-width: 1600px) 100vw, 1600px\" \/><figcaption id=\"caption-attachment-440675\" class=\"wp-caption-text\">Foto: Assembleia Legislativa da Regi\u00e3o Aut\u00f3noma dos A\u00e7ores<\/figcaption><\/figure>\n<p>Horta, A\u00e7ores, 05 set 2026 (Ecclesia) \u2013 O bispo de Angra defendeu uma governa\u00e7\u00e3o assente na corresponsabilidade e no servi\u00e7o, durante a Eucaristia de a\u00e7\u00e3o de gra\u00e7as pelos 50 anos da Autonomia dos A\u00e7ores.<\/p>\n<p>&#8220;A autonomia n\u00e3o se constr\u00f3i no isolamento das pessoas ou de uma ilha contra a outra, mas na interdepend\u00eancia dos barcos&#8221;, afirmou D. Armando Esteves Domingues na Igreja Matriz da Horta, esta quinta-feira, perante o presidente da Assembleia da Rep\u00fablica e os titulares dos \u00f3rg\u00e3os de governo da Regi\u00e3o.<\/p>\n<p>O prelado utilizou o relato evang\u00e9lico da pesca milagrosa para ilustrar o compromisso social, sublinhando que este audaz &#8220;fazer-se ao largo&#8221; exige que os a\u00e7orianos continuem a &#8220;sonhar juntos o futuro&#8221;.<\/p>\n<p>O bispo de Angra alertou para os perigos do individualismo territorial, avisando que &#8220;quando uma ilha apanha peixe, a outra tem de vir ajudar a puxar a rede&#8221; para garantir que todo o arquip\u00e9lago triunfe.<\/p>\n<p>O futuro da regi\u00e3o, acrescentou, depende da erradica\u00e7\u00e3o da pobreza e da exclus\u00e3o, pelo que \u00e9 preciso que a sociedade assegure &#8220;peixe, carne, casa e p\u00e3o que cheguem para todos e para chamar os vizinhos&#8221;.<\/p>\n<p>A homilia, divulgada pelo portal diocesano \u2018Igreja A\u00e7ores\u2019, evocou a figura de S\u00e3o Greg\u00f3rio Magno para reclamar uma lideran\u00e7a pol\u00edtica orientada para a justi\u00e7a, sustentando que &#8220;as decis\u00f5es p\u00fablicas devem ter o cheiro do povo&#8221; e assumir &#8220;a prioridade dos vulner\u00e1veis&#8221;.<\/p>\n<p>D. Armando Esteves Domingues abordou as din\u00e2micas de governa\u00e7\u00e3o patentes na primeira enc\u00edclica de Le\u00e3o XIV, \u2018Magnifica Humanitas\u2019, contrapondo a tenta\u00e7\u00e3o do poder perante a escolha entre &#8220;concentr\u00e1-lo ou distribu\u00ed-lo, homogeneizar ou compor&#8221;.<\/p>\n<p>O bispo de Angra recordou o papel hist\u00f3rico da rede paroquial na coes\u00e3o do arquip\u00e9lago, evidenciando que a Igreja Cat\u00f3lica foi &#8220;a \u00fanica institui\u00e7\u00e3o a olhar para os A\u00e7ores como um \u00abtodo\u00bb&#8221; antes do poder pol\u00edtico centralizado de 1766.<\/p>\n<p>A celebra\u00e7\u00e3o religiosa enquadrou-se nas comemora\u00e7\u00f5es da Autonomia Pol\u00edtico-Administrativa da regi\u00e3o.<\/p>\n<p><em>OC<\/em><\/p>\n","protected":false},"excerpt":{"rendered":"<p>D. Armando Esteves Domingues associou-se \u00e0s celebra\u00e7\u00f5es dos 50 anos da Autonomia<\/p>\n","protected":false},"author":2,"featured_media":440675,"comment_status":"closed","ping_status":"closed","sticky":false,"template":"","format":"standard","meta":{"site-sidebar-layout":"default","site-content-layout":"","ast-site-content-layout":"default","site-content-style":"default","site-sidebar-style":"default","ast-global-header-display":"","ast-banner-title-visibility":"","ast-main-header-display":"","ast-hfb-above-header-display":"","ast-hfb-below-header-display":"","ast-hfb-mobile-header-display":"","site-post-title":"","ast-breadcrumbs-content":"","ast-featured-img":"","footer-sml-layout":"","ast-disable-related-posts":"","theme-transparent-header-meta":"default","adv-header-id-meta":"","stick-header-meta":"default","header-above-stick-meta":"","header-main-stick-meta":"","header-below-stick-meta":"","astra-migrate-meta-layouts":"set","ast-page-background-enabled":"default","ast-page-background-meta":{"desktop":{"background-color":"var(--ast-global-color-4)","background-image":"","background-repeat":"repeat","background-position":"center center","background-size":"auto","background-attachment":"scroll","background-type":"","background-media":"","overlay-type":"","overlay-color":"","overlay-opacity":"","overlay-gradient":""},"tablet":{"background-color":"","background-image":"","background-repeat":"repeat","background-position":"center center","background-size":"auto","background-attachment":"scroll","background-type":"","background-media":"","overlay-type":"","overlay-color":"","overlay-opacity":"","overlay-gradient":""},"mobile":{"background-color":"","background-image":"","background-repeat":"repeat","background-position":"center center","background-size":"auto","background-attachment":"scroll","background-type":"","background-media":"","overlay-type":"","overlay-color":"","overlay-opacity":"","overlay-gradient":""}},"ast-content-background-meta":{"desktop":{"background-color":"var(--ast-global-color-5)","background-image":"","background-repeat":"repeat","background-position":"center center","background-size":"auto","background-attachment":"scroll","background-type":"","background-media":"","overlay-type":"","overlay-color":"","overlay-opacity":"","overlay-gradient":""},"tablet":{"background-color":"var(--ast-global-color-5)","background-image":"","background-repeat":"repeat","background-position":"center center","background-size":"auto","background-attachment":"scroll","background-type":"","background-media":"","overlay-type":"","overlay-color":"","overlay-opacity":"","overlay-gradient":""},"mobile":{"background-color":"var(--ast-global-color-5)","background-image":"","background-repeat":"repeat","background-position":"center center","background-size":"auto","background-attachment":"scroll","background-type":"","background-media":"","overlay-type":"","overlay-color":"","overlay-opacity":"","overlay-gradient":""}},"footnotes":""},"categories":[79,3],"tags":[169,229],"class_list":["post-440674","post","type-post","status-publish","format-standard","has-post-thumbnail","hentry","category-destaque1","category-nacional","tag-diocese-de-angra","tag-igreja-politica"],"_links":{"self":[{"href":"https:\/\/agencia.ecclesia.pt\/portal\/wp-json\/wp\/v2\/posts\/440674","targetHints":{"allow":["GET"]}}],"collection":[{"href":"https:\/\/agencia.ecclesia.pt\/portal\/wp-json\/wp\/v2\/posts"}],"about":[{"href":"https:\/\/agencia.ecclesia.pt\/portal\/wp-json\/wp\/v2\/types\/post"}],"author":[{"embeddable":true,"href":"https:\/\/agencia.ecclesia.pt\/portal\/wp-json\/wp\/v2\/users\/2"}],"replies":[{"embeddable":true,"href":"https:\/\/agencia.ecclesia.pt\/portal\/wp-json\/wp\/v2\/comments?post=440674"}],"version-history":[{"count":1,"href":"https:\/\/agencia.ecclesia.pt\/portal\/wp-json\/wp\/v2\/posts\/440674\/revisions"}],"predecessor-version":[{"id":440677,"href":"https:\/\/agencia.ecclesia.pt\/portal\/wp-json\/wp\/v2\/posts\/440674\/revisions\/440677"}],"wp:featuredmedia":[{"embeddable":true,"href":"https:\/\/agencia.ecclesia.pt\/portal\/wp-json\/wp\/v2\/media\/440675"}],"wp:attachment":[{"href":"https:\/\/agencia.ecclesia.pt\/portal\/wp-json\/wp\/v2\/media?parent=440674"}],"wp:term":[{"taxonomy":"category","embeddable":true,"href":"https:\/\/agencia.ecclesia.pt\/portal\/wp-json\/wp\/v2\/categories?post=440674"},{"taxonomy":"post_tag","embeddable":true,"href":"https:\/\/agencia.ecclesia.pt\/portal\/wp-json\/wp\/v2\/tags?post=440674"}],"curies":[{"name":"wp","href":"https:\/\/api.w.org\/{rel}","templated":true}]}}