{"id":440668,"date":"2026-09-05T10:11:48","date_gmt":"2026-09-05T09:11:48","guid":{"rendered":"https:\/\/agencia.ecclesia.pt\/portal\/?p=440668"},"modified":"2026-09-05T10:12:50","modified_gmt":"2026-09-05T09:12:50","slug":"madeira-machico-acolhe-bencao-dos-capacetes","status":"publish","type":"post","link":"https:\/\/agencia.ecclesia.pt\/portal\/madeira-machico-acolhe-bencao-dos-capacetes\/","title":{"rendered":"Madeira: Machico acolhe B\u00ean\u00e7\u00e3o dos Capacetes"},"content":{"rendered":"<p><!--more--><\/p>\n<p><img fetchpriority=\"high\" decoding=\"async\" class=\"size-medium wp-image-440669 alignright\" src=\"https:\/\/agencia.ecclesia.pt\/portal\/wp-content\/uploads\/2026\/09\/imperioame-woman-7311233-400x267.jpg\" alt=\"\" width=\"400\" height=\"267\" srcset=\"https:\/\/agencia.ecclesia.pt\/portal\/wp-content\/uploads\/2026\/09\/imperioame-woman-7311233-400x267.jpg 400w, https:\/\/agencia.ecclesia.pt\/portal\/wp-content\/uploads\/2026\/09\/imperioame-woman-7311233-1024x683.jpg 1024w, https:\/\/agencia.ecclesia.pt\/portal\/wp-content\/uploads\/2026\/09\/imperioame-woman-7311233-768x512.jpg 768w, https:\/\/agencia.ecclesia.pt\/portal\/wp-content\/uploads\/2026\/09\/imperioame-woman-7311233-391x260.jpg 391w, https:\/\/agencia.ecclesia.pt\/portal\/wp-content\/uploads\/2026\/09\/imperioame-woman-7311233-1536x1024.jpg 1536w, https:\/\/agencia.ecclesia.pt\/portal\/wp-content\/uploads\/2026\/09\/imperioame-woman-7311233.jpg 1920w\" sizes=\"(max-width: 400px) 100vw, 400px\" \/>Machico, Madeira 05 set 2026 (Ecclesia) \u2013 A cidade madeirense de Machico vai receber a \u00a0edi\u00e7\u00e3o da B\u00ean\u00e7\u00e3o dos Capacetes no pr\u00f3ximo dia 20 de setembro, reunindo motociclistas de v\u00e1rias origens numa jornada dedicada \u00e0 prote\u00e7\u00e3o rodovi\u00e1ria.<\/p>\n<p>&#8220;Uma f\u00e9, uma estrada, um s\u00f3 esp\u00edrito&#8221;, destaca o lema escolhido para a edi\u00e7\u00e3o deste ano, procurando a organiza\u00e7\u00e3o associar a dimens\u00e3o religiosa \u00e0 uni\u00e3o e \u00e0 fraternidade que caracterizam a comunidade motard.<\/p>\n<p>O encontro promovido pela Associa\u00e7\u00e3o B\u00ean\u00e7\u00e3o dos Capacetes (ABC) tem concentra\u00e7\u00e3o marcada para as 10h20, seguindo-se a cerim\u00f3nia religiosa e a Prociss\u00e3o dos Estandartes como momentos centrais do programa, informa o \u2018Jornal da Madeira\u2019 (Diocese do Funchal).<\/p>\n<p>A iniciativa pretende mobilizar os condutores e as respetivas fam\u00edlias num momento de ora\u00e7\u00e3o e sensibiliza\u00e7\u00e3o para a seguran\u00e7a rodovi\u00e1ria.<\/p>\n<p><em>OC<\/em><\/p>\n<blockquote class=\"wp-embedded-content\" data-secret=\"k8GCDcvUFx\"><p><a href=\"https:\/\/agencia.ecclesia.pt\/portal\/fatima-santuario-prepara-se-para-receber-milhares-de-motociclistas-na-11-a-peregrinacao-da-bencao-dos-capacetes\/\">F\u00e1tima: Santu\u00e1rio prepara-se para receber milhares de motociclistas na 11.\u00aa Peregrina\u00e7\u00e3o da B\u00ean\u00e7\u00e3o dos Capacetes<\/a><\/p><\/blockquote>\n<p><iframe class=\"wp-embedded-content\" sandbox=\"allow-scripts\" security=\"restricted\" style=\"position: absolute; visibility: hidden;\" title=\"\u201cF\u00e1tima: Santu\u00e1rio prepara-se para receber milhares de motociclistas na 11.\u00aa Peregrina\u00e7\u00e3o da B\u00ean\u00e7\u00e3o dos Capacetes\u201d \u2014 Ag\u00eancia ECCLESIA\" src=\"https:\/\/agencia.ecclesia.pt\/portal\/fatima-santuario-prepara-se-para-receber-milhares-de-motociclistas-na-11-a-peregrinacao-da-bencao-dos-capacetes\/embed\/#?secret=SYXZ1IR45F#?secret=k8GCDcvUFx\" data-secret=\"k8GCDcvUFx\" width=\"500\" height=\"282\" frameborder=\"0\" marginwidth=\"0\" marginheight=\"0\" scrolling=\"no\"><\/iframe><\/p>\n<p>&nbsp;<\/p>\n","protected":false},"excerpt":{"rendered":"","protected":false},"author":2,"featured_media":440669,"comment_status":"closed","ping_status":"closed","sticky":false,"template":"","format":"standard","meta":{"site-sidebar-layout":"default","site-content-layout":"","ast-site-content-layout":"default","site-content-style":"default","site-sidebar-style":"default","ast-global-header-display":"","ast-banner-title-visibility":"","ast-main-header-display":"","ast-hfb-above-header-display":"","ast-hfb-below-header-display":"","ast-hfb-mobile-header-display":"","site-post-title":"","ast-breadcrumbs-content":"","ast-featured-img":"","footer-sml-layout":"","ast-disable-related-posts":"","theme-transparent-header-meta":"default","adv-header-id-meta":"","stick-header-meta":"default","header-above-stick-meta":"","header-main-stick-meta":"","header-below-stick-meta":"","astra-migrate-meta-layouts":"set","ast-page-background-enabled":"default","ast-page-background-meta":{"desktop":{"background-color":"var(--ast-global-color-4)","background-image":"","background-repeat":"repeat","background-position":"center center","background-size":"auto","background-attachment":"scroll","background-type":"","background-media":"","overlay-type":"","overlay-color":"","overlay-opacity":"","overlay-gradient":""},"tablet":{"background-color":"","background-image":"","background-repeat":"repeat","background-position":"center center","background-size":"auto","background-attachment":"scroll","background-type":"","background-media":"","overlay-type":"","overlay-color":"","overlay-opacity":"","overlay-gradient":""},"mobile":{"background-color":"","background-image":"","background-repeat":"repeat","background-position":"center center","background-size":"auto","background-attachment":"scroll","background-type":"","background-media":"","overlay-type":"","overlay-color":"","overlay-opacity":"","overlay-gradient":""}},"ast-content-background-meta":{"desktop":{"background-color":"var(--ast-global-color-5)","background-image":"","background-repeat":"repeat","background-position":"center center","background-size":"auto","background-attachment":"scroll","background-type":"","background-media":"","overlay-type":"","overlay-color":"","overlay-opacity":"","overlay-gradient":""},"tablet":{"background-color":"var(--ast-global-color-5)","background-image":"","background-repeat":"repeat","background-position":"center center","background-size":"auto","background-attachment":"scroll","background-type":"","background-media":"","overlay-type":"","overlay-color":"","overlay-opacity":"","overlay-gradient":""},"mobile":{"background-color":"var(--ast-global-color-5)","background-image":"","background-repeat":"repeat","background-position":"center center","background-size":"auto","background-attachment":"scroll","background-type":"","background-media":"","overlay-type":"","overlay-color":"","overlay-opacity":"","overlay-gradient":""}},"footnotes":""},"categories":[60,3],"tags":[],"class_list":["post-440668","post","type-post","status-publish","format-standard","has-post-thumbnail","hentry","category-caixa2","category-nacional"],"_links":{"self":[{"href":"https:\/\/agencia.ecclesia.pt\/portal\/wp-json\/wp\/v2\/posts\/440668","targetHints":{"allow":["GET"]}}],"collection":[{"href":"https:\/\/agencia.ecclesia.pt\/portal\/wp-json\/wp\/v2\/posts"}],"about":[{"href":"https:\/\/agencia.ecclesia.pt\/portal\/wp-json\/wp\/v2\/types\/post"}],"author":[{"embeddable":true,"href":"https:\/\/agencia.ecclesia.pt\/portal\/wp-json\/wp\/v2\/users\/2"}],"replies":[{"embeddable":true,"href":"https:\/\/agencia.ecclesia.pt\/portal\/wp-json\/wp\/v2\/comments?post=440668"}],"version-history":[{"count":1,"href":"https:\/\/agencia.ecclesia.pt\/portal\/wp-json\/wp\/v2\/posts\/440668\/revisions"}],"predecessor-version":[{"id":440671,"href":"https:\/\/agencia.ecclesia.pt\/portal\/wp-json\/wp\/v2\/posts\/440668\/revisions\/440671"}],"wp:featuredmedia":[{"embeddable":true,"href":"https:\/\/agencia.ecclesia.pt\/portal\/wp-json\/wp\/v2\/media\/440669"}],"wp:attachment":[{"href":"https:\/\/agencia.ecclesia.pt\/portal\/wp-json\/wp\/v2\/media?parent=440668"}],"wp:term":[{"taxonomy":"category","embeddable":true,"href":"https:\/\/agencia.ecclesia.pt\/portal\/wp-json\/wp\/v2\/categories?post=440668"},{"taxonomy":"post_tag","embeddable":true,"href":"https:\/\/agencia.ecclesia.pt\/portal\/wp-json\/wp\/v2\/tags?post=440668"}],"curies":[{"name":"wp","href":"https:\/\/api.w.org\/{rel}","templated":true}]}}