{"id":440663,"date":"2026-09-05T10:05:01","date_gmt":"2026-09-05T09:05:01","guid":{"rendered":"https:\/\/agencia.ecclesia.pt\/portal\/?p=440663"},"modified":"2026-09-05T10:05:01","modified_gmt":"2026-09-05T09:05:01","slug":"porto-intervencao-no-seminario-maior-segura-comunidade-residente","status":"publish","type":"post","link":"https:\/\/agencia.ecclesia.pt\/portal\/porto-intervencao-no-seminario-maior-segura-comunidade-residente\/","title":{"rendered":"Porto: Interven\u00e7\u00e3o no Semin\u00e1rio Maior \u00absegura\u00bb comunidade residente"},"content":{"rendered":"<p><em>Arquiteto respons\u00e1vel destaca import\u00e2ncia de preserva\u00e7\u00e3o fun\u00e7\u00e3o original do edif\u00edcio<\/em><!--more--><\/p>\n<div class=\"epyt-video-wrapper\"><iframe  id=\"_ytid_25412\"  width=\"480\" height=\"270\"  data-origwidth=\"480\" data-origheight=\"270\" src=\"https:\/\/www.youtube.com\/embed\/xR6FaQlRHXM?enablejsapi=1&#038;autoplay=0&#038;cc_load_policy=0&#038;cc_lang_pref=pt&#038;iv_load_policy=1&#038;loop=0&#038;rel=0&#038;fs=1&#038;playsinline=1&#038;autohide=2&#038;theme=dark&#038;color=red&#038;controls=1&#038;disablekb=0&#038;\" class=\"__youtube_prefs__  epyt-is-override  no-lazyload\" title=\"YouTube player\"  allow=\"fullscreen; accelerometer; autoplay; clipboard-write; encrypted-media; gyroscope; picture-in-picture; web-share\" referrerpolicy=\"strict-origin-when-cross-origin\" allowfullscreen data-no-lazy=\"1\" data-skipgform_ajax_framebjll=\"\"><\/iframe><\/div>\n<p>Porto, 05 set 2026 (Ecclesia) \u2013 O arquiteto respons\u00e1vel pela requalifica\u00e7\u00e3o do Semin\u00e1rio Maior do Porto afirmou que a reabilita\u00e7\u00e3o em curso vai preservar a identidade do edif\u00edcio e garantir infraestruturas condignas para a fixa\u00e7\u00e3o da comunidade religiosa.<\/p>\n<p>&#8220;Este deve ser dos \u00faltimos espa\u00e7os no Porto em que tem uma origem de convento, mosteiro, estrutura religiosa de escala, que ainda mant\u00eam uma comunidade religiosa a viver dentro dela&#8221;, sublinhou Pedro Resende Le\u00e3o, em entrevista ao jornal diocesano \u2018Voz Portucalense\u2019.<\/p>\n<p>O especialista evidenciou o contraste com outros conventos da cidade que foram transformados &#8220;em escolas, em associa\u00e7\u00f5es comerciais, em hot\u00e9is&#8221;, congratulando-se pelo facto de o semin\u00e1rio garantir que se &#8220;mant\u00e9m a sua fun\u00e7\u00e3o inicial&#8221;.<\/p>\n<p>A empreitada visa &#8220;reabilitar e refor\u00e7ar estruturas&#8221; classificadas como patrim\u00f3nio nacional, clarificando o arquiteto que a interven\u00e7\u00e3o se foca em preservar &#8220;a mesma m\u00e9trica de quartos e a dotar esses quartos de instala\u00e7\u00f5es sanit\u00e1rias privativas aos seminaristas&#8221;.<\/p>\n<p>&#8220;Vai manter a biblioteca, vai manter o Museu da Arte Sacra, vai manter a Igreja como templo&#8221;, garantiu o respons\u00e1vel, detalhando a introdu\u00e7\u00e3o de elevadores e acessibilidades sem desvirtuar a tra\u00e7a original.<\/p>\n<p>O projeto final contemplar\u00e1 &#8220;54 quartos&#8221;, distribu\u00eddos entre formandos, reitores, superiores e visitas, assegurando Pedro Resende Le\u00e3o que &#8220;todos os conceitos pr\u00f3prios da identidade de semin\u00e1rio se mant\u00eam&#8221; intactos.<\/p>\n<p>A publica\u00e7\u00e3o diocesana indicou que o plano da empreitada prev\u00ea ainda a edifica\u00e7\u00e3o de uma &#8220;hospedaria mon\u00e1stica&#8221;.<\/p>\n<p>A obra arrancou oficialmente em mar\u00e7o de 2026, com um or\u00e7amento global de 16 milh\u00f5es de euros e um prazo de execu\u00e7\u00e3o estipulado em dois anos, a cargo da empresa construtora Ferreira.<\/p>\n<p><em>OC<\/em><\/p>\n","protected":false},"excerpt":{"rendered":"<p>Arquiteto respons\u00e1vel destaca import\u00e2ncia de preserva\u00e7\u00e3o fun\u00e7\u00e3o original do edif\u00edcio<\/p>\n","protected":false},"author":2,"featured_media":417302,"comment_status":"closed","ping_status":"closed","sticky":false,"template":"","format":"standard","meta":{"site-sidebar-layout":"default","site-content-layout":"","ast-site-content-layout":"default","site-content-style":"default","site-sidebar-style":"default","ast-global-header-display":"","ast-banner-title-visibility":"","ast-main-header-display":"","ast-hfb-above-header-display":"","ast-hfb-below-header-display":"","ast-hfb-mobile-header-display":"","site-post-title":"","ast-breadcrumbs-content":"","ast-featured-img":"","footer-sml-layout":"","ast-disable-related-posts":"","theme-transparent-header-meta":"default","adv-header-id-meta":"","stick-header-meta":"default","header-above-stick-meta":"","header-main-stick-meta":"","header-below-stick-meta":"","astra-migrate-meta-layouts":"set","ast-page-background-enabled":"default","ast-page-background-meta":{"desktop":{"background-color":"var(--ast-global-color-4)","background-image":"","background-repeat":"repeat","background-position":"center center","background-size":"auto","background-attachment":"scroll","background-type":"","background-media":"","overlay-type":"","overlay-color":"","overlay-opacity":"","overlay-gradient":""},"tablet":{"background-color":"","background-image":"","background-repeat":"repeat","background-position":"center center","background-size":"auto","background-attachment":"scroll","background-type":"","background-media":"","overlay-type":"","overlay-color":"","overlay-opacity":"","overlay-gradient":""},"mobile":{"background-color":"","background-image":"","background-repeat":"repeat","background-position":"center center","background-size":"auto","background-attachment":"scroll","background-type":"","background-media":"","overlay-type":"","overlay-color":"","overlay-opacity":"","overlay-gradient":""}},"ast-content-background-meta":{"desktop":{"background-color":"var(--ast-global-color-5)","background-image":"","background-repeat":"repeat","background-position":"center center","background-size":"auto","background-attachment":"scroll","background-type":"","background-media":"","overlay-type":"","overlay-color":"","overlay-opacity":"","overlay-gradient":""},"tablet":{"background-color":"var(--ast-global-color-5)","background-image":"","background-repeat":"repeat","background-position":"center center","background-size":"auto","background-attachment":"scroll","background-type":"","background-media":"","overlay-type":"","overlay-color":"","overlay-opacity":"","overlay-gradient":""},"mobile":{"background-color":"var(--ast-global-color-5)","background-image":"","background-repeat":"repeat","background-position":"center center","background-size":"auto","background-attachment":"scroll","background-type":"","background-media":"","overlay-type":"","overlay-color":"","overlay-opacity":"","overlay-gradient":""}},"footnotes":""},"categories":[79,3],"tags":[187],"class_list":["post-440663","post","type-post","status-publish","format-standard","has-post-thumbnail","hentry","category-destaque1","category-nacional","tag-diocese-do-porto"],"_links":{"self":[{"href":"https:\/\/agencia.ecclesia.pt\/portal\/wp-json\/wp\/v2\/posts\/440663","targetHints":{"allow":["GET"]}}],"collection":[{"href":"https:\/\/agencia.ecclesia.pt\/portal\/wp-json\/wp\/v2\/posts"}],"about":[{"href":"https:\/\/agencia.ecclesia.pt\/portal\/wp-json\/wp\/v2\/types\/post"}],"author":[{"embeddable":true,"href":"https:\/\/agencia.ecclesia.pt\/portal\/wp-json\/wp\/v2\/users\/2"}],"replies":[{"embeddable":true,"href":"https:\/\/agencia.ecclesia.pt\/portal\/wp-json\/wp\/v2\/comments?post=440663"}],"version-history":[{"count":1,"href":"https:\/\/agencia.ecclesia.pt\/portal\/wp-json\/wp\/v2\/posts\/440663\/revisions"}],"predecessor-version":[{"id":440667,"href":"https:\/\/agencia.ecclesia.pt\/portal\/wp-json\/wp\/v2\/posts\/440663\/revisions\/440667"}],"wp:featuredmedia":[{"embeddable":true,"href":"https:\/\/agencia.ecclesia.pt\/portal\/wp-json\/wp\/v2\/media\/417302"}],"wp:attachment":[{"href":"https:\/\/agencia.ecclesia.pt\/portal\/wp-json\/wp\/v2\/media?parent=440663"}],"wp:term":[{"taxonomy":"category","embeddable":true,"href":"https:\/\/agencia.ecclesia.pt\/portal\/wp-json\/wp\/v2\/categories?post=440663"},{"taxonomy":"post_tag","embeddable":true,"href":"https:\/\/agencia.ecclesia.pt\/portal\/wp-json\/wp\/v2\/tags?post=440663"}],"curies":[{"name":"wp","href":"https:\/\/api.w.org\/{rel}","templated":true}]}}