{"id":440641,"date":"2026-09-04T18:00:39","date_gmt":"2026-09-04T17:00:39","guid":{"rendered":"https:\/\/agencia.ecclesia.pt\/portal\/?p=440641"},"modified":"2026-09-04T18:00:39","modified_gmt":"2026-09-04T17:00:39","slug":"viseu-solidariedade-bispo-inaugura-nova-creche-da-caritas-diocesana","status":"publish","type":"post","link":"https:\/\/agencia.ecclesia.pt\/portal\/viseu-solidariedade-bispo-inaugura-nova-creche-da-caritas-diocesana\/","title":{"rendered":"Viseu\/Solidariedade: Bispo inaugura nova creche da C\u00e1ritas Diocesana"},"content":{"rendered":"<p><em>Institui\u00e7\u00e3o procura combater falta de vagas<\/em><!--more--><\/p>\n<figure id=\"attachment_440642\" aria-describedby=\"caption-attachment-440642\" style=\"width: 1920px\" class=\"wp-caption alignnone\"><img fetchpriority=\"high\" decoding=\"async\" class=\"wp-image-440642 size-full\" src=\"https:\/\/agencia.ecclesia.pt\/portal\/wp-content\/uploads\/2026\/09\/5.jpg\" alt=\"\" width=\"1920\" height=\"1446\" srcset=\"https:\/\/agencia.ecclesia.pt\/portal\/wp-content\/uploads\/2026\/09\/5.jpg 1920w, https:\/\/agencia.ecclesia.pt\/portal\/wp-content\/uploads\/2026\/09\/5-372x280.jpg 372w, https:\/\/agencia.ecclesia.pt\/portal\/wp-content\/uploads\/2026\/09\/5-1024x771.jpg 1024w, https:\/\/agencia.ecclesia.pt\/portal\/wp-content\/uploads\/2026\/09\/5-768x578.jpg 768w, https:\/\/agencia.ecclesia.pt\/portal\/wp-content\/uploads\/2026\/09\/5-1536x1157.jpg 1536w\" sizes=\"(max-width: 1920px) 100vw, 1920px\" \/><figcaption id=\"caption-attachment-440642\" class=\"wp-caption-text\">Foto: Diocese de Viseu<\/figcaption><\/figure>\n<p>Viseu, 04 set 2026 (Ecclesia) \u2013 O bispo de Viseu inaugurou e benzeu hoje as novas instala\u00e7\u00f5es da creche da C\u00e1ritas Diocesana, localizadas no Centro S\u00f3cio-Pastoral, num investimento aut\u00f3nomo focado no alargamento da capacidade de acolhimento infantil.<\/p>\n<p>D. Ant\u00f3nio Luciano enalteceu a concretiza\u00e7\u00e3o do projeto educativo e social, classificando o novo espa\u00e7o como &#8220;uma realidade sonhada, trabalhada e discernida, que se traduz numa resposta que serve crian\u00e7as e fam\u00edlias, com o esp\u00edrito da C\u00e1ritas&#8221;.<\/p>\n<p>O alargamento estrutural elevou as vagas dispon\u00edveis de 25 para 42 crian\u00e7as, pretendendo a institui\u00e7\u00e3o cat\u00f3lica assegurar &#8220;melhores condi\u00e7\u00f5es aos utentes e colaboradores&#8221; como &#8220;resposta \u00e0 crescente procura&#8221; das fam\u00edlias da regi\u00e3o, informa um comunicado enviado \u00e0 Ag\u00eancia ECCLESIA.<\/p>\n<p>&#8220;A miss\u00e3o da C\u00e1ritas \u00e9 servir a pessoa humana e promover a sua dignidade intr\u00ednseca, especialmente os mais fr\u00e1geis, e a nossa Creche corresponde a essa miss\u00e3o&#8221;, sublinhou o presidente da dire\u00e7\u00e3o da institui\u00e7\u00e3o, di\u00e1cono Felisberto Marques, durante a sess\u00e3o inaugural.<\/p>\n<figure id=\"attachment_440643\" aria-describedby=\"caption-attachment-440643\" style=\"width: 372px\" class=\"wp-caption alignright\"><img decoding=\"async\" class=\"size-medium wp-image-440643\" src=\"https:\/\/agencia.ecclesia.pt\/portal\/wp-content\/uploads\/2026\/09\/6-372x280.jpg\" alt=\"\" width=\"372\" height=\"280\" srcset=\"https:\/\/agencia.ecclesia.pt\/portal\/wp-content\/uploads\/2026\/09\/6-372x280.jpg 372w, https:\/\/agencia.ecclesia.pt\/portal\/wp-content\/uploads\/2026\/09\/6-1024x771.jpg 1024w, https:\/\/agencia.ecclesia.pt\/portal\/wp-content\/uploads\/2026\/09\/6-768x578.jpg 768w, https:\/\/agencia.ecclesia.pt\/portal\/wp-content\/uploads\/2026\/09\/6-1536x1157.jpg 1536w, https:\/\/agencia.ecclesia.pt\/portal\/wp-content\/uploads\/2026\/09\/6.jpg 1920w\" sizes=\"(max-width: 372px) 100vw, 372px\" \/><figcaption id=\"caption-attachment-440643\" class=\"wp-caption-text\">Foto: Diocese de Viseu<\/figcaption><\/figure>\n<p>A empreitada or\u00e7ou os 300 mil euros e foi integralmente suportada por capitais pr\u00f3prios da organiza\u00e7\u00e3o, lamentando o respons\u00e1vel diretivo a exist\u00eancia de &#8220;dificuldades burocr\u00e1ticas que n\u00e3o permitiram o aproveitamento da possibilidade da obra ser comparticipada&#8221;.<\/p>\n<p>O di\u00e1cono Felisberto Marques garantiu, no entanto, que &#8220;as obras foram adjudicadas de acordo com as regras da contrata\u00e7\u00e3o p\u00fablica&#8221;, mantendo a &#8220;expectativa de poder surgir algum concurso que possa vir a comparticipar&#8221; a infraestrutura.<\/p>\n<p>O dirigente cessante sublinhou que a articula\u00e7\u00e3o t\u00e9cnica e institucional atesta a sustentabilidade do projeto, referindo que a parceria com a Seguran\u00e7a Social far\u00e1 com que &#8220;esta resposta ter\u00e1 viabilidade e permitir\u00e1, em tempo razo\u00e1vel, amortizar o investimento&#8221;.<\/p>\n<p>D. Ant\u00f3nio Luciano encerrou o evento, que incluiu a b\u00ean\u00e7\u00e3o de uma carrinha de transporte, desafiando a rec\u00e9m-nomeada presidente da C\u00e1ritas, Isabel Martins, e as entidades locais presentes a prosseguirem &#8220;um caminho de rela\u00e7\u00e3o, proximidade e cuidado entre todos&#8221;.<\/p>\n<p><em>OC<\/em><\/p>\n","protected":false},"excerpt":{"rendered":"<p>Institui\u00e7\u00e3o procura combater falta de vagas<\/p>\n","protected":false},"author":2,"featured_media":440642,"comment_status":"closed","ping_status":"closed","sticky":false,"template":"","format":"standard","meta":{"site-sidebar-layout":"default","site-content-layout":"","ast-site-content-layout":"default","site-content-style":"default","site-sidebar-style":"default","ast-global-header-display":"","ast-banner-title-visibility":"","ast-main-header-display":"","ast-hfb-above-header-display":"","ast-hfb-below-header-display":"","ast-hfb-mobile-header-display":"","site-post-title":"","ast-breadcrumbs-content":"","ast-featured-img":"","footer-sml-layout":"","ast-disable-related-posts":"","theme-transparent-header-meta":"default","adv-header-id-meta":"","stick-header-meta":"default","header-above-stick-meta":"","header-main-stick-meta":"","header-below-stick-meta":"","astra-migrate-meta-layouts":"set","ast-page-background-enabled":"default","ast-page-background-meta":{"desktop":{"background-color":"var(--ast-global-color-4)","background-image":"","background-repeat":"repeat","background-position":"center center","background-size":"auto","background-attachment":"scroll","background-type":"","background-media":"","overlay-type":"","overlay-color":"","overlay-opacity":"","overlay-gradient":""},"tablet":{"background-color":"","background-image":"","background-repeat":"repeat","background-position":"center center","background-size":"auto","background-attachment":"scroll","background-type":"","background-media":"","overlay-type":"","overlay-color":"","overlay-opacity":"","overlay-gradient":""},"mobile":{"background-color":"","background-image":"","background-repeat":"repeat","background-position":"center center","background-size":"auto","background-attachment":"scroll","background-type":"","background-media":"","overlay-type":"","overlay-color":"","overlay-opacity":"","overlay-gradient":""}},"ast-content-background-meta":{"desktop":{"background-color":"var(--ast-global-color-5)","background-image":"","background-repeat":"repeat","background-position":"center center","background-size":"auto","background-attachment":"scroll","background-type":"","background-media":"","overlay-type":"","overlay-color":"","overlay-opacity":"","overlay-gradient":""},"tablet":{"background-color":"var(--ast-global-color-5)","background-image":"","background-repeat":"repeat","background-position":"center center","background-size":"auto","background-attachment":"scroll","background-type":"","background-media":"","overlay-type":"","overlay-color":"","overlay-opacity":"","overlay-gradient":""},"mobile":{"background-color":"var(--ast-global-color-5)","background-image":"","background-repeat":"repeat","background-position":"center center","background-size":"auto","background-attachment":"scroll","background-type":"","background-media":"","overlay-type":"","overlay-color":"","overlay-opacity":"","overlay-gradient":""}},"footnotes":""},"categories":[79,3],"tags":[184],"class_list":["post-440641","post","type-post","status-publish","format-standard","has-post-thumbnail","hentry","category-destaque1","category-nacional","tag-diocese-de-viseu"],"_links":{"self":[{"href":"https:\/\/agencia.ecclesia.pt\/portal\/wp-json\/wp\/v2\/posts\/440641","targetHints":{"allow":["GET"]}}],"collection":[{"href":"https:\/\/agencia.ecclesia.pt\/portal\/wp-json\/wp\/v2\/posts"}],"about":[{"href":"https:\/\/agencia.ecclesia.pt\/portal\/wp-json\/wp\/v2\/types\/post"}],"author":[{"embeddable":true,"href":"https:\/\/agencia.ecclesia.pt\/portal\/wp-json\/wp\/v2\/users\/2"}],"replies":[{"embeddable":true,"href":"https:\/\/agencia.ecclesia.pt\/portal\/wp-json\/wp\/v2\/comments?post=440641"}],"version-history":[{"count":1,"href":"https:\/\/agencia.ecclesia.pt\/portal\/wp-json\/wp\/v2\/posts\/440641\/revisions"}],"predecessor-version":[{"id":440645,"href":"https:\/\/agencia.ecclesia.pt\/portal\/wp-json\/wp\/v2\/posts\/440641\/revisions\/440645"}],"wp:featuredmedia":[{"embeddable":true,"href":"https:\/\/agencia.ecclesia.pt\/portal\/wp-json\/wp\/v2\/media\/440642"}],"wp:attachment":[{"href":"https:\/\/agencia.ecclesia.pt\/portal\/wp-json\/wp\/v2\/media?parent=440641"}],"wp:term":[{"taxonomy":"category","embeddable":true,"href":"https:\/\/agencia.ecclesia.pt\/portal\/wp-json\/wp\/v2\/categories?post=440641"},{"taxonomy":"post_tag","embeddable":true,"href":"https:\/\/agencia.ecclesia.pt\/portal\/wp-json\/wp\/v2\/tags?post=440641"}],"curies":[{"name":"wp","href":"https:\/\/api.w.org\/{rel}","templated":true}]}}