{"id":440637,"date":"2026-09-04T17:55:26","date_gmt":"2026-09-04T16:55:26","guid":{"rendered":"https:\/\/agencia.ecclesia.pt\/portal\/?p=440637"},"modified":"2026-09-04T17:55:26","modified_gmt":"2026-09-04T16:55:26","slug":"deus-e-fragil","status":"publish","type":"post","link":"https:\/\/agencia.ecclesia.pt\/portal\/deus-e-fragil\/","title":{"rendered":"Deus \u00e9 fr\u00e1gil?"},"content":{"rendered":"<p><em>Jos\u00e9 Lu\u00eds Nunes Martins<\/em><\/p>\n<p><!--more--><\/p>\n<figure id=\"attachment_440638\" aria-describedby=\"caption-attachment-440638\" style=\"width: 1024px\" class=\"wp-caption alignnone\"><a href=\"https:\/\/agencia.ecclesia.pt\/portal\/wp-content\/uploads\/2026\/09\/Foto-de-Ali-Shah-Lakhani-na-Unsplash.jpg\"><img fetchpriority=\"high\" decoding=\"async\" class=\"wp-image-440638 size-large\" src=\"https:\/\/agencia.ecclesia.pt\/portal\/wp-content\/uploads\/2026\/09\/Foto-de-Ali-Shah-Lakhani-na-Unsplash-1024x768.jpg\" alt=\"\" width=\"1024\" height=\"768\" srcset=\"https:\/\/agencia.ecclesia.pt\/portal\/wp-content\/uploads\/2026\/09\/Foto-de-Ali-Shah-Lakhani-na-Unsplash-1024x768.jpg 1024w, https:\/\/agencia.ecclesia.pt\/portal\/wp-content\/uploads\/2026\/09\/Foto-de-Ali-Shah-Lakhani-na-Unsplash-373x280.jpg 373w, https:\/\/agencia.ecclesia.pt\/portal\/wp-content\/uploads\/2026\/09\/Foto-de-Ali-Shah-Lakhani-na-Unsplash-768x576.jpg 768w, https:\/\/agencia.ecclesia.pt\/portal\/wp-content\/uploads\/2026\/09\/Foto-de-Ali-Shah-Lakhani-na-Unsplash-1536x1152.jpg 1536w, https:\/\/agencia.ecclesia.pt\/portal\/wp-content\/uploads\/2026\/09\/Foto-de-Ali-Shah-Lakhani-na-Unsplash.jpg 1920w\" sizes=\"(max-width: 1024px) 100vw, 1024px\" \/><\/a><figcaption id=\"caption-attachment-440638\" class=\"wp-caption-text\">Foto de Ali Shah Lakhani na Unsplash<\/figcaption><\/figure>\n<p>As nossas emo\u00e7\u00f5es s\u00e3o um defeito ou uma qualidade? Ser\u00edamos mais fortes se consegu\u00edssemos viver sem nos deixarmos tocar\u00a0pelo que acontece \u00e0 nossa volta?<\/p>\n<p>A fragilidade faz parte da natureza humana. No entanto, \u00e9 a nossa liberdade que decide se, perante cada adversidade do dia a dia, queremos sucumbir ou procurar salvar-nos.<\/p>\n<p>Quando se cede \u00e0s tenta\u00e7\u00f5es do f\u00e1cil, do imediato ou do c\u00f3modo, confundimos a fragilidade com uma fraqueza, porque n\u00e3o nos responsabilizamos pelo mal que acabamos por escolher. Mas, sempre que somos fortes, porque tamb\u00e9m somos livres para o ser, a fragilidade torna-se a base da nossa bondade.<\/p>\n<p>Ser\u00e1 que a fragilidade tamb\u00e9m faz parte da natureza divina? Sim. Deus \u00e9 forte, porque \u00e9 fr\u00e1gil. Perante as nossas quedas e infort\u00fanios, sofre, tal como um pai sofre sempre e de cada vez que os seus filhos caem ou lhe viram as costas. \u00c9 fr\u00e1gil, mas n\u00e3o por ser fraco. Bem pelo contr\u00e1rio: \u00e9 capaz de somar \u00e0s suas dores as que consegue roubar aos filhos.<\/p>\n<p>O amor \u00e9 uma fraqueza? N\u00e3o, a maior das nossas fraquezas talvez seja a de n\u00e3o sermos capazes de fazer mais por aqueles que amamos. O amor \u00e9 a nossa for\u00e7a, mas lev\u00e1-lo at\u00e9 ao fim depende tamb\u00e9m muito de n\u00f3s, das nossas decis\u00f5es.<\/p>\n<p>Estamos expostos ao mundo. Nada do que nos faz sofrer \u00e9 estranho \u00e0 nossa alma. \u00c9 essa sensibilidade que nos revela o caminho para o c\u00e9u. Procurar amar os que est\u00e3o pr\u00f3ximos de n\u00f3s em cada momento.<\/p>\n<p>A fragilidade \u00e9 uma das marcas mais puras da bondade.<\/p>\n<p><span style=\"font-size: 10pt;\"><em>(Os artigos de opini\u00e3o publicados na sec\u00e7\u00e3o \u2018Opini\u00e3o\u2019 e \u2018Rubricas\u2019 do portal da Ag\u00eancia Ecclesia s\u00e3o da responsabilidade de quem os assina e vinculam apenas os seus autores.)<\/em><\/span><\/p>\n","protected":false},"excerpt":{"rendered":"<p>Jos\u00e9 Lu\u00eds Nunes Martins<\/p>\n","protected":false},"author":1,"featured_media":417759,"comment_status":"closed","ping_status":"closed","sticky":false,"template":"","format":"standard","meta":{"site-sidebar-layout":"default","site-content-layout":"","ast-site-content-layout":"default","site-content-style":"default","site-sidebar-style":"default","ast-global-header-display":"","ast-banner-title-visibility":"","ast-main-header-display":"","ast-hfb-above-header-display":"","ast-hfb-below-header-display":"","ast-hfb-mobile-header-display":"","site-post-title":"","ast-breadcrumbs-content":"","ast-featured-img":"","footer-sml-layout":"","ast-disable-related-posts":"","theme-transparent-header-meta":"default","adv-header-id-meta":"","stick-header-meta":"default","header-above-stick-meta":"","header-main-stick-meta":"","header-below-stick-meta":"","astra-migrate-meta-layouts":"set","ast-page-background-enabled":"default","ast-page-background-meta":{"desktop":{"background-color":"var(--ast-global-color-4)","background-image":"","background-repeat":"repeat","background-position":"center center","background-size":"auto","background-attachment":"scroll","background-type":"","background-media":"","overlay-type":"","overlay-color":"","overlay-opacity":"","overlay-gradient":""},"tablet":{"background-color":"","background-image":"","background-repeat":"repeat","background-position":"center center","background-size":"auto","background-attachment":"scroll","background-type":"","background-media":"","overlay-type":"","overlay-color":"","overlay-opacity":"","overlay-gradient":""},"mobile":{"background-color":"","background-image":"","background-repeat":"repeat","background-position":"center center","background-size":"auto","background-attachment":"scroll","background-type":"","background-media":"","overlay-type":"","overlay-color":"","overlay-opacity":"","overlay-gradient":""}},"ast-content-background-meta":{"desktop":{"background-color":"var(--ast-global-color-5)","background-image":"","background-repeat":"repeat","background-position":"center center","background-size":"auto","background-attachment":"scroll","background-type":"","background-media":"","overlay-type":"","overlay-color":"","overlay-opacity":"","overlay-gradient":""},"tablet":{"background-color":"var(--ast-global-color-5)","background-image":"","background-repeat":"repeat","background-position":"center center","background-size":"auto","background-attachment":"scroll","background-type":"","background-media":"","overlay-type":"","overlay-color":"","overlay-opacity":"","overlay-gradient":""},"mobile":{"background-color":"var(--ast-global-color-5)","background-image":"","background-repeat":"repeat","background-position":"center center","background-size":"auto","background-attachment":"scroll","background-type":"","background-media":"","overlay-type":"","overlay-color":"","overlay-opacity":"","overlay-gradient":""}},"footnotes":""},"categories":[75],"tags":[],"class_list":["post-440637","post","type-post","status-publish","format-standard","has-post-thumbnail","hentry","category-opiniao-rubricas"],"_links":{"self":[{"href":"https:\/\/agencia.ecclesia.pt\/portal\/wp-json\/wp\/v2\/posts\/440637","targetHints":{"allow":["GET"]}}],"collection":[{"href":"https:\/\/agencia.ecclesia.pt\/portal\/wp-json\/wp\/v2\/posts"}],"about":[{"href":"https:\/\/agencia.ecclesia.pt\/portal\/wp-json\/wp\/v2\/types\/post"}],"author":[{"embeddable":true,"href":"https:\/\/agencia.ecclesia.pt\/portal\/wp-json\/wp\/v2\/users\/1"}],"replies":[{"embeddable":true,"href":"https:\/\/agencia.ecclesia.pt\/portal\/wp-json\/wp\/v2\/comments?post=440637"}],"version-history":[{"count":1,"href":"https:\/\/agencia.ecclesia.pt\/portal\/wp-json\/wp\/v2\/posts\/440637\/revisions"}],"predecessor-version":[{"id":440640,"href":"https:\/\/agencia.ecclesia.pt\/portal\/wp-json\/wp\/v2\/posts\/440637\/revisions\/440640"}],"wp:featuredmedia":[{"embeddable":true,"href":"https:\/\/agencia.ecclesia.pt\/portal\/wp-json\/wp\/v2\/media\/417759"}],"wp:attachment":[{"href":"https:\/\/agencia.ecclesia.pt\/portal\/wp-json\/wp\/v2\/media?parent=440637"}],"wp:term":[{"taxonomy":"category","embeddable":true,"href":"https:\/\/agencia.ecclesia.pt\/portal\/wp-json\/wp\/v2\/categories?post=440637"},{"taxonomy":"post_tag","embeddable":true,"href":"https:\/\/agencia.ecclesia.pt\/portal\/wp-json\/wp\/v2\/tags?post=440637"}],"curies":[{"name":"wp","href":"https:\/\/api.w.org\/{rel}","templated":true}]}}