{"id":440634,"date":"2026-09-05T08:41:43","date_gmt":"2026-09-05T07:41:43","guid":{"rendered":"https:\/\/agencia.ecclesia.pt\/portal\/?p=440634"},"modified":"2026-09-04T17:44:23","modified_gmt":"2026-09-04T16:44:23","slug":"solidariedade-portugal-responsaveis-da-igreja-e-da-sociedade-civil-evocam-legado-de-eugenio-fonseca-junto-dos-mais-pobres","status":"publish","type":"post","link":"https:\/\/agencia.ecclesia.pt\/portal\/solidariedade-portugal-responsaveis-da-igreja-e-da-sociedade-civil-evocam-legado-de-eugenio-fonseca-junto-dos-mais-pobres\/","title":{"rendered":"Solidariedade\/Portugal: Respons\u00e1veis da Igreja e da sociedade civil evocam legado de Eug\u00e9nio Fonseca junto dos mais pobres"},"content":{"rendered":"<p><em>Programa \u00ab70&#215;7\u00bb recorda \u00faltimas declara\u00e7\u00f5es do antigo presidente da C\u00e1ritas <\/em><!--more--><\/p>\n<div class=\"epyt-video-wrapper\"><iframe  id=\"_ytid_12137\"  width=\"480\" height=\"270\"  data-origwidth=\"480\" data-origheight=\"270\" src=\"https:\/\/www.youtube.com\/embed\/hTLb49LquLc?enablejsapi=1&#038;autoplay=0&#038;cc_load_policy=0&#038;cc_lang_pref=pt&#038;iv_load_policy=1&#038;loop=0&#038;rel=0&#038;fs=1&#038;playsinline=1&#038;autohide=2&#038;theme=dark&#038;color=red&#038;controls=1&#038;disablekb=0&#038;\" class=\"__youtube_prefs__  epyt-is-override  no-lazyload\" title=\"YouTube player\"  allow=\"fullscreen; accelerometer; autoplay; clipboard-write; encrypted-media; gyroscope; picture-in-picture; web-share\" referrerpolicy=\"strict-origin-when-cross-origin\" allowfullscreen data-no-lazy=\"1\" data-skipgform_ajax_framebjll=\"\"><\/iframe><\/div>\n<p>Lisboa, 05 set 2026 (Ecclesia) \u2013 O programa \u201870&#215;7\u2019 vai evocar este domingo a interven\u00e7\u00e3o social de Eug\u00e9nio Fonseca, falecido a 12 de agosto, reunindo testemunhos sobre a sua dedica\u00e7\u00e3o \u00e0 causa dos mais fr\u00e1geis.<\/p>\n<p>&#8220;Ou nos deixamos adormecer e nos deitamos para passar a onda, ou vamos rasgar madrugadas diferentes&#8221;, desafiava o antigo presidente da C\u00e1ritas Portuguesa, homenageado numa entrevista concedida \u00e0 Ag\u00eancia ECCLESIA poucos dias antes da sua morte repentina.<\/p>\n<p>O bispo de Set\u00fabal, cardeal Am\u00e9rico Aguiar, presidiu \u00e0s ex\u00e9quias na catedral sadina e descreveu Eug\u00e9nio Fonseca como o homem justo do Evangelho que &#8220;n\u00e3o consegue ficar indiferente \u00e0 vida dos seus irm\u00e3os&#8221;.<\/p>\n<p>A atual presidente da C\u00e1ritas Portuguesa, Rita Valadas, evocou o perfil de um &#8220;homem de prop\u00f3sitos fortes&#8221;, evidenciando a sua capacidade para identificar os novos contornos da pobreza em cada contexto temporal.<\/p>\n<p>O presidente da C\u00e1ritas Diocesana de Set\u00fabal, Paulo Valente da Cruz, relatou o acompanhamento e os alertas telef\u00f3nicos constantes que recebia sobre as situa\u00e7\u00f5es de car\u00eancia na regi\u00e3o, assumindo o percurso do antigo dirigente como um &#8220;farol&#8221; para a a\u00e7\u00e3o social.<\/p>\n<p>J\u00e1 antiga ministra do Trabalho, Solidariedade e Seguran\u00e7a Social, Ana Mendes Godinho, recordou o contacto governativo insistente com Eug\u00e9nio Fonseca, elogiando o seu &#8220;amor como forma de fazer pol\u00edtica&#8221; sustentado numa atitude de esperan\u00e7a.<\/p>\n<p>O investigador social Manuel Carvalho da Silva, antigo secret\u00e1rio-geral da CGTP, marcou presen\u00e7a na despedida para destacar as &#8220;convic\u00e7\u00f5es profundas&#8221; do amigo na promo\u00e7\u00e3o coletiva da dignidade humana, lamentando que os portugueses continuem &#8220;muito tolerantes perante a pobreza&#8221;.<\/p>\n<p>A emiss\u00e3o televisiva recupera ainda as mem\u00f3rias do padre Jos\u00e9 Lobato, que acompanhou o despertar solid\u00e1rio do homenageado quando este tinha apenas 12 anos de idade.<\/p>\n<p>O \u201870&#215;7\u2019, centrado no lema de &#8220;Um homem que n\u00e3o passou ao lado&#8221;, vai ser emitido este domingo na RTP2, a partir das 15h25.<\/p>\n<p><em>HM\/OC<\/em><\/p>\n","protected":false},"excerpt":{"rendered":"<p>Programa \u00ab70&#215;7\u00bb recorda \u00faltimas declara\u00e7\u00f5es do antigo presidente da C\u00e1ritas<\/p>\n","protected":false},"author":2,"featured_media":440635,"comment_status":"closed","ping_status":"closed","sticky":false,"template":"","format":"standard","meta":{"site-sidebar-layout":"default","site-content-layout":"","ast-site-content-layout":"default","site-content-style":"default","site-sidebar-style":"default","ast-global-header-display":"","ast-banner-title-visibility":"","ast-main-header-display":"","ast-hfb-above-header-display":"","ast-hfb-below-header-display":"","ast-hfb-mobile-header-display":"","site-post-title":"","ast-breadcrumbs-content":"","ast-featured-img":"","footer-sml-layout":"","ast-disable-related-posts":"","theme-transparent-header-meta":"default","adv-header-id-meta":"","stick-header-meta":"default","header-above-stick-meta":"","header-main-stick-meta":"","header-below-stick-meta":"","astra-migrate-meta-layouts":"set","ast-page-background-enabled":"default","ast-page-background-meta":{"desktop":{"background-color":"var(--ast-global-color-4)","background-image":"","background-repeat":"repeat","background-position":"center center","background-size":"auto","background-attachment":"scroll","background-type":"","background-media":"","overlay-type":"","overlay-color":"","overlay-opacity":"","overlay-gradient":""},"tablet":{"background-color":"","background-image":"","background-repeat":"repeat","background-position":"center center","background-size":"auto","background-attachment":"scroll","background-type":"","background-media":"","overlay-type":"","overlay-color":"","overlay-opacity":"","overlay-gradient":""},"mobile":{"background-color":"","background-image":"","background-repeat":"repeat","background-position":"center center","background-size":"auto","background-attachment":"scroll","background-type":"","background-media":"","overlay-type":"","overlay-color":"","overlay-opacity":"","overlay-gradient":""}},"ast-content-background-meta":{"desktop":{"background-color":"var(--ast-global-color-5)","background-image":"","background-repeat":"repeat","background-position":"center center","background-size":"auto","background-attachment":"scroll","background-type":"","background-media":"","overlay-type":"","overlay-color":"","overlay-opacity":"","overlay-gradient":""},"tablet":{"background-color":"var(--ast-global-color-5)","background-image":"","background-repeat":"repeat","background-position":"center center","background-size":"auto","background-attachment":"scroll","background-type":"","background-media":"","overlay-type":"","overlay-color":"","overlay-opacity":"","overlay-gradient":""},"mobile":{"background-color":"var(--ast-global-color-5)","background-image":"","background-repeat":"repeat","background-position":"center center","background-size":"auto","background-attachment":"scroll","background-type":"","background-media":"","overlay-type":"","overlay-color":"","overlay-opacity":"","overlay-gradient":""}},"footnotes":""},"categories":[1019,3,980],"tags":[314],"class_list":["post-440634","post","type-post","status-publish","format-standard","has-post-thumbnail","hentry","category-manchete-ultimas","category-nacional","category-video","tag-solidariedade"],"_links":{"self":[{"href":"https:\/\/agencia.ecclesia.pt\/portal\/wp-json\/wp\/v2\/posts\/440634","targetHints":{"allow":["GET"]}}],"collection":[{"href":"https:\/\/agencia.ecclesia.pt\/portal\/wp-json\/wp\/v2\/posts"}],"about":[{"href":"https:\/\/agencia.ecclesia.pt\/portal\/wp-json\/wp\/v2\/types\/post"}],"author":[{"embeddable":true,"href":"https:\/\/agencia.ecclesia.pt\/portal\/wp-json\/wp\/v2\/users\/2"}],"replies":[{"embeddable":true,"href":"https:\/\/agencia.ecclesia.pt\/portal\/wp-json\/wp\/v2\/comments?post=440634"}],"version-history":[{"count":1,"href":"https:\/\/agencia.ecclesia.pt\/portal\/wp-json\/wp\/v2\/posts\/440634\/revisions"}],"predecessor-version":[{"id":440636,"href":"https:\/\/agencia.ecclesia.pt\/portal\/wp-json\/wp\/v2\/posts\/440634\/revisions\/440636"}],"wp:featuredmedia":[{"embeddable":true,"href":"https:\/\/agencia.ecclesia.pt\/portal\/wp-json\/wp\/v2\/media\/440635"}],"wp:attachment":[{"href":"https:\/\/agencia.ecclesia.pt\/portal\/wp-json\/wp\/v2\/media?parent=440634"}],"wp:term":[{"taxonomy":"category","embeddable":true,"href":"https:\/\/agencia.ecclesia.pt\/portal\/wp-json\/wp\/v2\/categories?post=440634"},{"taxonomy":"post_tag","embeddable":true,"href":"https:\/\/agencia.ecclesia.pt\/portal\/wp-json\/wp\/v2\/tags?post=440634"}],"curies":[{"name":"wp","href":"https:\/\/api.w.org\/{rel}","templated":true}]}}