{"id":440628,"date":"2026-09-04T17:18:03","date_gmt":"2026-09-04T16:18:03","guid":{"rendered":"https:\/\/agencia.ecclesia.pt\/portal\/?p=440628"},"modified":"2026-09-04T17:18:03","modified_gmt":"2026-09-04T16:18:03","slug":"fatima-cultura-santuario-lanca-livro-fotografico-com-mais-de-um-seculo-de-historia-da-cova-da-iria","status":"publish","type":"post","link":"https:\/\/agencia.ecclesia.pt\/portal\/fatima-cultura-santuario-lanca-livro-fotografico-com-mais-de-um-seculo-de-historia-da-cova-da-iria\/","title":{"rendered":"F\u00e1tima\/Cultura: Santu\u00e1rio lan\u00e7a livro fotogr\u00e1fico com mais de um s\u00e9culo de hist\u00f3ria da Cova da Iria"},"content":{"rendered":"<p><em>Obra \u00abprop\u00f5e um olhar sobre o fen\u00f3meno de F\u00e1tima atrav\u00e9s da fotografia captada por diferentes profissionais\u00bb<\/em><!--more--><\/p>\n<figure id=\"attachment_440630\" aria-describedby=\"caption-attachment-440630\" style=\"width: 1920px\" class=\"wp-caption alignnone\"><img fetchpriority=\"high\" decoding=\"async\" class=\"wp-image-440630 size-full\" src=\"https:\/\/agencia.ecclesia.pt\/portal\/wp-content\/uploads\/2026\/09\/livro-luis-pavao6.jpg\" alt=\"\" width=\"1920\" height=\"1280\" srcset=\"https:\/\/agencia.ecclesia.pt\/portal\/wp-content\/uploads\/2026\/09\/livro-luis-pavao6.jpg 1920w, https:\/\/agencia.ecclesia.pt\/portal\/wp-content\/uploads\/2026\/09\/livro-luis-pavao6-400x267.jpg 400w, https:\/\/agencia.ecclesia.pt\/portal\/wp-content\/uploads\/2026\/09\/livro-luis-pavao6-1024x683.jpg 1024w, https:\/\/agencia.ecclesia.pt\/portal\/wp-content\/uploads\/2026\/09\/livro-luis-pavao6-768x512.jpg 768w, https:\/\/agencia.ecclesia.pt\/portal\/wp-content\/uploads\/2026\/09\/livro-luis-pavao6-391x260.jpg 391w, https:\/\/agencia.ecclesia.pt\/portal\/wp-content\/uploads\/2026\/09\/livro-luis-pavao6-1536x1024.jpg 1536w\" sizes=\"(max-width: 1920px) 100vw, 1920px\" \/><figcaption id=\"caption-attachment-440630\" class=\"wp-caption-text\">Foto: Santu\u00e1rio de F\u00e1tima<\/figcaption><\/figure>\n<p>F\u00e1tima, 04 set 2026 (Ecclesia) \u2013 O Santu\u00e1rio de F\u00e1tima vai apresentar a 12 de setembro o livro \u2018F\u00e1tima escrita com luz\u2019, uma obra do fot\u00f3grafo Lu\u00eds Pav\u00e3o dedicada \u00e0 mem\u00f3ria visual da institui\u00e7\u00e3o mariana, informa um comunicado divulgado hoje.<\/p>\n<p>&#8220;F\u00e1tima escrita com luz prop\u00f5e um olhar sobre o fen\u00f3meno de F\u00e1tima atrav\u00e9s da fotografia captada por diferentes profissionais&#8221;, destaca a nota de imprensa sobre a obra que re\u00fane 408 imagens hist\u00f3ricas.<\/p>\n<p>A publica\u00e7\u00e3o integra a cole\u00e7\u00e3o Arte e Patrim\u00f3nio com a ambi\u00e7\u00e3o de desenhar um &#8220;percurso visual por mais de um s\u00e9culo&#8221; no territ\u00f3rio da Cova da Iria, assinala o santu\u00e1rio nacional.<\/p>\n<p>As centenas de fotografias retiradas do arquivo local &#8220;documentam peregrinos, multid\u00f5es, momentos de devo\u00e7\u00e3o, transforma\u00e7\u00f5es do Santu\u00e1rio e diferentes dimens\u00f5es sociais e humanas&#8221;, contextualiza a organiza\u00e7\u00e3o.<\/p>\n<p>O volume fotogr\u00e1fico encontra-se estruturado em &#8220;cinco cap\u00edtulos cronol\u00f3gicos (de 1917 a 2021)&#8221; e acolhe um segmento tem\u00e1tico exclusivo dedicado &#8220;\u00e0s viagens da Imagem Peregrina de Nossa Senhora de F\u00e1tima, iniciadas em 1947&#8221;, detalha o texto.<\/p>\n<figure id=\"attachment_440629\" aria-describedby=\"caption-attachment-440629\" style=\"width: 400px\" class=\"wp-caption alignright\"><img decoding=\"async\" class=\"size-medium wp-image-440629\" src=\"https:\/\/agencia.ecclesia.pt\/portal\/wp-content\/uploads\/2026\/09\/livro-luis-pavao4-400x267.jpg\" alt=\"\" width=\"400\" height=\"267\" srcset=\"https:\/\/agencia.ecclesia.pt\/portal\/wp-content\/uploads\/2026\/09\/livro-luis-pavao4-400x267.jpg 400w, https:\/\/agencia.ecclesia.pt\/portal\/wp-content\/uploads\/2026\/09\/livro-luis-pavao4-1024x683.jpg 1024w, https:\/\/agencia.ecclesia.pt\/portal\/wp-content\/uploads\/2026\/09\/livro-luis-pavao4-768x512.jpg 768w, https:\/\/agencia.ecclesia.pt\/portal\/wp-content\/uploads\/2026\/09\/livro-luis-pavao4-391x260.jpg 391w, https:\/\/agencia.ecclesia.pt\/portal\/wp-content\/uploads\/2026\/09\/livro-luis-pavao4-1536x1024.jpg 1536w, https:\/\/agencia.ecclesia.pt\/portal\/wp-content\/uploads\/2026\/09\/livro-luis-pavao4.jpg 1920w\" sizes=\"(max-width: 400px) 100vw, 400px\" \/><figcaption id=\"caption-attachment-440629\" class=\"wp-caption-text\">Foto: Santu\u00e1rio de F\u00e1tima<\/figcaption><\/figure>\n<p>A sele\u00e7\u00e3o curatorial resulta do &#8220;conhecimento aprofundado que Lu\u00eds Pav\u00e3o adquiriu do acervo fotogr\u00e1fico&#8221;, alicer\u00e7ado entre 1999 e 2005, \u00e9poca em que o especialista assessorou o N\u00facleo Audiovisual nos trabalhos de &#8220;preserva\u00e7\u00e3o, organiza\u00e7\u00e3o, descri\u00e7\u00e3o e digitaliza\u00e7\u00e3o das cole\u00e7\u00f5es&#8221;.<\/p>\n<p>A apresenta\u00e7\u00e3o p\u00fablica da obra decorre \u00e0s 17h00 no espa\u00e7o do Centro Pastoral de Paulo VI, sob a condu\u00e7\u00e3o de Marco Daniel Duarte, autor do &#8220;pref\u00e1cio&#8221; e diretor da Academia de Estudos do Santu\u00e1rio de F\u00e1tima.<\/p>\n<p>O lan\u00e7amento editorial, que contar\u00e1 com a presen\u00e7a do fot\u00f3grafo, constituir\u00e1 um momento de debate sobre o &#8220;papel da fotografia na documenta\u00e7\u00e3o e divulga\u00e7\u00e3o do fen\u00f3meno&#8221; \u00e0 escala global, conclui o comunicado.<\/p>\n<p><em>OC<\/em><\/p>\n","protected":false},"excerpt":{"rendered":"<p>Obra \u00abprop\u00f5e um olhar sobre o fen\u00f3meno de F\u00e1tima atrav\u00e9s da fotografia captada por diferentes profissionais\u00bb<\/p>\n","protected":false},"author":2,"featured_media":440630,"comment_status":"closed","ping_status":"closed","sticky":false,"template":"","format":"standard","meta":{"site-sidebar-layout":"default","site-content-layout":"","ast-site-content-layout":"default","site-content-style":"default","site-sidebar-style":"default","ast-global-header-display":"","ast-banner-title-visibility":"","ast-main-header-display":"","ast-hfb-above-header-display":"","ast-hfb-below-header-display":"","ast-hfb-mobile-header-display":"","site-post-title":"","ast-breadcrumbs-content":"","ast-featured-img":"","footer-sml-layout":"","ast-disable-related-posts":"","theme-transparent-header-meta":"default","adv-header-id-meta":"","stick-header-meta":"default","header-above-stick-meta":"","header-main-stick-meta":"","header-below-stick-meta":"","astra-migrate-meta-layouts":"set","ast-page-background-enabled":"default","ast-page-background-meta":{"desktop":{"background-color":"var(--ast-global-color-4)","background-image":"","background-repeat":"repeat","background-position":"center center","background-size":"auto","background-attachment":"scroll","background-type":"","background-media":"","overlay-type":"","overlay-color":"","overlay-opacity":"","overlay-gradient":""},"tablet":{"background-color":"","background-image":"","background-repeat":"repeat","background-position":"center center","background-size":"auto","background-attachment":"scroll","background-type":"","background-media":"","overlay-type":"","overlay-color":"","overlay-opacity":"","overlay-gradient":""},"mobile":{"background-color":"","background-image":"","background-repeat":"repeat","background-position":"center center","background-size":"auto","background-attachment":"scroll","background-type":"","background-media":"","overlay-type":"","overlay-color":"","overlay-opacity":"","overlay-gradient":""}},"ast-content-background-meta":{"desktop":{"background-color":"var(--ast-global-color-5)","background-image":"","background-repeat":"repeat","background-position":"center center","background-size":"auto","background-attachment":"scroll","background-type":"","background-media":"","overlay-type":"","overlay-color":"","overlay-opacity":"","overlay-gradient":""},"tablet":{"background-color":"var(--ast-global-color-5)","background-image":"","background-repeat":"repeat","background-position":"center center","background-size":"auto","background-attachment":"scroll","background-type":"","background-media":"","overlay-type":"","overlay-color":"","overlay-opacity":"","overlay-gradient":""},"mobile":{"background-color":"var(--ast-global-color-5)","background-image":"","background-repeat":"repeat","background-position":"center center","background-size":"auto","background-attachment":"scroll","background-type":"","background-media":"","overlay-type":"","overlay-color":"","overlay-opacity":"","overlay-gradient":""}},"footnotes":""},"categories":[79,3],"tags":[207],"class_list":["post-440628","post","type-post","status-publish","format-standard","has-post-thumbnail","hentry","category-destaque1","category-nacional","tag-fatima"],"_links":{"self":[{"href":"https:\/\/agencia.ecclesia.pt\/portal\/wp-json\/wp\/v2\/posts\/440628","targetHints":{"allow":["GET"]}}],"collection":[{"href":"https:\/\/agencia.ecclesia.pt\/portal\/wp-json\/wp\/v2\/posts"}],"about":[{"href":"https:\/\/agencia.ecclesia.pt\/portal\/wp-json\/wp\/v2\/types\/post"}],"author":[{"embeddable":true,"href":"https:\/\/agencia.ecclesia.pt\/portal\/wp-json\/wp\/v2\/users\/2"}],"replies":[{"embeddable":true,"href":"https:\/\/agencia.ecclesia.pt\/portal\/wp-json\/wp\/v2\/comments?post=440628"}],"version-history":[{"count":1,"href":"https:\/\/agencia.ecclesia.pt\/portal\/wp-json\/wp\/v2\/posts\/440628\/revisions"}],"predecessor-version":[{"id":440632,"href":"https:\/\/agencia.ecclesia.pt\/portal\/wp-json\/wp\/v2\/posts\/440628\/revisions\/440632"}],"wp:featuredmedia":[{"embeddable":true,"href":"https:\/\/agencia.ecclesia.pt\/portal\/wp-json\/wp\/v2\/media\/440630"}],"wp:attachment":[{"href":"https:\/\/agencia.ecclesia.pt\/portal\/wp-json\/wp\/v2\/media?parent=440628"}],"wp:term":[{"taxonomy":"category","embeddable":true,"href":"https:\/\/agencia.ecclesia.pt\/portal\/wp-json\/wp\/v2\/categories?post=440628"},{"taxonomy":"post_tag","embeddable":true,"href":"https:\/\/agencia.ecclesia.pt\/portal\/wp-json\/wp\/v2\/tags?post=440628"}],"curies":[{"name":"wp","href":"https:\/\/api.w.org\/{rel}","templated":true}]}}