{"id":440620,"date":"2026-09-04T13:28:45","date_gmt":"2026-09-04T12:28:45","guid":{"rendered":"https:\/\/agencia.ecclesia.pt\/portal\/?p=440620"},"modified":"2026-09-04T13:28:45","modified_gmt":"2026-09-04T12:28:45","slug":"igreja-ambiente-responsavel-da-rede-cuidar-da-casa-comum-apela-a-conversao-do-coracao-perante-urgencia-ecologica","status":"publish","type":"post","link":"https:\/\/agencia.ecclesia.pt\/portal\/igreja-ambiente-responsavel-da-rede-cuidar-da-casa-comum-apela-a-conversao-do-coracao-perante-urgencia-ecologica\/","title":{"rendered":"Igreja\/Ambiente: Respons\u00e1vel da Rede Cuidar da Casa Comum apela \u00e0 \u00abconvers\u00e3o do cora\u00e7\u00e3o\u00bb perante urg\u00eancia ecol\u00f3gica"},"content":{"rendered":"<p><em>\u00abOs sinais s\u00e3o mais que evidentes, temos de mudar de atitudes\u00bb, diz Juan Ambr\u00f3sio<\/em><!--more--><\/p>\n<figure id=\"attachment_440515\" aria-describedby=\"caption-attachment-440515\" style=\"width: 2048px\" class=\"wp-caption alignnone\"><img fetchpriority=\"high\" decoding=\"async\" class=\"wp-image-440515 size-full\" src=\"https:\/\/agencia.ecclesia.pt\/portal\/wp-content\/uploads\/2026\/09\/natureza_OC.jpg\" alt=\"\" width=\"2048\" height=\"1536\" srcset=\"https:\/\/agencia.ecclesia.pt\/portal\/wp-content\/uploads\/2026\/09\/natureza_OC.jpg 2048w, https:\/\/agencia.ecclesia.pt\/portal\/wp-content\/uploads\/2026\/09\/natureza_OC-373x280.jpg 373w, https:\/\/agencia.ecclesia.pt\/portal\/wp-content\/uploads\/2026\/09\/natureza_OC-1024x768.jpg 1024w, https:\/\/agencia.ecclesia.pt\/portal\/wp-content\/uploads\/2026\/09\/natureza_OC-768x576.jpg 768w, https:\/\/agencia.ecclesia.pt\/portal\/wp-content\/uploads\/2026\/09\/natureza_OC-1536x1152.jpg 1536w\" sizes=\"(max-width: 2048px) 100vw, 2048px\" \/><figcaption id=\"caption-attachment-440515\" class=\"wp-caption-text\">Foto Ag\u00eancia ECCLESIA\/OC<\/figcaption><\/figure>\n<p>Lisboa, 04 set 2026 (Ecclesia) \u2013 Juan Ambr\u00f3sio, professor universit\u00e1rio e membro da Rede \u2018Cuidar da Casa Comum\u2019, sublinhou a necessidade de uma mudan\u00e7a de comportamentos perante os danos ambientais, desafiando a sociedade a &#8220;habituar-se a viver com menos&#8221;.<\/p>\n<p>&#8220;Os sinais s\u00e3o mais que evidentes, temos de mudar de atitudes&#8221;, alertou Juan Ambr\u00f3sio em entrevista ao Programa ECCLESIA, emitida hoje na RTP2, sublinhando que &#8220;ainda \u00e9 poss\u00edvel inverter&#8221; a atual crise global &#8220;por op\u00e7\u00e3o&#8221; ou &#8220;por convic\u00e7\u00e3o&#8221;.<\/p>\n<p>O coordenador da institui\u00e7\u00e3o abordou o arranque do Tempo da Cria\u00e7\u00e3o (1 de setembro a 4 de outubro), iniciativa ecum\u00e9nica de reflex\u00e3o e a\u00e7\u00e3o ecol\u00f3gica, garantindo que a convic\u00e7\u00e3o manifestada pelo Papa Le\u00e3o XIV de que &#8220;ainda n\u00e3o \u00e9 tarde&#8221; para mudar constitui &#8220;uma atitude pedag\u00f3gica positiva&#8221; para evitar a in\u00e9rcia.<\/p>\n<p>O te\u00f3logo portugu\u00eas recusou a tenta\u00e7\u00e3o de desvalorizar os contributos individuais, observando que, &#8220;num planeta onde os recursos s\u00e3o limitados&#8221;, a exig\u00eancia material excessiva &#8220;s\u00f3 pode ser \u00e0 custa de que outros tenham cada vez menos&#8221;.<\/p>\n<p>Juan Ambr\u00f3sio recordou tamb\u00e9m o alerta mensal do Papa em defesa da preserva\u00e7\u00e3o dos recursos h\u00eddricos, avisando que o &#8220;cuidado com a \u00e1gua pode ser sinal evidente do nosso cuidado com a vida&#8221;, uma vez tratar-se de &#8220;um bem essencial&#8221; e n\u00e3o de um produto transacion\u00e1vel.<\/p>\n<p>A a\u00e7\u00e3o da estrutura nacional alarga-se \u00e0 cria\u00e7\u00e3o de &#8220;focos de convers\u00e3o ecol\u00f3gica&#8221; locais, sustentando o respons\u00e1vel que a enc\u00edclica &#8216;Laudato Si&#8221; tem de ser associada \u00e0 enc\u00edclica &#8216;Fratelli Tutti&#8217; para assegurar simultaneamente o &#8220;cuidado da Casa Comum e o cuidado do humano comum&#8221;.<\/p>\n<p>Projetando as leituras b\u00edblicas que v\u00e3o ser proclamadas no pr\u00f3ximo domingo, o te\u00f3logo convida as comunidades crist\u00e3s a afirmarem-se como &#8220;sentinelas do cuidado da casa comum&#8221;, exigindo uma pastoral que privilegie &#8220;a reconcilia\u00e7\u00e3o&#8221; e o perd\u00e3o, distanciando-se definitivamente de pr\u00e1ticas de &#8220;julgamento em pra\u00e7a p\u00fablica&#8221;.<\/p>\n<p>A agenda oficial da Rede para as pr\u00f3ximas semanas inclui um encontro online de equipas ecol\u00f3gicas a 17 de setembro, uma celebra\u00e7\u00e3o a 19 de setembro nas margens do rio Tejo &#8220;juntamente com os irm\u00e3os da Igreja Lusitana&#8221;, e a integra\u00e7\u00e3o na caminhada &#8220;Passos pela Paz&#8221;, agendada para dia 27, em Coimbra.<\/p>\n<p><em>PR\/OC<\/em><\/p>\n","protected":false},"excerpt":{"rendered":"<p>\u00abOs sinais s\u00e3o mais que evidentes, temos de mudar de atitudes\u00bb, diz Juan Ambr\u00f3sio<\/p>\n","protected":false},"author":2,"featured_media":440515,"comment_status":"closed","ping_status":"closed","sticky":false,"template":"","format":"standard","meta":{"site-sidebar-layout":"default","site-content-layout":"","ast-site-content-layout":"default","site-content-style":"default","site-sidebar-style":"default","ast-global-header-display":"","ast-banner-title-visibility":"","ast-main-header-display":"","ast-hfb-above-header-display":"","ast-hfb-below-header-display":"","ast-hfb-mobile-header-display":"","site-post-title":"","ast-breadcrumbs-content":"","ast-featured-img":"","footer-sml-layout":"","ast-disable-related-posts":"","theme-transparent-header-meta":"default","adv-header-id-meta":"","stick-header-meta":"default","header-above-stick-meta":"","header-main-stick-meta":"","header-below-stick-meta":"","astra-migrate-meta-layouts":"set","ast-page-background-enabled":"default","ast-page-background-meta":{"desktop":{"background-color":"var(--ast-global-color-4)","background-image":"","background-repeat":"repeat","background-position":"center center","background-size":"auto","background-attachment":"scroll","background-type":"","background-media":"","overlay-type":"","overlay-color":"","overlay-opacity":"","overlay-gradient":""},"tablet":{"background-color":"","background-image":"","background-repeat":"repeat","background-position":"center center","background-size":"auto","background-attachment":"scroll","background-type":"","background-media":"","overlay-type":"","overlay-color":"","overlay-opacity":"","overlay-gradient":""},"mobile":{"background-color":"","background-image":"","background-repeat":"repeat","background-position":"center center","background-size":"auto","background-attachment":"scroll","background-type":"","background-media":"","overlay-type":"","overlay-color":"","overlay-opacity":"","overlay-gradient":""}},"ast-content-background-meta":{"desktop":{"background-color":"var(--ast-global-color-5)","background-image":"","background-repeat":"repeat","background-position":"center center","background-size":"auto","background-attachment":"scroll","background-type":"","background-media":"","overlay-type":"","overlay-color":"","overlay-opacity":"","overlay-gradient":""},"tablet":{"background-color":"var(--ast-global-color-5)","background-image":"","background-repeat":"repeat","background-position":"center center","background-size":"auto","background-attachment":"scroll","background-type":"","background-media":"","overlay-type":"","overlay-color":"","overlay-opacity":"","overlay-gradient":""},"mobile":{"background-color":"var(--ast-global-color-5)","background-image":"","background-repeat":"repeat","background-position":"center center","background-size":"auto","background-attachment":"scroll","background-type":"","background-media":"","overlay-type":"","overlay-color":"","overlay-opacity":"","overlay-gradient":""}},"footnotes":""},"categories":[55,3],"tags":[414,192,256],"class_list":["post-440620","post","type-post","status-publish","format-standard","has-post-thumbnail","hentry","category-manchete","category-nacional","tag-ecologia","tag-ecumenismo","tag-meio-ambiente"],"_links":{"self":[{"href":"https:\/\/agencia.ecclesia.pt\/portal\/wp-json\/wp\/v2\/posts\/440620","targetHints":{"allow":["GET"]}}],"collection":[{"href":"https:\/\/agencia.ecclesia.pt\/portal\/wp-json\/wp\/v2\/posts"}],"about":[{"href":"https:\/\/agencia.ecclesia.pt\/portal\/wp-json\/wp\/v2\/types\/post"}],"author":[{"embeddable":true,"href":"https:\/\/agencia.ecclesia.pt\/portal\/wp-json\/wp\/v2\/users\/2"}],"replies":[{"embeddable":true,"href":"https:\/\/agencia.ecclesia.pt\/portal\/wp-json\/wp\/v2\/comments?post=440620"}],"version-history":[{"count":1,"href":"https:\/\/agencia.ecclesia.pt\/portal\/wp-json\/wp\/v2\/posts\/440620\/revisions"}],"predecessor-version":[{"id":440622,"href":"https:\/\/agencia.ecclesia.pt\/portal\/wp-json\/wp\/v2\/posts\/440620\/revisions\/440622"}],"wp:featuredmedia":[{"embeddable":true,"href":"https:\/\/agencia.ecclesia.pt\/portal\/wp-json\/wp\/v2\/media\/440515"}],"wp:attachment":[{"href":"https:\/\/agencia.ecclesia.pt\/portal\/wp-json\/wp\/v2\/media?parent=440620"}],"wp:term":[{"taxonomy":"category","embeddable":true,"href":"https:\/\/agencia.ecclesia.pt\/portal\/wp-json\/wp\/v2\/categories?post=440620"},{"taxonomy":"post_tag","embeddable":true,"href":"https:\/\/agencia.ecclesia.pt\/portal\/wp-json\/wp\/v2\/tags?post=440620"}],"curies":[{"name":"wp","href":"https:\/\/api.w.org\/{rel}","templated":true}]}}