{"id":440616,"date":"2026-09-04T12:29:18","date_gmt":"2026-09-04T11:29:18","guid":{"rendered":"https:\/\/agencia.ecclesia.pt\/portal\/?p=440616"},"modified":"2026-09-04T12:29:18","modified_gmt":"2026-09-04T11:29:18","slug":"vaticano-papa-apela-a-educacao-baseada-na-dignidade-humana-e-no-bem-comum","status":"publish","type":"post","link":"https:\/\/agencia.ecclesia.pt\/portal\/vaticano-papa-apela-a-educacao-baseada-na-dignidade-humana-e-no-bem-comum\/","title":{"rendered":"Vaticano: Papa apela a educa\u00e7\u00e3o baseada na dignidade humana e no bem comum"},"content":{"rendered":"<p><em>Le\u00e3o XIV recebeu delega\u00e7\u00e3o da Universidade de Oxford<\/em><!--more--><\/p>\n<figure id=\"attachment_440617\" aria-describedby=\"caption-attachment-440617\" style=\"width: 1280px\" class=\"wp-caption alignnone\"><img fetchpriority=\"high\" decoding=\"async\" class=\"wp-image-440617 size-full\" src=\"https:\/\/agencia.ecclesia.pt\/portal\/wp-content\/uploads\/2026\/09\/cq5dam.thumbnail.cropped.1500.844.jpeg\" alt=\"\" width=\"1280\" height=\"844\" srcset=\"https:\/\/agencia.ecclesia.pt\/portal\/wp-content\/uploads\/2026\/09\/cq5dam.thumbnail.cropped.1500.844.jpeg 1280w, https:\/\/agencia.ecclesia.pt\/portal\/wp-content\/uploads\/2026\/09\/cq5dam.thumbnail.cropped.1500.844-400x264.jpeg 400w, https:\/\/agencia.ecclesia.pt\/portal\/wp-content\/uploads\/2026\/09\/cq5dam.thumbnail.cropped.1500.844-1024x675.jpeg 1024w, https:\/\/agencia.ecclesia.pt\/portal\/wp-content\/uploads\/2026\/09\/cq5dam.thumbnail.cropped.1500.844-768x506.jpeg 768w\" sizes=\"(max-width: 1280px) 100vw, 1280px\" \/><figcaption id=\"caption-attachment-440617\" class=\"wp-caption-text\">Foto: Vatican Media<\/figcaption><\/figure>\n<p>Cidade do Vaticano, 04 set 2026 (Ecclesia) \u2013 O Papa recebeu hoje uma delega\u00e7\u00e3o do <em>Oriel College<\/em> da Universidade de Oxford, instando as institui\u00e7\u00f5es acad\u00e9micas a promoverem uma forma\u00e7\u00e3o alicer\u00e7ada no servi\u00e7o e na justi\u00e7a.<\/p>\n<p>&#8220;No contexto dos atuais desafios, o pensamento de Newman sobre a educa\u00e7\u00e3o \u00e9 particularmente pertinente, pois prop\u00f5e uma forma\u00e7\u00e3o crist\u00e3 que abra\u00e7a a pessoa inteira e mede o valor da educa\u00e7\u00e3o no eixo da dignidade humana, da justi\u00e7a e da capacidade de servir o bem comum&#8221;, sublinhou Le\u00e3o XIV, numa interven\u00e7\u00e3o citada pelo portal \u2018Vatican News\u2019.<\/p>\n<p>A audi\u00eancia na Sala do Consist\u00f3rio assinalou os 700 anos da concess\u00e3o real da institui\u00e7\u00e3o brit\u00e2nica, pedindo o Papa que a comunidade acad\u00e9mica procure &#8220;com coragem a verdade&#8221; atrav\u00e9s da &#8220;vis\u00e3o antropol\u00f3gica integral&#8221; de S\u00e3o John Henry Newman (1801-1890).<\/p>\n<p>O encontro recordou a liga\u00e7\u00e3o do antigo estudante e docente ao col\u00e9gio de Oxford, evidenciando Le\u00e3o XIV que o cardeal londrino constitui um exemplo brilhante de um estudioso que demonstrou na sua vida &#8220;como a f\u00e9 e a raz\u00e3o s\u00e3o insepar\u00e1veis&#8221;.<\/p>\n<p>O Papa destacou a &#8220;grande concretude&#8221; das ideias de Newman, lembrando que &#8220;as suas convic\u00e7\u00f5es religiosas estavam enraizadas na sua rela\u00e7\u00e3o pessoal com Deus&#8221; para materializar uma atividade intelectual &#8220;eminentemente pr\u00e1tica&#8221;.<\/p>\n<p>A reflex\u00e3o papal desafiou o universo educativo a &#8220;favorecer um encontro &#8216;cora\u00e7\u00e3o a cora\u00e7\u00e3o'&#8221; com os outros e com Cristo, exortando os presentes a confiarem em Deus para conseguirem &#8220;refletir a sua gl\u00f3ria para o mundo&#8221;.<\/p>\n<p><em>OC<\/em><\/p>\n","protected":false},"excerpt":{"rendered":"<p>Le\u00e3o XIV recebeu delega\u00e7\u00e3o da Universidade de Oxford<\/p>\n","protected":false},"author":2,"featured_media":440617,"comment_status":"closed","ping_status":"closed","sticky":false,"template":"","format":"standard","meta":{"site-sidebar-layout":"default","site-content-layout":"","ast-site-content-layout":"default","site-content-style":"default","site-sidebar-style":"default","ast-global-header-display":"","ast-banner-title-visibility":"","ast-main-header-display":"","ast-hfb-above-header-display":"","ast-hfb-below-header-display":"","ast-hfb-mobile-header-display":"","site-post-title":"","ast-breadcrumbs-content":"","ast-featured-img":"","footer-sml-layout":"","ast-disable-related-posts":"","theme-transparent-header-meta":"default","adv-header-id-meta":"","stick-header-meta":"default","header-above-stick-meta":"","header-main-stick-meta":"","header-below-stick-meta":"","astra-migrate-meta-layouts":"set","ast-page-background-enabled":"default","ast-page-background-meta":{"desktop":{"background-color":"var(--ast-global-color-4)","background-image":"","background-repeat":"repeat","background-position":"center center","background-size":"auto","background-attachment":"scroll","background-type":"","background-media":"","overlay-type":"","overlay-color":"","overlay-opacity":"","overlay-gradient":""},"tablet":{"background-color":"","background-image":"","background-repeat":"repeat","background-position":"center center","background-size":"auto","background-attachment":"scroll","background-type":"","background-media":"","overlay-type":"","overlay-color":"","overlay-opacity":"","overlay-gradient":""},"mobile":{"background-color":"","background-image":"","background-repeat":"repeat","background-position":"center center","background-size":"auto","background-attachment":"scroll","background-type":"","background-media":"","overlay-type":"","overlay-color":"","overlay-opacity":"","overlay-gradient":""}},"ast-content-background-meta":{"desktop":{"background-color":"var(--ast-global-color-5)","background-image":"","background-repeat":"repeat","background-position":"center center","background-size":"auto","background-attachment":"scroll","background-type":"","background-media":"","overlay-type":"","overlay-color":"","overlay-opacity":"","overlay-gradient":""},"tablet":{"background-color":"var(--ast-global-color-5)","background-image":"","background-repeat":"repeat","background-position":"center center","background-size":"auto","background-attachment":"scroll","background-type":"","background-media":"","overlay-type":"","overlay-color":"","overlay-opacity":"","overlay-gradient":""},"mobile":{"background-color":"var(--ast-global-color-5)","background-image":"","background-repeat":"repeat","background-position":"center center","background-size":"auto","background-attachment":"scroll","background-type":"","background-media":"","overlay-type":"","overlay-color":"","overlay-opacity":"","overlay-gradient":""}},"footnotes":""},"categories":[56,5],"tags":[974],"class_list":["post-440616","post","type-post","status-publish","format-standard","has-post-thumbnail","hentry","category-destaque","category-vaticano","tag-leao-xiv"],"_links":{"self":[{"href":"https:\/\/agencia.ecclesia.pt\/portal\/wp-json\/wp\/v2\/posts\/440616","targetHints":{"allow":["GET"]}}],"collection":[{"href":"https:\/\/agencia.ecclesia.pt\/portal\/wp-json\/wp\/v2\/posts"}],"about":[{"href":"https:\/\/agencia.ecclesia.pt\/portal\/wp-json\/wp\/v2\/types\/post"}],"author":[{"embeddable":true,"href":"https:\/\/agencia.ecclesia.pt\/portal\/wp-json\/wp\/v2\/users\/2"}],"replies":[{"embeddable":true,"href":"https:\/\/agencia.ecclesia.pt\/portal\/wp-json\/wp\/v2\/comments?post=440616"}],"version-history":[{"count":1,"href":"https:\/\/agencia.ecclesia.pt\/portal\/wp-json\/wp\/v2\/posts\/440616\/revisions"}],"predecessor-version":[{"id":440619,"href":"https:\/\/agencia.ecclesia.pt\/portal\/wp-json\/wp\/v2\/posts\/440616\/revisions\/440619"}],"wp:featuredmedia":[{"embeddable":true,"href":"https:\/\/agencia.ecclesia.pt\/portal\/wp-json\/wp\/v2\/media\/440617"}],"wp:attachment":[{"href":"https:\/\/agencia.ecclesia.pt\/portal\/wp-json\/wp\/v2\/media?parent=440616"}],"wp:term":[{"taxonomy":"category","embeddable":true,"href":"https:\/\/agencia.ecclesia.pt\/portal\/wp-json\/wp\/v2\/categories?post=440616"},{"taxonomy":"post_tag","embeddable":true,"href":"https:\/\/agencia.ecclesia.pt\/portal\/wp-json\/wp\/v2\/tags?post=440616"}],"curies":[{"name":"wp","href":"https:\/\/api.w.org\/{rel}","templated":true}]}}