{"id":440604,"date":"2026-09-04T08:58:57","date_gmt":"2026-09-04T07:58:57","guid":{"rendered":"https:\/\/agencia.ecclesia.pt\/portal\/?p=440604"},"modified":"2026-09-04T08:59:16","modified_gmt":"2026-09-04T07:59:16","slug":"braga-ais-santuario-de-sao-bento-da-porta-aberta-assinala-dia-de-oracao-pelos-cristaos-perseguidos","status":"publish","type":"post","link":"https:\/\/agencia.ecclesia.pt\/portal\/braga-ais-santuario-de-sao-bento-da-porta-aberta-assinala-dia-de-oracao-pelos-cristaos-perseguidos\/","title":{"rendered":"Braga\/AIS: Santu\u00e1rio de S\u00e3o Bento da Porta Aberta assinala Dia de Ora\u00e7\u00e3o pelos Crist\u00e3os Perseguidos"},"content":{"rendered":"<p><!--more--><\/p>\n<figure id=\"attachment_440605\" aria-describedby=\"caption-attachment-440605\" style=\"width: 1200px\" class=\"wp-caption alignnone\"><img fetchpriority=\"high\" decoding=\"async\" class=\"wp-image-440605 size-full\" src=\"https:\/\/agencia.ecclesia.pt\/portal\/wp-content\/uploads\/2026\/09\/917f3ac6-8920-4814-a13b-ccd1f47c5773.jpeg\" alt=\"\" width=\"1200\" height=\"675\" srcset=\"https:\/\/agencia.ecclesia.pt\/portal\/wp-content\/uploads\/2026\/09\/917f3ac6-8920-4814-a13b-ccd1f47c5773.jpeg 1200w, https:\/\/agencia.ecclesia.pt\/portal\/wp-content\/uploads\/2026\/09\/917f3ac6-8920-4814-a13b-ccd1f47c5773-400x225.jpeg 400w, https:\/\/agencia.ecclesia.pt\/portal\/wp-content\/uploads\/2026\/09\/917f3ac6-8920-4814-a13b-ccd1f47c5773-1024x576.jpeg 1024w, https:\/\/agencia.ecclesia.pt\/portal\/wp-content\/uploads\/2026\/09\/917f3ac6-8920-4814-a13b-ccd1f47c5773-768x432.jpeg 768w\" sizes=\"(max-width: 1200px) 100vw, 1200px\" \/><figcaption id=\"caption-attachment-440605\" class=\"wp-caption-text\">Foto: Funda\u00e7\u00e3o AIS<\/figcaption><\/figure>\n<p>Braga, 04 set 2026 (Ecclesia) \u2013 O Santu\u00e1rio de S\u00e3o Bento da Porta Aberta promove este domingo uma jornada de sensibiliza\u00e7\u00e3o dedicada aos crist\u00e3os perseguidos no mundo, com a participa\u00e7\u00e3o da Funda\u00e7\u00e3o Ajuda \u00e0 Igreja que Sofre (AIS), anunciou hoje a institui\u00e7\u00e3o pontif\u00edcia.<\/p>\n<p>&#8220;Como tem acontecido ao longo dos \u00faltimos anos, fa\u00e7o quest\u00e3o de estar presente neste dia t\u00e3o especial no Santu\u00e1rio de S\u00e3o Bento da Porta Aberta&#8221;, assinalou a diretora do secretariado nacional da AIS, Catarina Martins de Bettencourt, num comunicado enviado \u00e0 Ag\u00eancia ECCLESIA.<\/p>\n<p>A nota de imprensa clarifica que a iniciativa integra uma caminhada em sil\u00eancio &#8220;em mem\u00f3ria dos crist\u00e3os que s\u00e3o impedidos de viver a sua f\u00e9 em liberdade&#8221;, percorrendo a Via do Peregrino e a Via Sacra at\u00e9 ao terreiro da bas\u00edlica minhota.<\/p>\n<p>O trajeto ser\u00e1 acompanhado pelo som dos sinos, enquanto a fachada do templo estar\u00e1 &#8220;iluminada de vermelho para lembrar tamb\u00e9m dessa forma o sangue derramado pelos m\u00e1rtires&#8221;.<\/p>\n<p>A respons\u00e1vel da AIS evidenciou que o encontro constitui uma &#8220;excelente oportunidade para se divulgar a miss\u00e3o e o trabalho&#8221; da funda\u00e7\u00e3o, visando sensibilizar os peregrinos &#8220;para a urg\u00eancia de se rezar e auxiliar os crist\u00e3os que s\u00e3o v\u00edtimas de persegui\u00e7\u00e3o religiosa nos dias de hoje&#8221;.<\/p>\n<p>&#8220;\u00c9 sempre gratificante vir a este santu\u00e1rio que se tem afirmado, ao longo dos anos, como um lugar de destaque em Portugal na defesa dos crist\u00e3os perseguidos no mundo&#8221;, testemunhou Catarina Martins de Bettencourt.<\/p>\n<p>O espa\u00e7o de culto mariano, situado na Arquidiocese de Braga, colabora regularmente com a funda\u00e7\u00e3o cat\u00f3lica, garantindo anualmente uma &#8220;participa\u00e7\u00e3o ativa na \u2018Red Week\u2019&#8221;, a semana de alerta para a restri\u00e7\u00e3o da liberdade religiosa assinalada em novembro.<\/p>\n<p>A Funda\u00e7\u00e3o AIS possui atualmente 24 escrit\u00f3rios nacionais e financia &#8220;cerca de 5 mil projetos por ano em mais de 130 pa\u00edses&#8221;, visando responder \u00e0s car\u00eancias urgentes das comunidades oprimidas devido \u00e0 sua f\u00e9.<\/p>\n<p>OC<\/p>\n<p>&nbsp;<\/p>\n","protected":false},"excerpt":{"rendered":"","protected":false},"author":2,"featured_media":440605,"comment_status":"closed","ping_status":"closed","sticky":false,"template":"","format":"standard","meta":{"site-sidebar-layout":"default","site-content-layout":"","ast-site-content-layout":"default","site-content-style":"default","site-sidebar-style":"default","ast-global-header-display":"","ast-banner-title-visibility":"","ast-main-header-display":"","ast-hfb-above-header-display":"","ast-hfb-below-header-display":"","ast-hfb-mobile-header-display":"","site-post-title":"","ast-breadcrumbs-content":"","ast-featured-img":"","footer-sml-layout":"","ast-disable-related-posts":"","theme-transparent-header-meta":"default","adv-header-id-meta":"","stick-header-meta":"default","header-above-stick-meta":"","header-main-stick-meta":"","header-below-stick-meta":"","astra-migrate-meta-layouts":"set","ast-page-background-enabled":"default","ast-page-background-meta":{"desktop":{"background-color":"var(--ast-global-color-4)","background-image":"","background-repeat":"repeat","background-position":"center center","background-size":"auto","background-attachment":"scroll","background-type":"","background-media":"","overlay-type":"","overlay-color":"","overlay-opacity":"","overlay-gradient":""},"tablet":{"background-color":"","background-image":"","background-repeat":"repeat","background-position":"center center","background-size":"auto","background-attachment":"scroll","background-type":"","background-media":"","overlay-type":"","overlay-color":"","overlay-opacity":"","overlay-gradient":""},"mobile":{"background-color":"","background-image":"","background-repeat":"repeat","background-position":"center center","background-size":"auto","background-attachment":"scroll","background-type":"","background-media":"","overlay-type":"","overlay-color":"","overlay-opacity":"","overlay-gradient":""}},"ast-content-background-meta":{"desktop":{"background-color":"var(--ast-global-color-5)","background-image":"","background-repeat":"repeat","background-position":"center center","background-size":"auto","background-attachment":"scroll","background-type":"","background-media":"","overlay-type":"","overlay-color":"","overlay-opacity":"","overlay-gradient":""},"tablet":{"background-color":"var(--ast-global-color-5)","background-image":"","background-repeat":"repeat","background-position":"center center","background-size":"auto","background-attachment":"scroll","background-type":"","background-media":"","overlay-type":"","overlay-color":"","overlay-opacity":"","overlay-gradient":""},"mobile":{"background-color":"var(--ast-global-color-5)","background-image":"","background-repeat":"repeat","background-position":"center center","background-size":"auto","background-attachment":"scroll","background-type":"","background-media":"","overlay-type":"","overlay-color":"","overlay-opacity":"","overlay-gradient":""}},"footnotes":""},"categories":[60,3],"tags":[215],"class_list":["post-440604","post","type-post","status-publish","format-standard","has-post-thumbnail","hentry","category-caixa2","category-nacional","tag-fundacao-ais"],"_links":{"self":[{"href":"https:\/\/agencia.ecclesia.pt\/portal\/wp-json\/wp\/v2\/posts\/440604","targetHints":{"allow":["GET"]}}],"collection":[{"href":"https:\/\/agencia.ecclesia.pt\/portal\/wp-json\/wp\/v2\/posts"}],"about":[{"href":"https:\/\/agencia.ecclesia.pt\/portal\/wp-json\/wp\/v2\/types\/post"}],"author":[{"embeddable":true,"href":"https:\/\/agencia.ecclesia.pt\/portal\/wp-json\/wp\/v2\/users\/2"}],"replies":[{"embeddable":true,"href":"https:\/\/agencia.ecclesia.pt\/portal\/wp-json\/wp\/v2\/comments?post=440604"}],"version-history":[{"count":1,"href":"https:\/\/agencia.ecclesia.pt\/portal\/wp-json\/wp\/v2\/posts\/440604\/revisions"}],"predecessor-version":[{"id":440607,"href":"https:\/\/agencia.ecclesia.pt\/portal\/wp-json\/wp\/v2\/posts\/440604\/revisions\/440607"}],"wp:featuredmedia":[{"embeddable":true,"href":"https:\/\/agencia.ecclesia.pt\/portal\/wp-json\/wp\/v2\/media\/440605"}],"wp:attachment":[{"href":"https:\/\/agencia.ecclesia.pt\/portal\/wp-json\/wp\/v2\/media?parent=440604"}],"wp:term":[{"taxonomy":"category","embeddable":true,"href":"https:\/\/agencia.ecclesia.pt\/portal\/wp-json\/wp\/v2\/categories?post=440604"},{"taxonomy":"post_tag","embeddable":true,"href":"https:\/\/agencia.ecclesia.pt\/portal\/wp-json\/wp\/v2\/tags?post=440604"}],"curies":[{"name":"wp","href":"https:\/\/api.w.org\/{rel}","templated":true}]}}