{"id":440588,"date":"2026-09-04T08:01:40","date_gmt":"2026-09-04T07:01:40","guid":{"rendered":"https:\/\/agencia.ecclesia.pt\/portal\/?p=440588"},"modified":"2026-09-04T08:06:25","modified_gmt":"2026-09-04T07:06:25","slug":"timor-leste-igreja-acolhe-restos-mortais-de-antigos-prelados-que-deram-voz-a-quem-nao-tem-voz","status":"publish","type":"post","link":"https:\/\/agencia.ecclesia.pt\/portal\/timor-leste-igreja-acolhe-restos-mortais-de-antigos-prelados-que-deram-voz-a-quem-nao-tem-voz\/","title":{"rendered":"Timor-Leste: Igreja acolhe restos mortais de antigos prelados que deram \u00abvoz a quem n\u00e3o tem voz\u00bb"},"content":{"rendered":"<p><em>Rece\u00e7\u00e3o das urnas de D. Jaime Garcia Goulart, D. Jos\u00e9 Joaquim Ribeiro e monsenhor Martinho da Costa Lopes tem mobilizado milhares de pessoas<\/em><!--more--><\/p>\n<figure id=\"attachment_440593\" aria-describedby=\"caption-attachment-440593\" style=\"width: 1000px\" class=\"wp-caption alignnone\"><img fetchpriority=\"high\" decoding=\"async\" class=\"wp-image-440593 size-full\" src=\"https:\/\/agencia.ecclesia.pt\/portal\/wp-content\/uploads\/2026\/09\/793203897_122189487932407760_222674494508475122_n.jpg\" alt=\"\" width=\"1000\" height=\"524\" srcset=\"https:\/\/agencia.ecclesia.pt\/portal\/wp-content\/uploads\/2026\/09\/793203897_122189487932407760_222674494508475122_n.jpg 1000w, https:\/\/agencia.ecclesia.pt\/portal\/wp-content\/uploads\/2026\/09\/793203897_122189487932407760_222674494508475122_n-400x210.jpg 400w, https:\/\/agencia.ecclesia.pt\/portal\/wp-content\/uploads\/2026\/09\/793203897_122189487932407760_222674494508475122_n-768x402.jpg 768w\" sizes=\"(max-width: 1000px) 100vw, 1000px\" \/><figcaption id=\"caption-attachment-440593\" class=\"wp-caption-text\">Foto: Confer\u00eancia Episcopal Timorense<\/figcaption><\/figure>\n<p>D\u00edli, 04 set 2026 (Ecclesia) \u2013 As autoridades estatais e a Igreja Cat\u00f3lica acolheram os restos mortais de tr\u00eas antigos prelados de Timor-Leste, concretizando a traslada\u00e7\u00e3o desde Portugal das figuras que acompanharam o pa\u00eds durante a guerra e a ocupa\u00e7\u00e3o indon\u00e9sia.<\/p>\n<p>&#8220;Nos momentos mais sombrios da nossa hist\u00f3ria e da nossa luta, eles tornaram-se a voz de quem n\u00e3o tem voz&#8221;, afirmou o cardeal Virg\u00edlio do Carmo da Silva, durante a celebra\u00e7\u00e3o de rece\u00e7\u00e3o das urnas de D. Jaime Garcia Goulart, D. Jos\u00e9 Joaquim Ribeiro e monsenhor Martinho da Costa Lopes, ao recordar a defesa da autodetermina\u00e7\u00e3o timorense e da dignidade humana.<\/p>\n<p>O arcebispo de D\u00edli sublinhou, esta ter\u00e7a-feira, que a comunidade cat\u00f3lica recebeu as urnas com um &#8220;cora\u00e7\u00e3o repleto de alegria, gratid\u00e3o e como\u00e7\u00e3o espiritual&#8221;, classificando a cerim\u00f3nia como um marco hist\u00f3rico para reafirmar a identidade religiosa e nacional.<\/p>\n<p>&#8220;Permaneceram firmemente ao lado de quantos sofriam no meio das dificuldades e da viol\u00eancia da guerra&#8221;, testemunhou o cardeal sobre o legado deixado pelos respons\u00e1veis diocesanos.<\/p>\n<p>As celebra\u00e7\u00f5es prosseguiram com uma Eucaristia em Tasi-Tolu, onde o presidente da Confer\u00eancia Episcopal Timorense referiu \u00e0 assembleia que os tr\u00eas pastores &#8220;hoje regressam a Timor n\u00e3o fisicamente, mas espiritualmente&#8221;.<\/p>\n<p>&#8220;Pedimos desculpa pelos pecados e falhas cometidos contra eles e a sua heran\u00e7a&#8221;, declarou D. Norberto do Amaral, citado pelo portal de not\u00edcias do Vaticano.<\/p>\n<div id='gallery-1' class='gallery galleryid-440588 gallery-columns-3 gallery-size-medium'><figure class='gallery-item'>\n\t\t\t<div class='gallery-icon landscape'>\n\t\t\t\t<a href='https:\/\/agencia.ecclesia.pt\/portal\/timor-leste-igreja-acolhe-restos-mortais-de-antigos-prelados-que-deram-voz-a-quem-nao-tem-voz\/793158912_122189495282407760_6084565893246519610_n\/'><img decoding=\"async\" width=\"400\" height=\"267\" src=\"https:\/\/agencia.ecclesia.pt\/portal\/wp-content\/uploads\/2026\/09\/793158912_122189495282407760_6084565893246519610_n-400x267.jpg\" class=\"attachment-medium size-medium\" alt=\"\" aria-describedby=\"gallery-1-440592\" srcset=\"https:\/\/agencia.ecclesia.pt\/portal\/wp-content\/uploads\/2026\/09\/793158912_122189495282407760_6084565893246519610_n-400x267.jpg 400w, https:\/\/agencia.ecclesia.pt\/portal\/wp-content\/uploads\/2026\/09\/793158912_122189495282407760_6084565893246519610_n-768x512.jpg 768w, https:\/\/agencia.ecclesia.pt\/portal\/wp-content\/uploads\/2026\/09\/793158912_122189495282407760_6084565893246519610_n-391x260.jpg 391w, https:\/\/agencia.ecclesia.pt\/portal\/wp-content\/uploads\/2026\/09\/793158912_122189495282407760_6084565893246519610_n.jpg 1000w\" sizes=\"(max-width: 400px) 100vw, 400px\" \/><\/a>\n\t\t\t<\/div>\n\t\t\t\t<figcaption class='wp-caption-text gallery-caption' id='gallery-1-440592'>\n\t\t\t\tFoto: Confer\u00eancia Episcopal Timorense\n\t\t\t\t<\/figcaption><\/figure><figure class='gallery-item'>\n\t\t\t<div class='gallery-icon landscape'>\n\t\t\t\t<a href='https:\/\/agencia.ecclesia.pt\/portal\/timor-leste-igreja-acolhe-restos-mortais-de-antigos-prelados-que-deram-voz-a-quem-nao-tem-voz\/792441245_122189484956407760_4467258678807554198_n\/'><img decoding=\"async\" width=\"400\" height=\"230\" src=\"https:\/\/agencia.ecclesia.pt\/portal\/wp-content\/uploads\/2026\/09\/792441245_122189484956407760_4467258678807554198_n-400x230.jpg\" class=\"attachment-medium size-medium\" alt=\"\" aria-describedby=\"gallery-1-440591\" srcset=\"https:\/\/agencia.ecclesia.pt\/portal\/wp-content\/uploads\/2026\/09\/792441245_122189484956407760_4467258678807554198_n-400x230.jpg 400w, https:\/\/agencia.ecclesia.pt\/portal\/wp-content\/uploads\/2026\/09\/792441245_122189484956407760_4467258678807554198_n-768x441.jpg 768w, https:\/\/agencia.ecclesia.pt\/portal\/wp-content\/uploads\/2026\/09\/792441245_122189484956407760_4467258678807554198_n.jpg 1000w\" sizes=\"(max-width: 400px) 100vw, 400px\" \/><\/a>\n\t\t\t<\/div>\n\t\t\t\t<figcaption class='wp-caption-text gallery-caption' id='gallery-1-440591'>\n\t\t\t\tFoto: Confer\u00eancia Episcopal Timorense\n\t\t\t\t<\/figcaption><\/figure><figure class='gallery-item'>\n\t\t\t<div class='gallery-icon landscape'>\n\t\t\t\t<a href='https:\/\/agencia.ecclesia.pt\/portal\/timor-leste-igreja-acolhe-restos-mortais-de-antigos-prelados-que-deram-voz-a-quem-nao-tem-voz\/789612868_122189486294407760_7557970794913080756_n\/'><img loading=\"lazy\" decoding=\"async\" width=\"400\" height=\"267\" src=\"https:\/\/agencia.ecclesia.pt\/portal\/wp-content\/uploads\/2026\/09\/789612868_122189486294407760_7557970794913080756_n-400x267.jpg\" class=\"attachment-medium size-medium\" alt=\"\" aria-describedby=\"gallery-1-440590\" srcset=\"https:\/\/agencia.ecclesia.pt\/portal\/wp-content\/uploads\/2026\/09\/789612868_122189486294407760_7557970794913080756_n-400x267.jpg 400w, https:\/\/agencia.ecclesia.pt\/portal\/wp-content\/uploads\/2026\/09\/789612868_122189486294407760_7557970794913080756_n-768x512.jpg 768w, https:\/\/agencia.ecclesia.pt\/portal\/wp-content\/uploads\/2026\/09\/789612868_122189486294407760_7557970794913080756_n-391x260.jpg 391w, https:\/\/agencia.ecclesia.pt\/portal\/wp-content\/uploads\/2026\/09\/789612868_122189486294407760_7557970794913080756_n.jpg 1000w\" sizes=\"(max-width: 400px) 100vw, 400px\" \/><\/a>\n\t\t\t<\/div>\n\t\t\t\t<figcaption class='wp-caption-text gallery-caption' id='gallery-1-440590'>\n\t\t\t\tFoto: Confer\u00eancia Episcopal Timorense\n\t\t\t\t<\/figcaption><\/figure><figure class='gallery-item'>\n\t\t\t<div class='gallery-icon landscape'>\n\t\t\t\t<a href='https:\/\/agencia.ecclesia.pt\/portal\/timor-leste-igreja-acolhe-restos-mortais-de-antigos-prelados-que-deram-voz-a-quem-nao-tem-voz\/789237239_122189549126407760_6639868228646732224_n\/'><img loading=\"lazy\" decoding=\"async\" width=\"400\" height=\"267\" src=\"https:\/\/agencia.ecclesia.pt\/portal\/wp-content\/uploads\/2026\/09\/789237239_122189549126407760_6639868228646732224_n-400x267.jpg\" class=\"attachment-medium size-medium\" alt=\"\" aria-describedby=\"gallery-1-440589\" srcset=\"https:\/\/agencia.ecclesia.pt\/portal\/wp-content\/uploads\/2026\/09\/789237239_122189549126407760_6639868228646732224_n-400x267.jpg 400w, https:\/\/agencia.ecclesia.pt\/portal\/wp-content\/uploads\/2026\/09\/789237239_122189549126407760_6639868228646732224_n-768x512.jpg 768w, https:\/\/agencia.ecclesia.pt\/portal\/wp-content\/uploads\/2026\/09\/789237239_122189549126407760_6639868228646732224_n-391x260.jpg 391w, https:\/\/agencia.ecclesia.pt\/portal\/wp-content\/uploads\/2026\/09\/789237239_122189549126407760_6639868228646732224_n.jpg 1000w\" sizes=\"(max-width: 400px) 100vw, 400px\" \/><\/a>\n\t\t\t<\/div>\n\t\t\t\t<figcaption class='wp-caption-text gallery-caption' id='gallery-1-440589'>\n\t\t\t\tFoto: Confer\u00eancia Episcopal Timorense\n\t\t\t\t<\/figcaption><\/figure>\n\t\t<\/div>\n\n<p>A traslada\u00e7\u00e3o dos restos mortais dos prelados contou com uma celebra\u00e7\u00e3o em agosto, na Arquidiocese de \u00c9vora, presidida pelo n\u00fancio apost\u00f3lico antes da partida definitiva de solo portugu\u00eas.<\/p>\n<p>O roteiro de homenagens no territ\u00f3rio asi\u00e1tico integrou ainda a atribui\u00e7\u00e3o do nome de monsenhor Martinho da Costa Lopes \u00e0 ponte de Manatuto.<\/p>\n<p>A inuma\u00e7\u00e3o, que concretiza um desejo h\u00e1 muito acalentado pelas estruturas eclesiais locais, est\u00e1 agendada para 10 de setembro na Catedral de D\u00edli, onde os tr\u00eas respons\u00e1veis que lideraram a diocese entre 1941 e 1983 v\u00e3o ser sepultados junto do antigo bispo D. Alberto Ricardo da Silva.<\/p>\n<p><em>OC<\/em><\/p>\n","protected":false},"excerpt":{"rendered":"<p>Rece\u00e7\u00e3o das urnas de D. Jaime Garcia Goulart, D. Jos\u00e9 Joaquim Ribeiro e monsenhor Martinho da Costa Lopes tem mobilizado milhares de pessoas<\/p>\n","protected":false},"author":2,"featured_media":440593,"comment_status":"closed","ping_status":"closed","sticky":false,"template":"","format":"standard","meta":{"site-sidebar-layout":"default","site-content-layout":"","ast-site-content-layout":"default","site-content-style":"default","site-sidebar-style":"default","ast-global-header-display":"","ast-banner-title-visibility":"","ast-main-header-display":"","ast-hfb-above-header-display":"","ast-hfb-below-header-display":"","ast-hfb-mobile-header-display":"","site-post-title":"","ast-breadcrumbs-content":"","ast-featured-img":"","footer-sml-layout":"","ast-disable-related-posts":"","theme-transparent-header-meta":"default","adv-header-id-meta":"","stick-header-meta":"default","header-above-stick-meta":"","header-main-stick-meta":"","header-below-stick-meta":"","astra-migrate-meta-layouts":"set","ast-page-background-enabled":"default","ast-page-background-meta":{"desktop":{"background-color":"var(--ast-global-color-4)","background-image":"","background-repeat":"repeat","background-position":"center center","background-size":"auto","background-attachment":"scroll","background-type":"","background-media":"","overlay-type":"","overlay-color":"","overlay-opacity":"","overlay-gradient":""},"tablet":{"background-color":"","background-image":"","background-repeat":"repeat","background-position":"center center","background-size":"auto","background-attachment":"scroll","background-type":"","background-media":"","overlay-type":"","overlay-color":"","overlay-opacity":"","overlay-gradient":""},"mobile":{"background-color":"","background-image":"","background-repeat":"repeat","background-position":"center center","background-size":"auto","background-attachment":"scroll","background-type":"","background-media":"","overlay-type":"","overlay-color":"","overlay-opacity":"","overlay-gradient":""}},"ast-content-background-meta":{"desktop":{"background-color":"var(--ast-global-color-5)","background-image":"","background-repeat":"repeat","background-position":"center center","background-size":"auto","background-attachment":"scroll","background-type":"","background-media":"","overlay-type":"","overlay-color":"","overlay-opacity":"","overlay-gradient":""},"tablet":{"background-color":"var(--ast-global-color-5)","background-image":"","background-repeat":"repeat","background-position":"center center","background-size":"auto","background-attachment":"scroll","background-type":"","background-media":"","overlay-type":"","overlay-color":"","overlay-opacity":"","overlay-gradient":""},"mobile":{"background-color":"var(--ast-global-color-5)","background-image":"","background-repeat":"repeat","background-position":"center center","background-size":"auto","background-attachment":"scroll","background-type":"","background-media":"","overlay-type":"","overlay-color":"","overlay-opacity":"","overlay-gradient":""}},"footnotes":""},"categories":[66,4],"tags":[318],"class_list":["post-440588","post","type-post","status-publish","format-standard","has-post-thumbnail","hentry","category-manchete2","category-internacional","tag-timor-leste"],"_links":{"self":[{"href":"https:\/\/agencia.ecclesia.pt\/portal\/wp-json\/wp\/v2\/posts\/440588","targetHints":{"allow":["GET"]}}],"collection":[{"href":"https:\/\/agencia.ecclesia.pt\/portal\/wp-json\/wp\/v2\/posts"}],"about":[{"href":"https:\/\/agencia.ecclesia.pt\/portal\/wp-json\/wp\/v2\/types\/post"}],"author":[{"embeddable":true,"href":"https:\/\/agencia.ecclesia.pt\/portal\/wp-json\/wp\/v2\/users\/2"}],"replies":[{"embeddable":true,"href":"https:\/\/agencia.ecclesia.pt\/portal\/wp-json\/wp\/v2\/comments?post=440588"}],"version-history":[{"count":1,"href":"https:\/\/agencia.ecclesia.pt\/portal\/wp-json\/wp\/v2\/posts\/440588\/revisions"}],"predecessor-version":[{"id":440595,"href":"https:\/\/agencia.ecclesia.pt\/portal\/wp-json\/wp\/v2\/posts\/440588\/revisions\/440595"}],"wp:featuredmedia":[{"embeddable":true,"href":"https:\/\/agencia.ecclesia.pt\/portal\/wp-json\/wp\/v2\/media\/440593"}],"wp:attachment":[{"href":"https:\/\/agencia.ecclesia.pt\/portal\/wp-json\/wp\/v2\/media?parent=440588"}],"wp:term":[{"taxonomy":"category","embeddable":true,"href":"https:\/\/agencia.ecclesia.pt\/portal\/wp-json\/wp\/v2\/categories?post=440588"},{"taxonomy":"post_tag","embeddable":true,"href":"https:\/\/agencia.ecclesia.pt\/portal\/wp-json\/wp\/v2\/tags?post=440588"}],"curies":[{"name":"wp","href":"https:\/\/api.w.org\/{rel}","templated":true}]}}