{"id":440581,"date":"2026-09-05T12:04:10","date_gmt":"2026-09-05T11:04:10","guid":{"rendered":"https:\/\/agencia.ecclesia.pt\/portal\/?p=440581"},"modified":"2026-09-05T10:23:17","modified_gmt":"2026-09-05T09:23:17","slug":"ucrania-caritas-europa-denuncia-desequilibrio-e-exige-partilha-de-riscos-na-acao-humanitaria","status":"publish","type":"post","link":"https:\/\/agencia.ecclesia.pt\/portal\/ucrania-caritas-europa-denuncia-desequilibrio-e-exige-partilha-de-riscos-na-acao-humanitaria\/","title":{"rendered":"Ucr\u00e2nia: C\u00e1ritas Europa denuncia desequil\u00edbrio e exige partilha de riscos na a\u00e7\u00e3o humanit\u00e1ria"},"content":{"rendered":"<p><em>\u00abN\u00e3o somos vistos como parceiros, mas como prestadores de servi\u00e7os\u00bb, lamentam organiza\u00e7\u00f5es locais<\/em><!--more--><\/p>\n<figure id=\"attachment_440575\" aria-describedby=\"caption-attachment-440575\" style=\"width: 1920px\" class=\"wp-caption alignnone\"><img fetchpriority=\"high\" decoding=\"async\" class=\"wp-image-440575 size-full\" src=\"https:\/\/agencia.ecclesia.pt\/portal\/wp-content\/uploads\/2026\/09\/DOC.20260902.47703309.13206959.jpg\" alt=\"\" width=\"1920\" height=\"1291\" srcset=\"https:\/\/agencia.ecclesia.pt\/portal\/wp-content\/uploads\/2026\/09\/DOC.20260902.47703309.13206959.jpg 1920w, https:\/\/agencia.ecclesia.pt\/portal\/wp-content\/uploads\/2026\/09\/DOC.20260902.47703309.13206959-400x269.jpg 400w, https:\/\/agencia.ecclesia.pt\/portal\/wp-content\/uploads\/2026\/09\/DOC.20260902.47703309.13206959-1024x689.jpg 1024w, https:\/\/agencia.ecclesia.pt\/portal\/wp-content\/uploads\/2026\/09\/DOC.20260902.47703309.13206959-768x516.jpg 768w, https:\/\/agencia.ecclesia.pt\/portal\/wp-content\/uploads\/2026\/09\/DOC.20260902.47703309.13206959-1536x1033.jpg 1536w\" sizes=\"(max-width: 1920px) 100vw, 1920px\" \/><figcaption id=\"caption-attachment-440575\" class=\"wp-caption-text\">Foto: Lusa\/EPA<\/figcaption><\/figure>\n<p>Bruxelas, 05 set 2026 (Ecclesia) \u2013 A C\u00e1ritas Europa publicou um relat\u00f3rio sobre a a\u00e7\u00e3o humanit\u00e1ria na Ucr\u00e2nia, exigindo a cria\u00e7\u00e3o de parcerias baseadas na \u201cconfian\u00e7a, flexibilidade e responsabilidade partilhada&#8221;.<\/p>\n<p>&#8220;N\u00e3o somos vistos como parceiros, mas como prestadores de servi\u00e7os, pois compram um servi\u00e7o em vez de formarem parcerias com contratos adequados&#8221;, denunciou uma organiza\u00e7\u00e3o local citada no novo documento.<\/p>\n<p>O estudo da institui\u00e7\u00e3o europeia sublinha que as associa\u00e7\u00f5es de proximidade e as redes nacionais operam no terreno sob um grau de exposi\u00e7\u00e3o muito superior, encontrando-se &#8220;entre as primeiras a responder&#8221; em \u00e1reas onde os atores internacionais enfrentam restri\u00e7\u00f5es de acesso.<\/p>\n<p>A assimetria de poder entre os intervenientes foi ilustrada pelo desabafo de uma institui\u00e7\u00e3o ucraniana que referiu sentir-se tratada &#8220;como estafetas da Amazon&#8221;, contratada para assegurar o servi\u00e7o da \u00faltima milha, mas sem receber &#8220;a verdadeira propriedade dos projetos ou a confian\u00e7a para fazer este trabalho como parceiros iguais&#8221;.<\/p>\n<p>A aus\u00eancia de financiamento para despesas estruturais constitui uma das principais den\u00fancias recolhidas pela investiga\u00e7\u00e3o, questionando um dos inquiridos &#8220;como pode uma organiza\u00e7\u00e3o funcionar sem um contabilista&#8221; perante a atitude de ag\u00eancias que &#8220;n\u00e3o querem pagar custos administrativos ou essenciais&#8221;.<\/p>\n<p>O peso do conflito b\u00e9lico sobre as equipas, que perdem familiares e enfrentam &#8220;n\u00edveis elevados de stress psicol\u00f3gico e esgotamento&#8221;, esbarra repetidamente na burocracia do sistema, com o documento a lamentar que o bem-estar dos funcion\u00e1rios seja frequentemente visto como &#8220;secund\u00e1rio em rela\u00e7\u00e3o a rubricas or\u00e7amentais r\u00edgidas&#8221;.<\/p>\n<p>A rede cat\u00f3lica evidenciou que a t\u00e3o debatida partilha de riscos nos teatros de guerra n\u00e3o pode ser reduzida a um processo t\u00e9cnico ou contratual, assumindo-se antes como &#8220;uma mudan\u00e7a mais ampla no sentido de reequilibrar o poder&#8221; entre quem apoia e quem atua no terreno.<\/p>\n<p>As barreiras internacionais e o peso das auditorias sobrecarregam as institui\u00e7\u00f5es mais pequenas, clarificando a an\u00e1lise da C\u00e1ritas que a presta\u00e7\u00e3o de contas dos financiadores se &#8220;foca frequentemente mais em requisitos de relat\u00f3rios complexos do que em demonstrar o impacto real&#8221; e a efic\u00e1cia junto das popula\u00e7\u00f5es em sofrimento.<\/p>\n<p>A publica\u00e7\u00e3o deixa um caderno de exig\u00eancias aos grandes doadores e ag\u00eancias intermedi\u00e1rias, instando-os a assumir o dever de cuidado e a incluir &#8220;normas m\u00ednimas e contextualmente relevantes de seguran\u00e7a f\u00edsica, psicol\u00f3gica e financeira&#8221; de forma direta nos acordos firmados com as entidades locais.<\/p>\n<p><em>OC<\/em><\/p>\n","protected":false},"excerpt":{"rendered":"<p>\u00abN\u00e3o somos vistos como parceiros, mas como prestadores de servi\u00e7os\u00bb, lamentam organiza\u00e7\u00f5es locais<\/p>\n","protected":false},"author":2,"featured_media":440575,"comment_status":"closed","ping_status":"closed","sticky":false,"template":"","format":"standard","meta":{"site-sidebar-layout":"default","site-content-layout":"","ast-site-content-layout":"default","site-content-style":"default","site-sidebar-style":"default","ast-global-header-display":"","ast-banner-title-visibility":"","ast-main-header-display":"","ast-hfb-above-header-display":"","ast-hfb-below-header-display":"","ast-hfb-mobile-header-display":"","site-post-title":"","ast-breadcrumbs-content":"","ast-featured-img":"","footer-sml-layout":"","ast-disable-related-posts":"","theme-transparent-header-meta":"default","adv-header-id-meta":"","stick-header-meta":"default","header-above-stick-meta":"","header-main-stick-meta":"","header-below-stick-meta":"","astra-migrate-meta-layouts":"set","ast-page-background-enabled":"default","ast-page-background-meta":{"desktop":{"background-color":"var(--ast-global-color-4)","background-image":"","background-repeat":"repeat","background-position":"center center","background-size":"auto","background-attachment":"scroll","background-type":"","background-media":"","overlay-type":"","overlay-color":"","overlay-opacity":"","overlay-gradient":""},"tablet":{"background-color":"","background-image":"","background-repeat":"repeat","background-position":"center center","background-size":"auto","background-attachment":"scroll","background-type":"","background-media":"","overlay-type":"","overlay-color":"","overlay-opacity":"","overlay-gradient":""},"mobile":{"background-color":"","background-image":"","background-repeat":"repeat","background-position":"center center","background-size":"auto","background-attachment":"scroll","background-type":"","background-media":"","overlay-type":"","overlay-color":"","overlay-opacity":"","overlay-gradient":""}},"ast-content-background-meta":{"desktop":{"background-color":"var(--ast-global-color-5)","background-image":"","background-repeat":"repeat","background-position":"center center","background-size":"auto","background-attachment":"scroll","background-type":"","background-media":"","overlay-type":"","overlay-color":"","overlay-opacity":"","overlay-gradient":""},"tablet":{"background-color":"var(--ast-global-color-5)","background-image":"","background-repeat":"repeat","background-position":"center center","background-size":"auto","background-attachment":"scroll","background-type":"","background-media":"","overlay-type":"","overlay-color":"","overlay-opacity":"","overlay-gradient":""},"mobile":{"background-color":"var(--ast-global-color-5)","background-image":"","background-repeat":"repeat","background-position":"center center","background-size":"auto","background-attachment":"scroll","background-type":"","background-media":"","overlay-type":"","overlay-color":"","overlay-opacity":"","overlay-gradient":""}},"footnotes":""},"categories":[56,4],"tags":[314,631],"class_list":["post-440581","post","type-post","status-publish","format-standard","has-post-thumbnail","hentry","category-destaque","category-internacional","tag-solidariedade","tag-ucrania"],"_links":{"self":[{"href":"https:\/\/agencia.ecclesia.pt\/portal\/wp-json\/wp\/v2\/posts\/440581","targetHints":{"allow":["GET"]}}],"collection":[{"href":"https:\/\/agencia.ecclesia.pt\/portal\/wp-json\/wp\/v2\/posts"}],"about":[{"href":"https:\/\/agencia.ecclesia.pt\/portal\/wp-json\/wp\/v2\/types\/post"}],"author":[{"embeddable":true,"href":"https:\/\/agencia.ecclesia.pt\/portal\/wp-json\/wp\/v2\/users\/2"}],"replies":[{"embeddable":true,"href":"https:\/\/agencia.ecclesia.pt\/portal\/wp-json\/wp\/v2\/comments?post=440581"}],"version-history":[{"count":1,"href":"https:\/\/agencia.ecclesia.pt\/portal\/wp-json\/wp\/v2\/posts\/440581\/revisions"}],"predecessor-version":[{"id":440582,"href":"https:\/\/agencia.ecclesia.pt\/portal\/wp-json\/wp\/v2\/posts\/440581\/revisions\/440582"}],"wp:featuredmedia":[{"embeddable":true,"href":"https:\/\/agencia.ecclesia.pt\/portal\/wp-json\/wp\/v2\/media\/440575"}],"wp:attachment":[{"href":"https:\/\/agencia.ecclesia.pt\/portal\/wp-json\/wp\/v2\/media?parent=440581"}],"wp:term":[{"taxonomy":"category","embeddable":true,"href":"https:\/\/agencia.ecclesia.pt\/portal\/wp-json\/wp\/v2\/categories?post=440581"},{"taxonomy":"post_tag","embeddable":true,"href":"https:\/\/agencia.ecclesia.pt\/portal\/wp-json\/wp\/v2\/tags?post=440581"}],"curies":[{"name":"wp","href":"https:\/\/api.w.org\/{rel}","templated":true}]}}