{"id":440579,"date":"2026-09-04T07:30:58","date_gmt":"2026-09-04T06:30:58","guid":{"rendered":"https:\/\/agencia.ecclesia.pt\/portal\/?p=440579"},"modified":"2026-09-04T08:06:14","modified_gmt":"2026-09-04T07:06:14","slug":"ambiente-europa-organizacoes-catolicas-e-da-sociedade-civil-alertam-para-custo-humano-e-economico-da-crise-climatica","status":"publish","type":"post","link":"https:\/\/agencia.ecclesia.pt\/portal\/ambiente-europa-organizacoes-catolicas-e-da-sociedade-civil-alertam-para-custo-humano-e-economico-da-crise-climatica\/","title":{"rendered":"Ambiente\/Europa: Organiza\u00e7\u00f5es cat\u00f3licas e da sociedade civil alertam para \u00abcusto humano e econ\u00f3mico da crise clim\u00e1tica\u00bb"},"content":{"rendered":"<p><em>Apelo aos l\u00edderes da UE exige plano para abandono imediato dos combust\u00edveis f\u00f3sseis <\/em><!--more--><\/p>\n<figure id=\"attachment_440576\" aria-describedby=\"caption-attachment-440576\" style=\"width: 1920px\" class=\"wp-caption alignnone\"><img fetchpriority=\"high\" decoding=\"async\" class=\"wp-image-440576 size-full\" src=\"https:\/\/agencia.ecclesia.pt\/portal\/wp-content\/uploads\/2026\/09\/DOC.20260901.47697843.0109RM10.jpg\" alt=\"\" width=\"1920\" height=\"1280\" srcset=\"https:\/\/agencia.ecclesia.pt\/portal\/wp-content\/uploads\/2026\/09\/DOC.20260901.47697843.0109RM10.jpg 1920w, https:\/\/agencia.ecclesia.pt\/portal\/wp-content\/uploads\/2026\/09\/DOC.20260901.47697843.0109RM10-400x267.jpg 400w, https:\/\/agencia.ecclesia.pt\/portal\/wp-content\/uploads\/2026\/09\/DOC.20260901.47697843.0109RM10-1024x683.jpg 1024w, https:\/\/agencia.ecclesia.pt\/portal\/wp-content\/uploads\/2026\/09\/DOC.20260901.47697843.0109RM10-768x512.jpg 768w, https:\/\/agencia.ecclesia.pt\/portal\/wp-content\/uploads\/2026\/09\/DOC.20260901.47697843.0109RM10-391x260.jpg 391w, https:\/\/agencia.ecclesia.pt\/portal\/wp-content\/uploads\/2026\/09\/DOC.20260901.47697843.0109RM10-1536x1024.jpg 1536w\" sizes=\"(max-width: 1920px) 100vw, 1920px\" \/><figcaption id=\"caption-attachment-440576\" class=\"wp-caption-text\">Foto: Lusa<\/figcaption><\/figure>\n<p>Bruxelas, 04 set 2026 (Ecclesia) \u2013 A C\u00e1ritas Europa uniu-se a mais de 200 organiza\u00e7\u00f5es da Igreja, sociedade civil e empresas para exigir aos l\u00edderes da Uni\u00e3o Europeia a cria\u00e7\u00e3o de um plano concreto de abandono dos combust\u00edveis f\u00f3sseis.<\/p>\n<p>&#8220;Instamos que utilize o seu pr\u00f3ximo discurso para anunciar o lan\u00e7amento de um relat\u00f3rio abrangente, independente e com base cient\u00edfica, com um objetivo claro: fazer com que esta crise dos combust\u00edveis f\u00f3sseis seja a \u00faltima da Europa&#8221;, apelaram os signat\u00e1rios numa missiva dirigida a Ursula von der Leyen.<\/p>\n<p>O cons\u00f3rcio alertou que a popula\u00e7\u00e3o est\u00e1 a pagar duramente pela in\u00e9rcia, denunciando que a segunda crise no setor em apenas quatro anos acrescentou &#8220;mais de 50 mil milh\u00f5es de euros \u00e0 fatura energ\u00e9tica da Europa para fam\u00edlias e empresas&#8221;.<\/p>\n<p>O texto evidenciou o tr\u00e1gico &#8220;custo humano e econ\u00f3mico da crise clim\u00e1tica&#8221;, lembrando que as sucessivas ondas de calor provocaram secas severas e inc\u00eandios devastadores, estimando-se que s\u00f3 as temperaturas extremas de junho tenham reclamado &#8220;pelo menos 14 mil vidas na Europa&#8221;.<\/p>\n<p>As institui\u00e7\u00f5es subscritoras recusaram a ideia de um acaso incontrol\u00e1vel, argumentando que a depend\u00eancia deste modelo &#8220;tem minado repetidamente a prosperidade da Europa&#8221;, deixando os cidad\u00e3os expostos a &#8220;choques de pre\u00e7os e decis\u00f5es geopol\u00edticas tomadas noutros locais&#8221;.<\/p>\n<p>O plano de sa\u00edda proposto pelas organiza\u00e7\u00f5es aponta cinco prioridades, exigindo que a Comiss\u00e3o identifique o caminho &#8220;mais r\u00e1pido e competitivo&#8221; apoiado em solu\u00e7\u00f5es comprovadas, recusando o financiamento de &#8220;tecnologias exageradas e n\u00e3o comprovadas que correm o risco de atrasar a transi\u00e7\u00e3o&#8221;.<\/p>\n<p>A rede cat\u00f3lica e os restantes parceiros pediram o alinhamento de &#8220;cada euro com a sa\u00edda&#8221; dos recursos f\u00f3sseis para garantir uma transi\u00e7\u00e3o justa que &#8220;n\u00e3o deixe ningu\u00e9m para tr\u00e1s&#8221;, prestando o devido suporte governamental a &#8220;fam\u00edlias, trabalhadores, empresas e regi\u00f5es vulner\u00e1veis&#8221;.<\/p>\n<p>O documento defende a urg\u00eancia de assumir a natureza como \u201caliada e primeira linha de defesa na a\u00e7\u00e3o clim\u00e1tica&#8221;, apelando ao desbloqueio de fundos para proteger &#8220;florestas, zonas h\u00famidas e solos que absorvem carbono&#8221; por uma fra\u00e7\u00e3o do custo das alternativas tecnol\u00f3gicas de engenharia.<\/p>\n<p>A carta conjunta assumiu que a ado\u00e7\u00e3o destas recomenda\u00e7\u00f5es no discurso sobre o Estado da Uni\u00e3o pode fazer do atual contexto um &#8220;ponto de viragem&#8221;, capaz de conceder \u00e0 popula\u00e7\u00e3o europeia um novo sistema energ\u00e9tico que seja simultaneamente &#8220;acess\u00edvel, renov\u00e1vel, seguro e local&#8221;.<\/p>\n<p><em>OC<\/em><\/p>\n","protected":false},"excerpt":{"rendered":"<p>Apelo aos l\u00edderes da UE exige plano para abandono imediato dos combust\u00edveis f\u00f3sseis<\/p>\n","protected":false},"author":2,"featured_media":440576,"comment_status":"closed","ping_status":"closed","sticky":false,"template":"","format":"standard","meta":{"site-sidebar-layout":"default","site-content-layout":"","ast-site-content-layout":"default","site-content-style":"default","site-sidebar-style":"default","ast-global-header-display":"","ast-banner-title-visibility":"","ast-main-header-display":"","ast-hfb-above-header-display":"","ast-hfb-below-header-display":"","ast-hfb-mobile-header-display":"","site-post-title":"","ast-breadcrumbs-content":"","ast-featured-img":"","footer-sml-layout":"","ast-disable-related-posts":"","theme-transparent-header-meta":"default","adv-header-id-meta":"","stick-header-meta":"default","header-above-stick-meta":"","header-main-stick-meta":"","header-below-stick-meta":"","astra-migrate-meta-layouts":"set","ast-page-background-enabled":"default","ast-page-background-meta":{"desktop":{"background-color":"var(--ast-global-color-4)","background-image":"","background-repeat":"repeat","background-position":"center center","background-size":"auto","background-attachment":"scroll","background-type":"","background-media":"","overlay-type":"","overlay-color":"","overlay-opacity":"","overlay-gradient":""},"tablet":{"background-color":"","background-image":"","background-repeat":"repeat","background-position":"center center","background-size":"auto","background-attachment":"scroll","background-type":"","background-media":"","overlay-type":"","overlay-color":"","overlay-opacity":"","overlay-gradient":""},"mobile":{"background-color":"","background-image":"","background-repeat":"repeat","background-position":"center center","background-size":"auto","background-attachment":"scroll","background-type":"","background-media":"","overlay-type":"","overlay-color":"","overlay-opacity":"","overlay-gradient":""}},"ast-content-background-meta":{"desktop":{"background-color":"var(--ast-global-color-5)","background-image":"","background-repeat":"repeat","background-position":"center center","background-size":"auto","background-attachment":"scroll","background-type":"","background-media":"","overlay-type":"","overlay-color":"","overlay-opacity":"","overlay-gradient":""},"tablet":{"background-color":"var(--ast-global-color-5)","background-image":"","background-repeat":"repeat","background-position":"center center","background-size":"auto","background-attachment":"scroll","background-type":"","background-media":"","overlay-type":"","overlay-color":"","overlay-opacity":"","overlay-gradient":""},"mobile":{"background-color":"var(--ast-global-color-5)","background-image":"","background-repeat":"repeat","background-position":"center center","background-size":"auto","background-attachment":"scroll","background-type":"","background-media":"","overlay-type":"","overlay-color":"","overlay-opacity":"","overlay-gradient":""}},"footnotes":""},"categories":[58,4],"tags":[414,203,256],"class_list":["post-440579","post","type-post","status-publish","format-standard","has-post-thumbnail","hentry","category-caixa1","category-internacional","tag-ecologia","tag-europa","tag-meio-ambiente"],"_links":{"self":[{"href":"https:\/\/agencia.ecclesia.pt\/portal\/wp-json\/wp\/v2\/posts\/440579","targetHints":{"allow":["GET"]}}],"collection":[{"href":"https:\/\/agencia.ecclesia.pt\/portal\/wp-json\/wp\/v2\/posts"}],"about":[{"href":"https:\/\/agencia.ecclesia.pt\/portal\/wp-json\/wp\/v2\/types\/post"}],"author":[{"embeddable":true,"href":"https:\/\/agencia.ecclesia.pt\/portal\/wp-json\/wp\/v2\/users\/2"}],"replies":[{"embeddable":true,"href":"https:\/\/agencia.ecclesia.pt\/portal\/wp-json\/wp\/v2\/comments?post=440579"}],"version-history":[{"count":1,"href":"https:\/\/agencia.ecclesia.pt\/portal\/wp-json\/wp\/v2\/posts\/440579\/revisions"}],"predecessor-version":[{"id":440580,"href":"https:\/\/agencia.ecclesia.pt\/portal\/wp-json\/wp\/v2\/posts\/440579\/revisions\/440580"}],"wp:attachment":[{"href":"https:\/\/agencia.ecclesia.pt\/portal\/wp-json\/wp\/v2\/media?parent=440579"}],"wp:term":[{"taxonomy":"category","embeddable":true,"href":"https:\/\/agencia.ecclesia.pt\/portal\/wp-json\/wp\/v2\/categories?post=440579"},{"taxonomy":"post_tag","embeddable":true,"href":"https:\/\/agencia.ecclesia.pt\/portal\/wp-json\/wp\/v2\/tags?post=440579"}],"curies":[{"name":"wp","href":"https:\/\/api.w.org\/{rel}","templated":true}]}}