{"id":440573,"date":"2026-09-03T16:51:04","date_gmt":"2026-09-03T15:51:04","guid":{"rendered":"https:\/\/agencia.ecclesia.pt\/portal\/?p=440573"},"modified":"2026-09-03T16:51:04","modified_gmt":"2026-09-03T15:51:04","slug":"bruxelas-comece-debate-requalificacao-e-o-uso-futuro-do-patrimonio-religioso","status":"publish","type":"post","link":"https:\/\/agencia.ecclesia.pt\/portal\/bruxelas-comece-debate-requalificacao-e-o-uso-futuro-do-patrimonio-religioso\/","title":{"rendered":"Bruxelas: COMECE debate requalifica\u00e7\u00e3o e o uso futuro do patrim\u00f3nio religioso"},"content":{"rendered":"<p><!--more--><img fetchpriority=\"high\" decoding=\"async\" class=\"alignnone wp-image-440574 size-full\" src=\"https:\/\/agencia.ecclesia.pt\/portal\/wp-content\/uploads\/2026\/09\/rosy_photo-buildings-5644899_1920.jpg\" alt=\"\" width=\"1920\" height=\"1280\" srcset=\"https:\/\/agencia.ecclesia.pt\/portal\/wp-content\/uploads\/2026\/09\/rosy_photo-buildings-5644899_1920.jpg 1920w, https:\/\/agencia.ecclesia.pt\/portal\/wp-content\/uploads\/2026\/09\/rosy_photo-buildings-5644899_1920-400x267.jpg 400w, https:\/\/agencia.ecclesia.pt\/portal\/wp-content\/uploads\/2026\/09\/rosy_photo-buildings-5644899_1920-1024x683.jpg 1024w, https:\/\/agencia.ecclesia.pt\/portal\/wp-content\/uploads\/2026\/09\/rosy_photo-buildings-5644899_1920-768x512.jpg 768w, https:\/\/agencia.ecclesia.pt\/portal\/wp-content\/uploads\/2026\/09\/rosy_photo-buildings-5644899_1920-391x260.jpg 391w, https:\/\/agencia.ecclesia.pt\/portal\/wp-content\/uploads\/2026\/09\/rosy_photo-buildings-5644899_1920-1536x1024.jpg 1536w\" sizes=\"(max-width: 1920px) 100vw, 1920px\" \/>Bruxelas, 04 set 2026 (Ecclesia) \u2013 A Comiss\u00e3o das Confer\u00eancias Episcopais da Uni\u00e3o Europeia (COMECE) vai promover um simp\u00f3sio internacional em Bruxelas, nos dias 22 e 23 de setembro, para debater a requalifica\u00e7\u00e3o e o uso futuro do patrim\u00f3nio religioso.<\/p>\n<p>&#8220;As igrejas podem ser entendidas como espa\u00e7os que se estendem para al\u00e9m das categorias familiares de casa, trabalho e espa\u00e7o p\u00fablico e que t\u00eam o potencial de criar novas formas de comunidade, participa\u00e7\u00e3o e perten\u00e7a&#8221;, sustenta o documento de apresenta\u00e7\u00e3o do encontro.<\/p>\n<p>O f\u00f3rum institucional, de entrada livre ao p\u00fablico, pretende explorar especificamente o &#8220;potencial das igrejas e outros espa\u00e7os sagrados numa sociedade em mudan\u00e7a, como lugares de encontro, interc\u00e2mbio e comunidade&#8221;.<\/p>\n<p>A reflex\u00e3o estrutural proposta pela entidade organizadora exige uma ausculta\u00e7\u00e3o europeia abrangente &#8220;sobre o estatuto particular das igrejas como patrim\u00f3nio cultural e sobre as implica\u00e7\u00f5es que este estatuto tem para a sua transforma\u00e7\u00e3o e uso futuro&#8221;.<\/p>\n<p>Os promotores prop\u00f5em-se a &#8220;reunir diferentes perspetivas e interesses, ligar iniciativas existentes, refletir criticamente sobre os desafios e promover o di\u00e1logo atrav\u00e9s das fronteiras institucionais e disciplinares&#8221;.<\/p>\n<p>O evento tem ra\u00edzes estrat\u00e9gicas no laborat\u00f3rio do Novo Bauhaus Europeu focado na &#8220;renova\u00e7\u00e3o, transforma\u00e7\u00e3o e revitaliza\u00e7\u00e3o de edif\u00edcios de igrejas e patrim\u00f3nio religioso na UE&#8221;, uma estrutura coliderada pela COMECE desde o final de 2025.<\/p>\n<p>O roteiro conceptual do congresso apoia-se tamb\u00e9m na &#8220;exposi\u00e7\u00e3o itinerante &#8216;Igrejas como Quartos Lugares \u2013 Perspetivas de Mudan\u00e7a'&#8221;, um projeto desenvolvido pelo Museu da Cultura da Constru\u00e7\u00e3o da regi\u00e3o alem\u00e3 da Ren\u00e2nia do Norte-Vestef\u00e1lia.<\/p>\n<p>O secret\u00e1rio-geral da COMECE, padre Manuel Barrios Prieto, far\u00e1 a abertura dos trabalhos com foco no &#8220;patrim\u00f3nio religioso rural como ativo territorial&#8221; e nos desafios contempor\u00e2neos da &#8220;transforma\u00e7\u00e3o de igrejas e mesquitas&#8221;.<\/p>\n<p>O \u00faltimo dia de atividades encerra com uma avalia\u00e7\u00e3o p\u00fablica sobre as &#8220;atividades, necessidades e desafios relacionados com as igrejas&#8221; reinventadas enquanto polos de fixa\u00e7\u00e3o c\u00edvica para as novas gera\u00e7\u00f5es.<\/p>\n<p><em>OC<\/em><\/p>\n","protected":false},"excerpt":{"rendered":"","protected":false},"author":2,"featured_media":440574,"comment_status":"closed","ping_status":"closed","sticky":false,"template":"","format":"standard","meta":{"site-sidebar-layout":"default","site-content-layout":"","ast-site-content-layout":"default","site-content-style":"default","site-sidebar-style":"default","ast-global-header-display":"","ast-banner-title-visibility":"","ast-main-header-display":"","ast-hfb-above-header-display":"","ast-hfb-below-header-display":"","ast-hfb-mobile-header-display":"","site-post-title":"","ast-breadcrumbs-content":"","ast-featured-img":"","footer-sml-layout":"","ast-disable-related-posts":"","theme-transparent-header-meta":"default","adv-header-id-meta":"","stick-header-meta":"default","header-above-stick-meta":"","header-main-stick-meta":"","header-below-stick-meta":"","astra-migrate-meta-layouts":"set","ast-page-background-enabled":"default","ast-page-background-meta":{"desktop":{"background-color":"var(--ast-global-color-4)","background-image":"","background-repeat":"repeat","background-position":"center center","background-size":"auto","background-attachment":"scroll","background-type":"","background-media":"","overlay-type":"","overlay-color":"","overlay-opacity":"","overlay-gradient":""},"tablet":{"background-color":"","background-image":"","background-repeat":"repeat","background-position":"center center","background-size":"auto","background-attachment":"scroll","background-type":"","background-media":"","overlay-type":"","overlay-color":"","overlay-opacity":"","overlay-gradient":""},"mobile":{"background-color":"","background-image":"","background-repeat":"repeat","background-position":"center center","background-size":"auto","background-attachment":"scroll","background-type":"","background-media":"","overlay-type":"","overlay-color":"","overlay-opacity":"","overlay-gradient":""}},"ast-content-background-meta":{"desktop":{"background-color":"var(--ast-global-color-5)","background-image":"","background-repeat":"repeat","background-position":"center center","background-size":"auto","background-attachment":"scroll","background-type":"","background-media":"","overlay-type":"","overlay-color":"","overlay-opacity":"","overlay-gradient":""},"tablet":{"background-color":"var(--ast-global-color-5)","background-image":"","background-repeat":"repeat","background-position":"center center","background-size":"auto","background-attachment":"scroll","background-type":"","background-media":"","overlay-type":"","overlay-color":"","overlay-opacity":"","overlay-gradient":""},"mobile":{"background-color":"var(--ast-global-color-5)","background-image":"","background-repeat":"repeat","background-position":"center center","background-size":"auto","background-attachment":"scroll","background-type":"","background-media":"","overlay-type":"","overlay-color":"","overlay-opacity":"","overlay-gradient":""}},"footnotes":""},"categories":[60,4],"tags":[203,285],"class_list":["post-440573","post","type-post","status-publish","format-standard","has-post-thumbnail","hentry","category-caixa2","category-internacional","tag-europa","tag-patrimonio"],"_links":{"self":[{"href":"https:\/\/agencia.ecclesia.pt\/portal\/wp-json\/wp\/v2\/posts\/440573","targetHints":{"allow":["GET"]}}],"collection":[{"href":"https:\/\/agencia.ecclesia.pt\/portal\/wp-json\/wp\/v2\/posts"}],"about":[{"href":"https:\/\/agencia.ecclesia.pt\/portal\/wp-json\/wp\/v2\/types\/post"}],"author":[{"embeddable":true,"href":"https:\/\/agencia.ecclesia.pt\/portal\/wp-json\/wp\/v2\/users\/2"}],"replies":[{"embeddable":true,"href":"https:\/\/agencia.ecclesia.pt\/portal\/wp-json\/wp\/v2\/comments?post=440573"}],"version-history":[{"count":1,"href":"https:\/\/agencia.ecclesia.pt\/portal\/wp-json\/wp\/v2\/posts\/440573\/revisions"}],"predecessor-version":[{"id":440578,"href":"https:\/\/agencia.ecclesia.pt\/portal\/wp-json\/wp\/v2\/posts\/440573\/revisions\/440578"}],"wp:featuredmedia":[{"embeddable":true,"href":"https:\/\/agencia.ecclesia.pt\/portal\/wp-json\/wp\/v2\/media\/440574"}],"wp:attachment":[{"href":"https:\/\/agencia.ecclesia.pt\/portal\/wp-json\/wp\/v2\/media?parent=440573"}],"wp:term":[{"taxonomy":"category","embeddable":true,"href":"https:\/\/agencia.ecclesia.pt\/portal\/wp-json\/wp\/v2\/categories?post=440573"},{"taxonomy":"post_tag","embeddable":true,"href":"https:\/\/agencia.ecclesia.pt\/portal\/wp-json\/wp\/v2\/tags?post=440573"}],"curies":[{"name":"wp","href":"https:\/\/api.w.org\/{rel}","templated":true}]}}