{"id":440571,"date":"2026-09-04T08:40:11","date_gmt":"2026-09-04T07:40:11","guid":{"rendered":"https:\/\/agencia.ecclesia.pt\/portal\/?p=440571"},"modified":"2026-09-03T16:41:55","modified_gmt":"2026-09-03T15:41:55","slug":"pastoral-vocacional-carmelitas-descalcos-dinamizam-encontros-rumos-para-jovens","status":"publish","type":"post","link":"https:\/\/agencia.ecclesia.pt\/portal\/pastoral-vocacional-carmelitas-descalcos-dinamizam-encontros-rumos-para-jovens\/","title":{"rendered":"Pastoral Vocacional: Carmelitas Descal\u00e7os dinamizam encontros \u00abRumos\u00bb para jovens"},"content":{"rendered":"<p class=\"mec-single-title\"><!--more--><\/p>\n<div class=\"mec-single-event-description mec-events-content\">\n<p><a href=\"https:\/\/agencia.ecclesia.pt\/portal\/wp-content\/uploads\/2018\/08\/Carmelitas-Descal%C3%A7os_domus_F%C3%A1tima.jpg\"><img fetchpriority=\"high\" decoding=\"async\" class=\"alignnone wp-image-112905 size-full\" src=\"https:\/\/agencia.ecclesia.pt\/portal\/wp-content\/uploads\/2018\/08\/Carmelitas-Descal\u00e7os_domus_F\u00e1tima.jpg\" alt=\"\" width=\"1200\" height=\"800\" srcset=\"https:\/\/agencia.ecclesia.pt\/portal\/wp-content\/uploads\/2018\/08\/Carmelitas-Descal\u00e7os_domus_F\u00e1tima.jpg 1200w, https:\/\/agencia.ecclesia.pt\/portal\/wp-content\/uploads\/2018\/08\/Carmelitas-Descal\u00e7os_domus_F\u00e1tima-300x200.jpg 300w, https:\/\/agencia.ecclesia.pt\/portal\/wp-content\/uploads\/2018\/08\/Carmelitas-Descal\u00e7os_domus_F\u00e1tima-768x512.jpg 768w, https:\/\/agencia.ecclesia.pt\/portal\/wp-content\/uploads\/2018\/08\/Carmelitas-Descal\u00e7os_domus_F\u00e1tima-1024x683.jpg 1024w, https:\/\/agencia.ecclesia.pt\/portal\/wp-content\/uploads\/2018\/08\/Carmelitas-Descal\u00e7os_domus_F\u00e1tima-1080x720.jpg 1080w\" sizes=\"(max-width: 1200px) 100vw, 1200px\" \/><\/a><\/p>\n<p>F\u00e1tima, 04 set 2026 (Ecclesia) \u2013 A Ordem dos Carmelitas Descal\u00e7os em Portugal inicia hoje os seus Encontros Vocacionais para Jovens, o \u2018Rumos\u2019, na Domus Carmeli, em F\u00e1tima.<\/p>\n<p>\u201cEst\u00e1s numa fase em que pensas sobre o teu futuro, as tuas escolhas ou o prop\u00f3sito da tua vida? Os encontros Rumos podem ajudar-te nessa caminhada!\u201d, divulgam os Carmelitas Descal\u00e7os, nas suas p\u00e1ginas nas redes sociais.<\/p>\n<p>A ordem religiosa explica que os encontros \u2018Rumos\u2019 se destinam a jovens que \u201cquerem parar um pouco para refletir e perceber melhor o caminho que Deus pode estar a chamar\u201d, na vida laical, no matrim\u00f3nio, no sacerd\u00f3cio ou na vida consagrada.<\/p>\n<p>O primeiro \u2018Rumos\u2019, do novo ciclo de quatro Encontros Vocacionais para Jovens, vai realizar-se entre hoje e domingo, e todos t\u00eam lugar na Domus Carmeli dos Carmelitas Descal\u00e7os, em F\u00e1tima.<\/p>\n<p><a href=\"https:\/\/agencia.ecclesia.pt\/portal\/wp-content\/uploads\/2026\/08\/Carmelitas_RUMOS-Encontros-Vocacionais-Jovens.jpg\"><img decoding=\"async\" class=\"size-medium wp-image-437259 alignright\" src=\"https:\/\/agencia.ecclesia.pt\/portal\/wp-content\/uploads\/2026\/08\/Carmelitas_RUMOS-Encontros-Vocacionais-Jovens-224x280.jpg\" alt=\"\" width=\"224\" height=\"280\" srcset=\"https:\/\/agencia.ecclesia.pt\/portal\/wp-content\/uploads\/2026\/08\/Carmelitas_RUMOS-Encontros-Vocacionais-Jovens-224x280.jpg 224w, https:\/\/agencia.ecclesia.pt\/portal\/wp-content\/uploads\/2026\/08\/Carmelitas_RUMOS-Encontros-Vocacionais-Jovens-819x1024.jpg 819w, https:\/\/agencia.ecclesia.pt\/portal\/wp-content\/uploads\/2026\/08\/Carmelitas_RUMOS-Encontros-Vocacionais-Jovens-768x960.jpg 768w, https:\/\/agencia.ecclesia.pt\/portal\/wp-content\/uploads\/2026\/08\/Carmelitas_RUMOS-Encontros-Vocacionais-Jovens-1228x1536.jpg 1228w, https:\/\/agencia.ecclesia.pt\/portal\/wp-content\/uploads\/2026\/08\/Carmelitas_RUMOS-Encontros-Vocacionais-Jovens.jpg 1350w\" sizes=\"(max-width: 224px) 100vw, 224px\" \/><\/a>Os jovens em cada fim de semana \u2018Rumos\u2019 encontram acompanhamento por casais, sacerdotes e irm\u00e3s carmelitas; momentos de reflex\u00e3o e partilha; pistas pr\u00e1ticas para ajudarem a discernir o caminho, e tamb\u00e9m podem escolher algu\u00e9m para o \u201cacompanhar pessoalmente durante este processo\u201d.<\/p>\n<p>Os Encontros Vocacionais para Jovens dos\u00a0<a href=\"https:\/\/www.facebook.com\/photo?fbid=1362406336032543&amp;set=a.501330065473512\" target=\"_blank\" rel=\"noopener\">Carmelitas Descal\u00e7os<\/a>\u00a0s\u00e3o um \u201cpercurso completo\u201d de quatro encontros, mas os interessados podem \u201cparticipar nas datas que forem poss\u00edveis\u201d, porque o programa est\u00e1 preparado para que consigam \u201cacompanhar sempre sem perder o fio condutor\u201d.<\/p>\n<p>Os outros tr\u00eas encontros no novo ciclo, que vai come\u00e7ar em setembro, realizam-se em 2027: de 8 a 10 de janeiro; 19 a 21 de mar\u00e7o; 3 a 5 setembro.<\/p>\n<p>As inscri\u00e7\u00f5es no \u2018Rumos\u2019 s\u00e3o feitas atrav\u00e9s de um formul\u00e1rio online, e para mais informa\u00e7\u00f5es existe o endere\u00e7o de correio eletr\u00f3nico\u00a0amigos@carmelitas.pt.<\/p>\n<p><em>CB<\/em><\/p>\n<\/div>\n","protected":false},"excerpt":{"rendered":"","protected":false},"author":2,"featured_media":112905,"comment_status":"closed","ping_status":"closed","sticky":false,"template":"","format":"standard","meta":{"site-sidebar-layout":"default","site-content-layout":"","ast-site-content-layout":"default","site-content-style":"default","site-sidebar-style":"default","ast-global-header-display":"","ast-banner-title-visibility":"","ast-main-header-display":"","ast-hfb-above-header-display":"","ast-hfb-below-header-display":"","ast-hfb-mobile-header-display":"","site-post-title":"","ast-breadcrumbs-content":"","ast-featured-img":"","footer-sml-layout":"","ast-disable-related-posts":"","theme-transparent-header-meta":"default","adv-header-id-meta":"","stick-header-meta":"default","header-above-stick-meta":"","header-main-stick-meta":"","header-below-stick-meta":"","astra-migrate-meta-layouts":"set","ast-page-background-enabled":"default","ast-page-background-meta":{"desktop":{"background-color":"var(--ast-global-color-4)","background-image":"","background-repeat":"repeat","background-position":"center center","background-size":"auto","background-attachment":"scroll","background-type":"","background-media":"","overlay-type":"","overlay-color":"","overlay-opacity":"","overlay-gradient":""},"tablet":{"background-color":"","background-image":"","background-repeat":"repeat","background-position":"center center","background-size":"auto","background-attachment":"scroll","background-type":"","background-media":"","overlay-type":"","overlay-color":"","overlay-opacity":"","overlay-gradient":""},"mobile":{"background-color":"","background-image":"","background-repeat":"repeat","background-position":"center center","background-size":"auto","background-attachment":"scroll","background-type":"","background-media":"","overlay-type":"","overlay-color":"","overlay-opacity":"","overlay-gradient":""}},"ast-content-background-meta":{"desktop":{"background-color":"var(--ast-global-color-5)","background-image":"","background-repeat":"repeat","background-position":"center center","background-size":"auto","background-attachment":"scroll","background-type":"","background-media":"","overlay-type":"","overlay-color":"","overlay-opacity":"","overlay-gradient":""},"tablet":{"background-color":"var(--ast-global-color-5)","background-image":"","background-repeat":"repeat","background-position":"center center","background-size":"auto","background-attachment":"scroll","background-type":"","background-media":"","overlay-type":"","overlay-color":"","overlay-opacity":"","overlay-gradient":""},"mobile":{"background-color":"var(--ast-global-color-5)","background-image":"","background-repeat":"repeat","background-position":"center center","background-size":"auto","background-attachment":"scroll","background-type":"","background-media":"","overlay-type":"","overlay-color":"","overlay-opacity":"","overlay-gradient":""}},"footnotes":""},"categories":[60,3],"tags":[],"class_list":["post-440571","post","type-post","status-publish","format-standard","has-post-thumbnail","hentry","category-caixa2","category-nacional"],"_links":{"self":[{"href":"https:\/\/agencia.ecclesia.pt\/portal\/wp-json\/wp\/v2\/posts\/440571","targetHints":{"allow":["GET"]}}],"collection":[{"href":"https:\/\/agencia.ecclesia.pt\/portal\/wp-json\/wp\/v2\/posts"}],"about":[{"href":"https:\/\/agencia.ecclesia.pt\/portal\/wp-json\/wp\/v2\/types\/post"}],"author":[{"embeddable":true,"href":"https:\/\/agencia.ecclesia.pt\/portal\/wp-json\/wp\/v2\/users\/2"}],"replies":[{"embeddable":true,"href":"https:\/\/agencia.ecclesia.pt\/portal\/wp-json\/wp\/v2\/comments?post=440571"}],"version-history":[{"count":1,"href":"https:\/\/agencia.ecclesia.pt\/portal\/wp-json\/wp\/v2\/posts\/440571\/revisions"}],"predecessor-version":[{"id":440572,"href":"https:\/\/agencia.ecclesia.pt\/portal\/wp-json\/wp\/v2\/posts\/440571\/revisions\/440572"}],"wp:featuredmedia":[{"embeddable":true,"href":"https:\/\/agencia.ecclesia.pt\/portal\/wp-json\/wp\/v2\/media\/112905"}],"wp:attachment":[{"href":"https:\/\/agencia.ecclesia.pt\/portal\/wp-json\/wp\/v2\/media?parent=440571"}],"wp:term":[{"taxonomy":"category","embeddable":true,"href":"https:\/\/agencia.ecclesia.pt\/portal\/wp-json\/wp\/v2\/categories?post=440571"},{"taxonomy":"post_tag","embeddable":true,"href":"https:\/\/agencia.ecclesia.pt\/portal\/wp-json\/wp\/v2\/tags?post=440571"}],"curies":[{"name":"wp","href":"https:\/\/api.w.org\/{rel}","templated":true}]}}