{"id":440569,"date":"2026-09-04T10:36:42","date_gmt":"2026-09-04T09:36:42","guid":{"rendered":"https:\/\/agencia.ecclesia.pt\/portal\/?p=440569"},"modified":"2026-09-04T08:05:21","modified_gmt":"2026-09-04T07:05:21","slug":"angra-jovens-desafiafos-apontar-prioridades-e-construir-solucoes-em-encontro-diocesano","status":"publish","type":"post","link":"https:\/\/agencia.ecclesia.pt\/portal\/angra-jovens-desafiafos-apontar-prioridades-e-construir-solucoes-em-encontro-diocesano\/","title":{"rendered":"Angra: Jovens desafiafos \u00abapontar prioridades e construir solu\u00e7\u00f5es\u00bb, em encontro diocesano"},"content":{"rendered":"<p class=\"mec-single-title\"><em style=\"font-size: 16px;\">Encontro projeta iniciativa diocesana \u00abAldeia da Fraternidade 2027\u00bb, na ilha do Pico<\/em><\/p>\n<p><!--more--><\/p>\n<div class=\"mec-single-event-description mec-events-content\">\n<figure id=\"attachment_347527-2\" class=\"wp-caption alignright\" aria-describedby=\"caption-attachment-347527-2\"><a href=\"https:\/\/agencia.ecclesia.pt\/portal\/wp-content\/uploads\/2024\/11\/Angra_assembleia-jovens_Foto-Igreja-Acores-CR.jpg\"><img fetchpriority=\"high\" decoding=\"async\" class=\"alignnone wp-image-347527 size-full\" src=\"https:\/\/agencia.ecclesia.pt\/portal\/wp-content\/uploads\/2024\/11\/Angra_assembleia-jovens_Foto-Igreja-Acores-CR.jpg\" alt=\"\" width=\"1920\" height=\"1280\" srcset=\"https:\/\/agencia.ecclesia.pt\/portal\/wp-content\/uploads\/2024\/11\/Angra_assembleia-jovens_Foto-Igreja-Acores-CR.jpg 1920w, https:\/\/agencia.ecclesia.pt\/portal\/wp-content\/uploads\/2024\/11\/Angra_assembleia-jovens_Foto-Igreja-Acores-CR-390x260.jpg 390w, https:\/\/agencia.ecclesia.pt\/portal\/wp-content\/uploads\/2024\/11\/Angra_assembleia-jovens_Foto-Igreja-Acores-CR-1024x683.jpg 1024w, https:\/\/agencia.ecclesia.pt\/portal\/wp-content\/uploads\/2024\/11\/Angra_assembleia-jovens_Foto-Igreja-Acores-CR-768x512.jpg 768w, https:\/\/agencia.ecclesia.pt\/portal\/wp-content\/uploads\/2024\/11\/Angra_assembleia-jovens_Foto-Igreja-Acores-CR-391x260.jpg 391w, https:\/\/agencia.ecclesia.pt\/portal\/wp-content\/uploads\/2024\/11\/Angra_assembleia-jovens_Foto-Igreja-Acores-CR-1536x1024.jpg 1536w\" sizes=\"(max-width: 1920px) 100vw, 1920px\" \/><\/a><figcaption id=\"caption-attachment-347527-2\" class=\"wp-caption-text\">Foto: Igreja A\u00e7ores\/CR<\/figcaption><\/figure>\n<p>Angra do Hero\u00edsmo, A\u00e7ores, 04 set 2026 (Ecclesia) \u2013 O Servi\u00e7o Diocesano \u00e0 Juventude de Angra vai realizar entre hoje e domingo o II Encontro Diocesano da Juventude, com dois representantes de cada ouvidoria da Diocese e assistentes de pastoral juvenil, na ilha do Pico.<\/p>\n<p>\u201cO II Encontro Diocesano da Juventude ser\u00e1 um espa\u00e7o privilegiado de di\u00e1logo, partilha e discernimento sobre as principais problem\u00e1ticas que afetam os jovens na atualidade. Pretende-se que sejam os pr\u00f3prios jovens a identificar as suas necessidades, a apontar prioridades e a construir solu\u00e7\u00f5es, assumindo um papel ativo na defini\u00e7\u00e3o do caminho da pastoral juvenil da Diocese\u201d, refere o portal diocesano\u00a0 \u2018Igreja A\u00e7ores\u2019.<\/p>\n<p>Este encontro refor\u00e7a a aposta \u201cnuma Igreja que escuta os jovens, promovendo a sua participa\u00e7\u00e3o e corresponsabilidade na vida das comunidades\u201d, pretende fortalecer os la\u00e7os entre as diferentes ouvidorias, \u201cfomentar o esp\u00edrito de comunh\u00e3o e incentivar o compromisso dos jovens na constru\u00e7\u00e3o de uma sociedade mais fraterna e esperan\u00e7osa\u201d.<\/p>\n<p>O segundo Encontro Diocesano da Juventude de Angra tem como principal objetivo preparar a iniciativa diocesana \u2018Aldeia 2027\u2019, que vai ter como tema \u2018Da Esperan\u00e7a \u00e0 Fraternidade\u2019, e est\u00e1 prevista realizar-se de 19 a 23 de julho do pr\u00f3ximo ano, na Ouvidoria da Povoa\u00e7\u00e3o, na ilha de S\u00e3o Miguel.<\/p>\n<p>\u201cAo longo destes tr\u00eas dias, os participantes ser\u00e3o chamados a refletir sobre a organiza\u00e7\u00e3o deste grande encontro diocesano, definindo linhas de a\u00e7\u00e3o e propostas que respondam \u00e0s expectativas e desafios da juventude\u201d, explicam.<\/p>\n<figure id=\"attachment_385648-2\" class=\"wp-caption alignright\" aria-describedby=\"caption-attachment-385648-2\"><a href=\"https:\/\/agencia.ecclesia.pt\/portal\/wp-content\/uploads\/2025\/07\/Angra_Aldeia-da-Esperanca_jovens_Foto-Igreja-Acores-CR-3.jpg\"><img decoding=\"async\" class=\"size-medium wp-image-385648\" src=\"https:\/\/agencia.ecclesia.pt\/portal\/wp-content\/uploads\/2025\/07\/Angra_Aldeia-da-Esperanca_jovens_Foto-Igreja-Acores-CR-3-400x267.jpg\" alt=\"\" width=\"400\" height=\"267\" srcset=\"https:\/\/agencia.ecclesia.pt\/portal\/wp-content\/uploads\/2025\/07\/Angra_Aldeia-da-Esperanca_jovens_Foto-Igreja-Acores-CR-3-400x267.jpg 400w, https:\/\/agencia.ecclesia.pt\/portal\/wp-content\/uploads\/2025\/07\/Angra_Aldeia-da-Esperanca_jovens_Foto-Igreja-Acores-CR-3-1024x683.jpg 1024w, https:\/\/agencia.ecclesia.pt\/portal\/wp-content\/uploads\/2025\/07\/Angra_Aldeia-da-Esperanca_jovens_Foto-Igreja-Acores-CR-3-768x512.jpg 768w, https:\/\/agencia.ecclesia.pt\/portal\/wp-content\/uploads\/2025\/07\/Angra_Aldeia-da-Esperanca_jovens_Foto-Igreja-Acores-CR-3-391x260.jpg 391w, https:\/\/agencia.ecclesia.pt\/portal\/wp-content\/uploads\/2025\/07\/Angra_Aldeia-da-Esperanca_jovens_Foto-Igreja-Acores-CR-3-1536x1024.jpg 1536w, https:\/\/agencia.ecclesia.pt\/portal\/wp-content\/uploads\/2025\/07\/Angra_Aldeia-da-Esperanca_jovens_Foto-Igreja-Acores-CR-3.jpg 1920w\" sizes=\"(max-width: 400px) 100vw, 400px\" \/><\/a><figcaption id=\"caption-attachment-385648-2\" class=\"wp-caption-text\">Foto: Igreja A\u00e7ores\/CR; Aldeia da Esperan\u00e7a 2025<\/figcaption><\/figure>\n<p>Durante os trabalhos deste encontro est\u00e3o previstos momentos de forma\u00e7\u00e3o, reflex\u00e3o, ora\u00e7\u00e3o e conv\u00edvio, com \u201cum ambiente prop\u00edcio \u00e0 partilha de experi\u00eancias\u201d e ao fortalecimento da miss\u00e3o dos jovens nas suas comunidades paroquiais, informa o s\u00edtio online da Diocese de Angra.<\/p>\n<p>O I\u00a0<a href=\"https:\/\/agencia.ecclesia.pt\/portal\/angra-e-precisa-uma-nova-forma-de-comunicar-com-os-jovens-gisela-baptista\/\" target=\"_blank\" rel=\"noopener\">Encontro Diocesano de Jovens<\/a>\u00a0de Angra teve lugar no Semin\u00e1rio Episcopal, em Angra do Hero\u00edsmo, na ilha terceira, em outubro de 2024.<\/p>\n<p><em>CB<\/em><\/p>\n<\/div>\n","protected":false},"excerpt":{"rendered":"<p>Encontro projeta iniciativa diocesana \u00abAldeia da Fraternidade 2027\u00bb, na ilha do Pico<\/p>\n","protected":false},"author":2,"featured_media":347527,"comment_status":"closed","ping_status":"closed","sticky":false,"template":"","format":"standard","meta":{"site-sidebar-layout":"default","site-content-layout":"","ast-site-content-layout":"default","site-content-style":"default","site-sidebar-style":"default","ast-global-header-display":"","ast-banner-title-visibility":"","ast-main-header-display":"","ast-hfb-above-header-display":"","ast-hfb-below-header-display":"","ast-hfb-mobile-header-display":"","site-post-title":"","ast-breadcrumbs-content":"","ast-featured-img":"","footer-sml-layout":"","ast-disable-related-posts":"","theme-transparent-header-meta":"default","adv-header-id-meta":"","stick-header-meta":"default","header-above-stick-meta":"","header-main-stick-meta":"","header-below-stick-meta":"","astra-migrate-meta-layouts":"set","ast-page-background-enabled":"default","ast-page-background-meta":{"desktop":{"background-color":"var(--ast-global-color-4)","background-image":"","background-repeat":"repeat","background-position":"center center","background-size":"auto","background-attachment":"scroll","background-type":"","background-media":"","overlay-type":"","overlay-color":"","overlay-opacity":"","overlay-gradient":""},"tablet":{"background-color":"","background-image":"","background-repeat":"repeat","background-position":"center center","background-size":"auto","background-attachment":"scroll","background-type":"","background-media":"","overlay-type":"","overlay-color":"","overlay-opacity":"","overlay-gradient":""},"mobile":{"background-color":"","background-image":"","background-repeat":"repeat","background-position":"center center","background-size":"auto","background-attachment":"scroll","background-type":"","background-media":"","overlay-type":"","overlay-color":"","overlay-opacity":"","overlay-gradient":""}},"ast-content-background-meta":{"desktop":{"background-color":"var(--ast-global-color-5)","background-image":"","background-repeat":"repeat","background-position":"center center","background-size":"auto","background-attachment":"scroll","background-type":"","background-media":"","overlay-type":"","overlay-color":"","overlay-opacity":"","overlay-gradient":""},"tablet":{"background-color":"var(--ast-global-color-5)","background-image":"","background-repeat":"repeat","background-position":"center center","background-size":"auto","background-attachment":"scroll","background-type":"","background-media":"","overlay-type":"","overlay-color":"","overlay-opacity":"","overlay-gradient":""},"mobile":{"background-color":"var(--ast-global-color-5)","background-image":"","background-repeat":"repeat","background-position":"center center","background-size":"auto","background-attachment":"scroll","background-type":"","background-media":"","overlay-type":"","overlay-color":"","overlay-opacity":"","overlay-gradient":""}},"footnotes":""},"categories":[89,3],"tags":[169,280],"class_list":["post-440569","post","type-post","status-publish","format-standard","has-post-thumbnail","hentry","category-destaque2","category-nacional","tag-diocese-de-angra","tag-pastoral-juvenil"],"_links":{"self":[{"href":"https:\/\/agencia.ecclesia.pt\/portal\/wp-json\/wp\/v2\/posts\/440569","targetHints":{"allow":["GET"]}}],"collection":[{"href":"https:\/\/agencia.ecclesia.pt\/portal\/wp-json\/wp\/v2\/posts"}],"about":[{"href":"https:\/\/agencia.ecclesia.pt\/portal\/wp-json\/wp\/v2\/types\/post"}],"author":[{"embeddable":true,"href":"https:\/\/agencia.ecclesia.pt\/portal\/wp-json\/wp\/v2\/users\/2"}],"replies":[{"embeddable":true,"href":"https:\/\/agencia.ecclesia.pt\/portal\/wp-json\/wp\/v2\/comments?post=440569"}],"version-history":[{"count":1,"href":"https:\/\/agencia.ecclesia.pt\/portal\/wp-json\/wp\/v2\/posts\/440569\/revisions"}],"predecessor-version":[{"id":440570,"href":"https:\/\/agencia.ecclesia.pt\/portal\/wp-json\/wp\/v2\/posts\/440569\/revisions\/440570"}],"wp:featuredmedia":[{"embeddable":true,"href":"https:\/\/agencia.ecclesia.pt\/portal\/wp-json\/wp\/v2\/media\/347527"}],"wp:attachment":[{"href":"https:\/\/agencia.ecclesia.pt\/portal\/wp-json\/wp\/v2\/media?parent=440569"}],"wp:term":[{"taxonomy":"category","embeddable":true,"href":"https:\/\/agencia.ecclesia.pt\/portal\/wp-json\/wp\/v2\/categories?post=440569"},{"taxonomy":"post_tag","embeddable":true,"href":"https:\/\/agencia.ecclesia.pt\/portal\/wp-json\/wp\/v2\/tags?post=440569"}],"curies":[{"name":"wp","href":"https:\/\/api.w.org\/{rel}","templated":true}]}}