{"id":440566,"date":"2026-09-05T09:31:42","date_gmt":"2026-09-05T08:31:42","guid":{"rendered":"https:\/\/agencia.ecclesia.pt\/portal\/?p=440566"},"modified":"2026-09-03T16:36:02","modified_gmt":"2026-09-03T15:36:02","slug":"pastoral-juvenil-convivios-fraternos-realizam-encontro-nacional-em-fatima","status":"publish","type":"post","link":"https:\/\/agencia.ecclesia.pt\/portal\/pastoral-juvenil-convivios-fraternos-realizam-encontro-nacional-em-fatima\/","title":{"rendered":"Pastoral Juvenil: Conv\u00edvios Fraternos realizam encontro nacional, em F\u00e1tima"},"content":{"rendered":"<p class=\"mec-single-title\"><!--more--><\/p>\n<div class=\"mec-single-event-description mec-events-content\">\n<p><span id=\"more-438800\"><\/span><a href=\"https:\/\/agencia.ecclesia.pt\/portal\/wp-content\/uploads\/2026\/08\/Convivios-Fraternos_encontro-nacional_2026.jpg\"><img fetchpriority=\"high\" decoding=\"async\" class=\" wp-image-438801 alignright\" src=\"https:\/\/agencia.ecclesia.pt\/portal\/wp-content\/uploads\/2026\/08\/Convivios-Fraternos_encontro-nacional_2026-224x280.jpg\" alt=\"\" width=\"305\" height=\"381\" srcset=\"https:\/\/agencia.ecclesia.pt\/portal\/wp-content\/uploads\/2026\/08\/Convivios-Fraternos_encontro-nacional_2026-224x280.jpg 224w, https:\/\/agencia.ecclesia.pt\/portal\/wp-content\/uploads\/2026\/08\/Convivios-Fraternos_encontro-nacional_2026-819x1024.jpg 819w, https:\/\/agencia.ecclesia.pt\/portal\/wp-content\/uploads\/2026\/08\/Convivios-Fraternos_encontro-nacional_2026-768x960.jpg 768w, https:\/\/agencia.ecclesia.pt\/portal\/wp-content\/uploads\/2026\/08\/Convivios-Fraternos_encontro-nacional_2026.jpg 1080w\" sizes=\"(max-width: 305px) 100vw, 305px\" \/><\/a>Lisboa, 05 set 2026 (Ecclesia) \u2013 O Movimento de pastoral juvenil Conv\u00edvios Fraternos, da Igreja Cat\u00f3lica em Portugal, vai realizar entre hoje e amanh\u00e3, o seu encontro nacional (ENCF) 2026,\u00a0 em F\u00e1tima.<\/p>\n<p>\u2018Unidos para Servir\u2019, do Evangelho de S\u00e3o Jo\u00e3o (Jo 13,34-35), \u00e9 a frase b\u00edblica que d\u00e1 tema ao Encontro Nacional dos Conv\u00edvios Fraternos deste ano.<\/p>\n<p>Esta vai ser a 52.\u00aa edi\u00e7\u00e3o do ENCF do movimento de pastoral juvenil, e vai reunir convivas de v\u00e1rias dioceses, no Santu\u00e1rio de F\u00e1tima, nomeadamente na Capelinha das Apari\u00e7\u00f5es, no Centro Pastoral Paulo VI e no recinto de ora\u00e7\u00e3o, e nos Mission\u00e1rios da Consolata, onde vai estar o acolhimento, para al\u00e9m de receber atividades em grupo e workshops.<\/p>\n<p>Segundo o programa, os participantes s\u00e3o acolhidos e v\u00e3o conhecer o hino, entre as 12h30 e as 13h00, do primeiro dia, na Consolata e s\u00e3o enviados de regresso \u00e0s suas dioceses, ap\u00f3s a Eucaristia dominical, em frente ao Centro Paulo VI, onde v\u00e3o conhecer o tema do pr\u00f3ximo ENCF, \u00e0s 12h30.<\/p>\n<p>O Conv\u00edvio Fraterno \u00e9 uma experi\u00eancia de primeiro an\u00fancio que tem como objetivo despertar os jovens para a f\u00e9,\u00a0que os convida a uma reflex\u00e3o s\u00e9ria num retiro de tr\u00eas dias, em regime de internato.<\/p>\n<figure id=\"attachment_340464-2\" class=\"wp-caption alignright\" aria-describedby=\"caption-attachment-340464-2\"><a href=\"https:\/\/agencia.ecclesia.pt\/portal\/wp-content\/uploads\/2024\/09\/Convivios-Fraternos_EM50_2144.jpg\"><img decoding=\"async\" class=\"size-medium wp-image-340464\" src=\"https:\/\/agencia.ecclesia.pt\/portal\/wp-content\/uploads\/2024\/09\/Convivios-Fraternos_EM50_2144-391x260.jpg\" alt=\"\" width=\"391\" height=\"260\" srcset=\"https:\/\/agencia.ecclesia.pt\/portal\/wp-content\/uploads\/2024\/09\/Convivios-Fraternos_EM50_2144-391x260.jpg 391w, https:\/\/agencia.ecclesia.pt\/portal\/wp-content\/uploads\/2024\/09\/Convivios-Fraternos_EM50_2144-1024x681.jpg 1024w, https:\/\/agencia.ecclesia.pt\/portal\/wp-content\/uploads\/2024\/09\/Convivios-Fraternos_EM50_2144-768x511.jpg 768w, https:\/\/agencia.ecclesia.pt\/portal\/wp-content\/uploads\/2024\/09\/Convivios-Fraternos_EM50_2144.jpg 1200w\" sizes=\"(max-width: 391px) 100vw, 391px\" \/><\/a><figcaption id=\"caption-attachment-340464-2\" class=\"wp-caption-text\">Foto Ag\u00eancia ECCLESIA\/PR, Padre Valente, fundador dos Conv\u00edvios Fraternos<\/figcaption><\/figure>\n<p>O primeiro Conv\u00edvio Fraterno realizou-se de 17 a 19 de maio de 1968, em Castelo Branco,\u00a0na Diocese de Portalegre-Castelo Branco, da vis\u00e3o pastoral do padre Valente de Matos com o prop\u00f3sito de responder \u00e0s necessidades e anseios espirituais dos jovens.<\/p>\n<p>Em 2018, o movimento de pastoral juvenil comemorou os 50 anos da sua funda\u00e7\u00e3o, e a sua Cruz Peregrina percorreu todas as dioceses de Portugal onde os Conv\u00edvios Fraternos est\u00e3o implementados, Mo\u00e7ambique e Paris\u00a0(Fran\u00e7a).<\/p>\n<p>A Confer\u00eancia Episcopal Portuguesa (CEP) aprovou os estatutos dos\u00a0<a href=\"https:\/\/www.anuariocatolicoportugal.net\/ficha_instituicao.asp?instituicaoid=74\" target=\"_blank\" rel=\"noopener\">Conv\u00edvios Fraternos<\/a>\u00a0no dia 1 de mar\u00e7o de 2010.<\/p>\n<p><em>CB<\/em><\/p>\n<\/div>\n","protected":false},"excerpt":{"rendered":"","protected":false},"author":2,"featured_media":440567,"comment_status":"closed","ping_status":"closed","sticky":false,"template":"","format":"standard","meta":{"site-sidebar-layout":"default","site-content-layout":"","ast-site-content-layout":"default","site-content-style":"default","site-sidebar-style":"default","ast-global-header-display":"","ast-banner-title-visibility":"","ast-main-header-display":"","ast-hfb-above-header-display":"","ast-hfb-below-header-display":"","ast-hfb-mobile-header-display":"","site-post-title":"","ast-breadcrumbs-content":"","ast-featured-img":"","footer-sml-layout":"","ast-disable-related-posts":"","theme-transparent-header-meta":"default","adv-header-id-meta":"","stick-header-meta":"default","header-above-stick-meta":"","header-main-stick-meta":"","header-below-stick-meta":"","astra-migrate-meta-layouts":"set","ast-page-background-enabled":"default","ast-page-background-meta":{"desktop":{"background-color":"var(--ast-global-color-4)","background-image":"","background-repeat":"repeat","background-position":"center center","background-size":"auto","background-attachment":"scroll","background-type":"","background-media":"","overlay-type":"","overlay-color":"","overlay-opacity":"","overlay-gradient":""},"tablet":{"background-color":"","background-image":"","background-repeat":"repeat","background-position":"center center","background-size":"auto","background-attachment":"scroll","background-type":"","background-media":"","overlay-type":"","overlay-color":"","overlay-opacity":"","overlay-gradient":""},"mobile":{"background-color":"","background-image":"","background-repeat":"repeat","background-position":"center center","background-size":"auto","background-attachment":"scroll","background-type":"","background-media":"","overlay-type":"","overlay-color":"","overlay-opacity":"","overlay-gradient":""}},"ast-content-background-meta":{"desktop":{"background-color":"var(--ast-global-color-5)","background-image":"","background-repeat":"repeat","background-position":"center center","background-size":"auto","background-attachment":"scroll","background-type":"","background-media":"","overlay-type":"","overlay-color":"","overlay-opacity":"","overlay-gradient":""},"tablet":{"background-color":"var(--ast-global-color-5)","background-image":"","background-repeat":"repeat","background-position":"center center","background-size":"auto","background-attachment":"scroll","background-type":"","background-media":"","overlay-type":"","overlay-color":"","overlay-opacity":"","overlay-gradient":""},"mobile":{"background-color":"var(--ast-global-color-5)","background-image":"","background-repeat":"repeat","background-position":"center center","background-size":"auto","background-attachment":"scroll","background-type":"","background-media":"","overlay-type":"","overlay-color":"","overlay-opacity":"","overlay-gradient":""}},"footnotes":""},"categories":[60,3],"tags":[],"class_list":["post-440566","post","type-post","status-publish","format-standard","has-post-thumbnail","hentry","category-caixa2","category-nacional"],"_links":{"self":[{"href":"https:\/\/agencia.ecclesia.pt\/portal\/wp-json\/wp\/v2\/posts\/440566","targetHints":{"allow":["GET"]}}],"collection":[{"href":"https:\/\/agencia.ecclesia.pt\/portal\/wp-json\/wp\/v2\/posts"}],"about":[{"href":"https:\/\/agencia.ecclesia.pt\/portal\/wp-json\/wp\/v2\/types\/post"}],"author":[{"embeddable":true,"href":"https:\/\/agencia.ecclesia.pt\/portal\/wp-json\/wp\/v2\/users\/2"}],"replies":[{"embeddable":true,"href":"https:\/\/agencia.ecclesia.pt\/portal\/wp-json\/wp\/v2\/comments?post=440566"}],"version-history":[{"count":1,"href":"https:\/\/agencia.ecclesia.pt\/portal\/wp-json\/wp\/v2\/posts\/440566\/revisions"}],"predecessor-version":[{"id":440568,"href":"https:\/\/agencia.ecclesia.pt\/portal\/wp-json\/wp\/v2\/posts\/440566\/revisions\/440568"}],"wp:featuredmedia":[{"embeddable":true,"href":"https:\/\/agencia.ecclesia.pt\/portal\/wp-json\/wp\/v2\/media\/440567"}],"wp:attachment":[{"href":"https:\/\/agencia.ecclesia.pt\/portal\/wp-json\/wp\/v2\/media?parent=440566"}],"wp:term":[{"taxonomy":"category","embeddable":true,"href":"https:\/\/agencia.ecclesia.pt\/portal\/wp-json\/wp\/v2\/categories?post=440566"},{"taxonomy":"post_tag","embeddable":true,"href":"https:\/\/agencia.ecclesia.pt\/portal\/wp-json\/wp\/v2\/tags?post=440566"}],"curies":[{"name":"wp","href":"https:\/\/api.w.org\/{rel}","templated":true}]}}