{"id":440563,"date":"2026-09-05T08:21:52","date_gmt":"2026-09-05T07:21:52","guid":{"rendered":"https:\/\/agencia.ecclesia.pt\/portal\/?p=440563"},"modified":"2026-09-04T17:43:55","modified_gmt":"2026-09-04T16:43:55","slug":"magnifica-humanitas-especialista-alerta-para-o-perigo-da-delegacao-do-pensamento-na-ia","status":"publish","type":"post","link":"https:\/\/agencia.ecclesia.pt\/portal\/magnifica-humanitas-especialista-alerta-para-o-perigo-da-delegacao-do-pensamento-na-ia\/","title":{"rendered":"\u00abMagnifica Humanitas\u00bb: Especialista alerta para o perigo da delega\u00e7\u00e3o do pensamento na IA"},"content":{"rendered":"<p><em>Bernardo Caldas elogia enc\u00edclica de Le\u00e3o XIV, que exige escrut\u00ednio para travar depend\u00eancia tecnol\u00f3gica<\/em><!--more--><\/p>\n<p><img fetchpriority=\"high\" decoding=\"async\" class=\"alignnone wp-image-440564 size-full\" src=\"https:\/\/agencia.ecclesia.pt\/portal\/wp-content\/uploads\/2026\/09\/geralt-artificial-intelligence-3382521_1920.jpg\" alt=\"\" width=\"1920\" height=\"1280\" srcset=\"https:\/\/agencia.ecclesia.pt\/portal\/wp-content\/uploads\/2026\/09\/geralt-artificial-intelligence-3382521_1920.jpg 1920w, https:\/\/agencia.ecclesia.pt\/portal\/wp-content\/uploads\/2026\/09\/geralt-artificial-intelligence-3382521_1920-400x267.jpg 400w, https:\/\/agencia.ecclesia.pt\/portal\/wp-content\/uploads\/2026\/09\/geralt-artificial-intelligence-3382521_1920-1024x683.jpg 1024w, https:\/\/agencia.ecclesia.pt\/portal\/wp-content\/uploads\/2026\/09\/geralt-artificial-intelligence-3382521_1920-768x512.jpg 768w, https:\/\/agencia.ecclesia.pt\/portal\/wp-content\/uploads\/2026\/09\/geralt-artificial-intelligence-3382521_1920-391x260.jpg 391w, https:\/\/agencia.ecclesia.pt\/portal\/wp-content\/uploads\/2026\/09\/geralt-artificial-intelligence-3382521_1920-1536x1024.jpg 1536w\" sizes=\"(max-width: 1920px) 100vw, 1920px\" \/><\/p>\n<p>Lisboa, 05 set 2026 (Ecclesia) \u2013Bernardo Caldas, especialista em intelig\u00eancia artificial (IA), elogiou a publica\u00e7\u00e3o da enc\u00edclica \u2018Magnifica Humanitas\u2019, destacando que Le\u00e3o XIV recusa o catastrofismo e exige o escrut\u00ednio dos algoritmos para proteger a humanidade.<\/p>\n<p>&#8220;A nossa intera\u00e7\u00e3o com a intelig\u00eancia artificial sem n\u00f3s nos apercebermos pode se tornar numa delega\u00e7\u00e3o completa do pensamento e do esp\u00edrito cr\u00edtico mesmo quando n\u00e3o queremos&#8221;, advertiu o especialista, em entrevista \u00e0 Ag\u00eancia ECCLESIA.<\/p>\n<p>O especialista assinalou que o pont\u00edfice demonstra um profundo conhecimento t\u00e9cnico na sua primeira enc\u00edclica, ao reconhecer que a IA \u00e9 &#8220;mais cultivada do que criada&#8221;.<\/p>\n<p>Esta caracter\u00edstica estrutural das plataformas impede que sejam estritamente \u201cprogramadas\u201d, justificou, clarificando as dificuldades enfrentadas pelos pr\u00f3prios engenheiros na corre\u00e7\u00e3o de falhas e na mitiga\u00e7\u00e3o da desinforma\u00e7\u00e3o.<\/p>\n<p>Bernardo Caldas rejeitou uma postura reativa perante o progresso, sublinhando que a vis\u00e3o cat\u00f3lica encara o labor cient\u00edfico e a t\u00e9cnica como uma forma aut\u00eantica de \u201ccolaborar\u201d com a cria\u00e7\u00e3o.<\/p>\n<p>O especialista admite que o desenvolvimento da IA vai criar disrup\u00e7\u00e3o nos modelos econ\u00f3micos e desaparecimento de empregos, mas aponta \u00e0 necessidade de valorizar outras \u00e1reas, como a dos cuidadores informais.<\/p>\n<p>&#8220;N\u00e3o vejo nenhum cen\u00e1rio em que n\u00e3o exista abund\u00e2ncia desta necessidade para cuidar das pessoas que est\u00e3o \u00e0 nossa volta&#8221;, perspetivou.<\/p>\n<p>Segundo o entrevistado, o perigo da &#8220;simula\u00e7\u00e3o de empatia&#8221; constitui uma das amea\u00e7as mais severas do universo digital, citando estudos onde utilizadores classificaram m\u00e9dicos virtuais como mais atenciosos do que os profissionais humanos.<\/p>\n<p>Bernardo Caldas denunciou o extremar desta ilus\u00e3o junto das faixas et\u00e1rias mais novas, lembrando que as m\u00e1quinas oferecem intera\u00e7\u00f5es de facilidade absoluta, enquanto &#8220;as nossas rela\u00e7\u00f5es mais fortes passam por per\u00edodos de tens\u00e3o&#8221;.<\/p>\n<p>A base de treino destes sistemas esconde uma &#8220;ditadura da maioria&#8221;, evidenciou o orador ao explicar que as respostas reproduzem vis\u00f5es estatisticamente dominantes ou embutem crit\u00e9rios morais ocultos impostos pelos seus programadores.<\/p>\n<p>A transfer\u00eancia do discernimento \u00edntimo para o ambiente digital atinge inclusivamente a dimens\u00e3o religiosa, com relatos crescentes de fi\u00e9is que substituem o acompanhamento espiritual pelo aconselhamento dos algoritmos.<\/p>\n<p>&#8220;N\u00e3o d\u00e1 para ser um crist\u00e3o com os p\u00e9s assentes na terra, que esteja no mundo mas n\u00e3o seja do mundo, que n\u00e3o compreenda a realidade em que opera&#8221;, exortou o convidado, perante a urg\u00eancia de promover a literacia tecnol\u00f3gica nas par\u00f3quias.<\/p>\n<p>A entrevista vai ser emitida este domingo no Programa ECCLESIA, pelas 06h00 na RTP Antena 1, encerrando um ciclo de cinco conversas sobre a primeira enc\u00edclica de Le\u00e3o XIV.<\/p>\n<p><em>OC<\/em><\/p>\n","protected":false},"excerpt":{"rendered":"<p>Bernardo Caldas elogia enc\u00edclica de Le\u00e3o XIV, que exige escrut\u00ednio para travar depend\u00eancia tecnol\u00f3gica<\/p>\n","protected":false},"author":2,"featured_media":440564,"comment_status":"closed","ping_status":"closed","sticky":false,"template":"","format":"standard","meta":{"site-sidebar-layout":"default","site-content-layout":"","ast-site-content-layout":"default","site-content-style":"default","site-sidebar-style":"default","ast-global-header-display":"","ast-banner-title-visibility":"","ast-main-header-display":"","ast-hfb-above-header-display":"","ast-hfb-below-header-display":"","ast-hfb-mobile-header-display":"","site-post-title":"","ast-breadcrumbs-content":"","ast-featured-img":"","footer-sml-layout":"","ast-disable-related-posts":"","theme-transparent-header-meta":"default","adv-header-id-meta":"","stick-header-meta":"default","header-above-stick-meta":"","header-main-stick-meta":"","header-below-stick-meta":"","astra-migrate-meta-layouts":"set","ast-page-background-enabled":"default","ast-page-background-meta":{"desktop":{"background-color":"var(--ast-global-color-4)","background-image":"","background-repeat":"repeat","background-position":"center center","background-size":"auto","background-attachment":"scroll","background-type":"","background-media":"","overlay-type":"","overlay-color":"","overlay-opacity":"","overlay-gradient":""},"tablet":{"background-color":"","background-image":"","background-repeat":"repeat","background-position":"center center","background-size":"auto","background-attachment":"scroll","background-type":"","background-media":"","overlay-type":"","overlay-color":"","overlay-opacity":"","overlay-gradient":""},"mobile":{"background-color":"","background-image":"","background-repeat":"repeat","background-position":"center center","background-size":"auto","background-attachment":"scroll","background-type":"","background-media":"","overlay-type":"","overlay-color":"","overlay-opacity":"","overlay-gradient":""}},"ast-content-background-meta":{"desktop":{"background-color":"var(--ast-global-color-5)","background-image":"","background-repeat":"repeat","background-position":"center center","background-size":"auto","background-attachment":"scroll","background-type":"","background-media":"","overlay-type":"","overlay-color":"","overlay-opacity":"","overlay-gradient":""},"tablet":{"background-color":"var(--ast-global-color-5)","background-image":"","background-repeat":"repeat","background-position":"center center","background-size":"auto","background-attachment":"scroll","background-type":"","background-media":"","overlay-type":"","overlay-color":"","overlay-opacity":"","overlay-gradient":""},"mobile":{"background-color":"var(--ast-global-color-5)","background-image":"","background-repeat":"repeat","background-position":"center center","background-size":"auto","background-attachment":"scroll","background-type":"","background-media":"","overlay-type":"","overlay-color":"","overlay-opacity":"","overlay-gradient":""}},"footnotes":""},"categories":[1020,3],"tags":[1029,916],"class_list":["post-440563","post","type-post","status-publish","format-standard","has-post-thumbnail","hentry","category-manchete-ultimas2","category-nacional","tag-magnifica-humanitas","tag-inteligencia-artificial"],"_links":{"self":[{"href":"https:\/\/agencia.ecclesia.pt\/portal\/wp-json\/wp\/v2\/posts\/440563","targetHints":{"allow":["GET"]}}],"collection":[{"href":"https:\/\/agencia.ecclesia.pt\/portal\/wp-json\/wp\/v2\/posts"}],"about":[{"href":"https:\/\/agencia.ecclesia.pt\/portal\/wp-json\/wp\/v2\/types\/post"}],"author":[{"embeddable":true,"href":"https:\/\/agencia.ecclesia.pt\/portal\/wp-json\/wp\/v2\/users\/2"}],"replies":[{"embeddable":true,"href":"https:\/\/agencia.ecclesia.pt\/portal\/wp-json\/wp\/v2\/comments?post=440563"}],"version-history":[{"count":1,"href":"https:\/\/agencia.ecclesia.pt\/portal\/wp-json\/wp\/v2\/posts\/440563\/revisions"}],"predecessor-version":[{"id":440565,"href":"https:\/\/agencia.ecclesia.pt\/portal\/wp-json\/wp\/v2\/posts\/440563\/revisions\/440565"}],"wp:featuredmedia":[{"embeddable":true,"href":"https:\/\/agencia.ecclesia.pt\/portal\/wp-json\/wp\/v2\/media\/440564"}],"wp:attachment":[{"href":"https:\/\/agencia.ecclesia.pt\/portal\/wp-json\/wp\/v2\/media?parent=440563"}],"wp:term":[{"taxonomy":"category","embeddable":true,"href":"https:\/\/agencia.ecclesia.pt\/portal\/wp-json\/wp\/v2\/categories?post=440563"},{"taxonomy":"post_tag","embeddable":true,"href":"https:\/\/agencia.ecclesia.pt\/portal\/wp-json\/wp\/v2\/tags?post=440563"}],"curies":[{"name":"wp","href":"https:\/\/api.w.org\/{rel}","templated":true}]}}