{"id":440558,"date":"2026-09-03T16:10:51","date_gmt":"2026-09-03T15:10:51","guid":{"rendered":"https:\/\/agencia.ecclesia.pt\/portal\/?p=440558"},"modified":"2026-09-03T16:10:51","modified_gmt":"2026-09-03T15:10:51","slug":"fatima-santuario-prepara-se-para-receber-milhares-de-motociclistas-na-11-a-peregrinacao-da-bencao-dos-capacetes","status":"publish","type":"post","link":"https:\/\/agencia.ecclesia.pt\/portal\/fatima-santuario-prepara-se-para-receber-milhares-de-motociclistas-na-11-a-peregrinacao-da-bencao-dos-capacetes\/","title":{"rendered":"F\u00e1tima: Santu\u00e1rio prepara-se para receber milhares de motociclistas na 11.\u00aa Peregrina\u00e7\u00e3o da B\u00ean\u00e7\u00e3o dos Capacetes"},"content":{"rendered":"<p><em>Iniciativa vai estender-se \u00e0 Madeira e aos A\u00e7ores<\/em><!--more--><\/p>\n<div class=\"epyt-video-wrapper\"><iframe  id=\"_ytid_58261\"  width=\"480\" height=\"270\"  data-origwidth=\"480\" data-origheight=\"270\" src=\"https:\/\/www.youtube.com\/embed\/R7-oee76GOo?enablejsapi=1&#038;autoplay=0&#038;cc_load_policy=0&#038;cc_lang_pref=pt&#038;iv_load_policy=1&#038;loop=0&#038;rel=0&#038;fs=1&#038;playsinline=1&#038;autohide=2&#038;theme=dark&#038;color=red&#038;controls=1&#038;disablekb=0&#038;\" class=\"__youtube_prefs__  epyt-is-override  no-lazyload\" title=\"YouTube player\"  allow=\"fullscreen; accelerometer; autoplay; clipboard-write; encrypted-media; gyroscope; picture-in-picture; web-share\" referrerpolicy=\"strict-origin-when-cross-origin\" allowfullscreen data-no-lazy=\"1\" data-skipgform_ajax_framebjll=\"\"><\/iframe><\/div>\n<p>F\u00e1tima, 03 set 2026 (Ecclesia) \u2013 O Santu\u00e1rio de F\u00e1tima vai receber a 20 de setembro milhares de motociclistas, convidados a viver um dia de \u201cora\u00e7\u00e3o e conv\u00edvio\u201d na 11.\u00aa Peregrina\u00e7\u00e3o da B\u00ean\u00e7\u00e3o dos Capacetes.<\/p>\n<p>A\u201d novidade desta edi\u00e7\u00e3o \u00e9 a realiza\u00e7\u00e3o da B\u00ean\u00e7\u00e3o dos Capacetes, pela primeira vez, tamb\u00e9m na Madeira e nos A\u00e7ores. No mesmo dia e em moldes id\u00eanticos aos da celebra\u00e7\u00e3o que ter\u00e1 lugar na Cova da Iria, as dioceses de Angra e do Funchal acolhem a iniciativa da ABC \u2014 Associa\u00e7\u00e3o B\u00ean\u00e7\u00e3o dos Capacetes e dos motoclubes locais respons\u00e1veis pela proposta\u201d, refere uma nota divulgada hoje pelo santu\u00e1rio nacional.<\/p>\n<p>Na Cova da Iria, a peregrina\u00e7\u00e3o ser\u00e1 presidida pelo patriarca de Lisboa, D. Rui Val\u00e9rio.<\/p>\n<p>\u201cOs motociclistas ter\u00e3o tamb\u00e9m uma participa\u00e7\u00e3o ativa nas celebra\u00e7\u00f5es, assegurando diferentes servi\u00e7os, como o acolhimento dos peregrinos, a recita\u00e7\u00e3o do Ros\u00e1rio, o transporte do andor, a proclama\u00e7\u00e3o das leituras e o apoio \u00e0 distribui\u00e7\u00e3o da Comunh\u00e3o\u201d, <a href=\"https:\/\/www.fatima.pt\/pt\/news\/motociclistas-regressam-a-fatima-para-a-11a-peregrinacao-da-bencao-dos-capacetes\" target=\"_blank\" rel=\"noopener\">adianta<\/a> o comunicado de imprensa.<\/p>\n<p>Em 2025, estiveram presentes no Recinto de Ora\u00e7\u00e3o cerca de 180 mil motociclistas.<\/p>\n<p>Numa\u00a0mensagem dirigida aos participantes, o reitor do Santu\u00e1rio de F\u00e1tima, padre Carlos Cabecinhas, convida os motociclistas a participarem neste \u201cmomento de encontro e conv\u00edvio\u201d, marcado tamb\u00e9m pela ora\u00e7\u00e3o por quantos perderam a vida em acidentes rodovi\u00e1rios.<\/p>\n<p>\u201cContamos com todos v\u00f3s e pedimos-vos o especial cuidado, da prud\u00eancia nas estradas para podermos chegar com sa\u00fade e partir felizes\u201d, conclui o respons\u00e1vel.<\/p>\n<p><em>OC<\/em><\/p>\n","protected":false},"excerpt":{"rendered":"<p>Iniciativa vai estender-se \u00e0 Madeira e aos A\u00e7ores<\/p>\n","protected":false},"author":2,"featured_media":440559,"comment_status":"closed","ping_status":"closed","sticky":false,"template":"","format":"standard","meta":{"site-sidebar-layout":"default","site-content-layout":"","ast-site-content-layout":"default","site-content-style":"default","site-sidebar-style":"default","ast-global-header-display":"","ast-banner-title-visibility":"","ast-main-header-display":"","ast-hfb-above-header-display":"","ast-hfb-below-header-display":"","ast-hfb-mobile-header-display":"","site-post-title":"","ast-breadcrumbs-content":"","ast-featured-img":"","footer-sml-layout":"","ast-disable-related-posts":"","theme-transparent-header-meta":"default","adv-header-id-meta":"","stick-header-meta":"default","header-above-stick-meta":"","header-main-stick-meta":"","header-below-stick-meta":"","astra-migrate-meta-layouts":"set","ast-page-background-enabled":"default","ast-page-background-meta":{"desktop":{"background-color":"var(--ast-global-color-4)","background-image":"","background-repeat":"repeat","background-position":"center center","background-size":"auto","background-attachment":"scroll","background-type":"","background-media":"","overlay-type":"","overlay-color":"","overlay-opacity":"","overlay-gradient":""},"tablet":{"background-color":"","background-image":"","background-repeat":"repeat","background-position":"center center","background-size":"auto","background-attachment":"scroll","background-type":"","background-media":"","overlay-type":"","overlay-color":"","overlay-opacity":"","overlay-gradient":""},"mobile":{"background-color":"","background-image":"","background-repeat":"repeat","background-position":"center center","background-size":"auto","background-attachment":"scroll","background-type":"","background-media":"","overlay-type":"","overlay-color":"","overlay-opacity":"","overlay-gradient":""}},"ast-content-background-meta":{"desktop":{"background-color":"var(--ast-global-color-5)","background-image":"","background-repeat":"repeat","background-position":"center center","background-size":"auto","background-attachment":"scroll","background-type":"","background-media":"","overlay-type":"","overlay-color":"","overlay-opacity":"","overlay-gradient":""},"tablet":{"background-color":"var(--ast-global-color-5)","background-image":"","background-repeat":"repeat","background-position":"center center","background-size":"auto","background-attachment":"scroll","background-type":"","background-media":"","overlay-type":"","overlay-color":"","overlay-opacity":"","overlay-gradient":""},"mobile":{"background-color":"var(--ast-global-color-5)","background-image":"","background-repeat":"repeat","background-position":"center center","background-size":"auto","background-attachment":"scroll","background-type":"","background-media":"","overlay-type":"","overlay-color":"","overlay-opacity":"","overlay-gradient":""}},"footnotes":""},"categories":[79,3],"tags":[207],"class_list":["post-440558","post","type-post","status-publish","format-standard","has-post-thumbnail","hentry","category-destaque1","category-nacional","tag-fatima"],"_links":{"self":[{"href":"https:\/\/agencia.ecclesia.pt\/portal\/wp-json\/wp\/v2\/posts\/440558","targetHints":{"allow":["GET"]}}],"collection":[{"href":"https:\/\/agencia.ecclesia.pt\/portal\/wp-json\/wp\/v2\/posts"}],"about":[{"href":"https:\/\/agencia.ecclesia.pt\/portal\/wp-json\/wp\/v2\/types\/post"}],"author":[{"embeddable":true,"href":"https:\/\/agencia.ecclesia.pt\/portal\/wp-json\/wp\/v2\/users\/2"}],"replies":[{"embeddable":true,"href":"https:\/\/agencia.ecclesia.pt\/portal\/wp-json\/wp\/v2\/comments?post=440558"}],"version-history":[{"count":1,"href":"https:\/\/agencia.ecclesia.pt\/portal\/wp-json\/wp\/v2\/posts\/440558\/revisions"}],"predecessor-version":[{"id":440561,"href":"https:\/\/agencia.ecclesia.pt\/portal\/wp-json\/wp\/v2\/posts\/440558\/revisions\/440561"}],"wp:featuredmedia":[{"embeddable":true,"href":"https:\/\/agencia.ecclesia.pt\/portal\/wp-json\/wp\/v2\/media\/440559"}],"wp:attachment":[{"href":"https:\/\/agencia.ecclesia.pt\/portal\/wp-json\/wp\/v2\/media?parent=440558"}],"wp:term":[{"taxonomy":"category","embeddable":true,"href":"https:\/\/agencia.ecclesia.pt\/portal\/wp-json\/wp\/v2\/categories?post=440558"},{"taxonomy":"post_tag","embeddable":true,"href":"https:\/\/agencia.ecclesia.pt\/portal\/wp-json\/wp\/v2\/tags?post=440558"}],"curies":[{"name":"wp","href":"https:\/\/api.w.org\/{rel}","templated":true}]}}