{"id":440553,"date":"2026-09-03T15:34:48","date_gmt":"2026-09-03T14:34:48","guid":{"rendered":"https:\/\/agencia.ecclesia.pt\/portal\/?p=440553"},"modified":"2026-09-03T15:34:48","modified_gmt":"2026-09-03T14:34:48","slug":"caminhos-na-minha-terra-das-memorias-dos-avos-a-fronteira-como-transgressao-permanente-no-alto-minho","status":"publish","type":"post","link":"https:\/\/agencia.ecclesia.pt\/portal\/caminhos-na-minha-terra-das-memorias-dos-avos-a-fronteira-como-transgressao-permanente-no-alto-minho\/","title":{"rendered":"\u00abCaminhos na minha Terra\u00bb: Das mem\u00f3rias dos av\u00f3s \u00e0 fronteira como \u00abtransgress\u00e3o permanente\u00bb, no Alto Minho"},"content":{"rendered":"<p><em>Padre Jo\u00e3o Basto conduz visita a lugares marcantes, explorando a rela\u00e7\u00e3o entre geografia e constru\u00e7\u00e3o da identidade crist\u00e3<\/em><!--more--><\/p>\n<div class=\"epyt-video-wrapper\"><iframe  id=\"_ytid_22832\"  width=\"480\" height=\"270\"  data-origwidth=\"480\" data-origheight=\"270\" src=\"https:\/\/www.youtube.com\/embed\/gTnLdd7T7-w?enablejsapi=1&#038;autoplay=0&#038;cc_load_policy=0&#038;cc_lang_pref=pt&#038;iv_load_policy=1&#038;loop=0&#038;rel=0&#038;fs=1&#038;playsinline=1&#038;autohide=2&#038;theme=dark&#038;color=red&#038;controls=1&#038;disablekb=0&#038;\" class=\"__youtube_prefs__  epyt-is-override  no-lazyload\" title=\"YouTube player\"  allow=\"fullscreen; accelerometer; autoplay; clipboard-write; encrypted-media; gyroscope; picture-in-picture; web-share\" referrerpolicy=\"strict-origin-when-cross-origin\" allowfullscreen data-no-lazy=\"1\" data-skipgform_ajax_framebjll=\"\"><\/iframe><\/div>\n<p>&nbsp;<\/p>\n<p>Viana do Castelo, 03 set 2026 (Ecclesia) \u2013 O padre Jo\u00e3o Basto percorreu hoje lugares marcantes da sua inf\u00e2ncia no Alto Minho, explorando a rela\u00e7\u00e3o \u00edntima entre a geografia f\u00edsica e a constru\u00e7\u00e3o da identidade crist\u00e3 em espa\u00e7os fronteiri\u00e7os.<\/p>\n<p>&#8220;Esta ideia de que a f\u00e9 tamb\u00e9m \u00e9 uma esp\u00e9cie de transgress\u00e3o permanente, que n\u00f3s sabemos concretizar de maneiras muito espec\u00edficas, foi algo que aprendi nestes lugares&#8221;, sublinhou o sacerdote da Diocese de Viana do Castelo.<\/p>\n<p>O convidado do Programa ECCLESIA, emitido hoje na RTP2, falou da religiosidade popular e da heran\u00e7a hist\u00f3rica de \u201ccontrabando\u201d que marca as povoa\u00e7\u00f5es que unem Portugal e Espanha.<\/p>\n<p>\u201cEsta ideia de uma fronteira estanque ou de uma fronteira que seja \u00fanica e exclusivamente um tra\u00e7o de amizade \u00e9 incompleta, ou seja, \u00e9 uma tens\u00e3o de proximidade, mas tamb\u00e9m de tens\u00e3o\u201d, sustentou.<\/p>\n<p>A viagem guiada passou pela romaria \u00e0 Senhora da Agonia e a sua integra\u00e7\u00e3o na malha urbana, demonstrando a interliga\u00e7\u00e3o nortenha entre o sagrado e a festa popular, porque &#8220;a f\u00e9 \u00e9 tamb\u00e9m vivida de maneira convivial&#8221;.<\/p>\n<p>\u201cOs nossos sofrimentos, as nossas quedas, a nossa parte mortal, imperfeita, \u00e9, de certa maneira, olhada com miseric\u00f3rdia\u201d, acrescentou o sacerdote.<\/p>\n<div id='gallery-1' class='gallery galleryid-440553 gallery-columns-3 gallery-size-medium'><figure class='gallery-item'>\n\t\t\t<div class='gallery-icon landscape'>\n\t\t\t\t<a href='https:\/\/agencia.ecclesia.pt\/portal\/joao-basto\/'><img fetchpriority=\"high\" decoding=\"async\" width=\"400\" height=\"267\" src=\"https:\/\/agencia.ecclesia.pt\/portal\/wp-content\/uploads\/2026\/09\/joao-basto-400x267.jpg\" class=\"attachment-medium size-medium\" alt=\"\" aria-describedby=\"gallery-1-440508\" srcset=\"https:\/\/agencia.ecclesia.pt\/portal\/wp-content\/uploads\/2026\/09\/joao-basto-400x267.jpg 400w, https:\/\/agencia.ecclesia.pt\/portal\/wp-content\/uploads\/2026\/09\/joao-basto-1024x683.jpg 1024w, https:\/\/agencia.ecclesia.pt\/portal\/wp-content\/uploads\/2026\/09\/joao-basto-768x512.jpg 768w, https:\/\/agencia.ecclesia.pt\/portal\/wp-content\/uploads\/2026\/09\/joao-basto-391x260.jpg 391w, https:\/\/agencia.ecclesia.pt\/portal\/wp-content\/uploads\/2026\/09\/joao-basto.jpg 1500w\" sizes=\"(max-width: 400px) 100vw, 400px\" \/><\/a>\n\t\t\t<\/div>\n\t\t\t\t<figcaption class='wp-caption-text gallery-caption' id='gallery-1-440508'>\n\t\t\t\tFoto Ag\u00eancia ECCLESIA\/HM\n\t\t\t\t<\/figcaption><\/figure><figure class='gallery-item'>\n\t\t\t<div class='gallery-icon landscape'>\n\t\t\t\t<a href='https:\/\/agencia.ecclesia.pt\/portal\/diocese-viana-12\/'><img decoding=\"async\" width=\"400\" height=\"267\" src=\"https:\/\/agencia.ecclesia.pt\/portal\/wp-content\/uploads\/2026\/09\/diocese-viana-12-400x267.jpg\" class=\"attachment-medium size-medium\" alt=\"\" aria-describedby=\"gallery-1-440507\" srcset=\"https:\/\/agencia.ecclesia.pt\/portal\/wp-content\/uploads\/2026\/09\/diocese-viana-12-400x267.jpg 400w, https:\/\/agencia.ecclesia.pt\/portal\/wp-content\/uploads\/2026\/09\/diocese-viana-12-1024x683.jpg 1024w, https:\/\/agencia.ecclesia.pt\/portal\/wp-content\/uploads\/2026\/09\/diocese-viana-12-768x512.jpg 768w, https:\/\/agencia.ecclesia.pt\/portal\/wp-content\/uploads\/2026\/09\/diocese-viana-12-391x260.jpg 391w, https:\/\/agencia.ecclesia.pt\/portal\/wp-content\/uploads\/2026\/09\/diocese-viana-12.jpg 1500w\" sizes=\"(max-width: 400px) 100vw, 400px\" \/><\/a>\n\t\t\t<\/div>\n\t\t\t\t<figcaption class='wp-caption-text gallery-caption' id='gallery-1-440507'>\n\t\t\t\tFoto Ag\u00eancia ECCLESIA\/HM\n\t\t\t\t<\/figcaption><\/figure><figure class='gallery-item'>\n\t\t\t<div class='gallery-icon landscape'>\n\t\t\t\t<a href='https:\/\/agencia.ecclesia.pt\/portal\/diocese-viana-11\/'><img decoding=\"async\" width=\"400\" height=\"267\" src=\"https:\/\/agencia.ecclesia.pt\/portal\/wp-content\/uploads\/2026\/09\/diocese-viana-11-400x267.jpg\" class=\"attachment-medium size-medium\" alt=\"\" aria-describedby=\"gallery-1-440506\" srcset=\"https:\/\/agencia.ecclesia.pt\/portal\/wp-content\/uploads\/2026\/09\/diocese-viana-11-400x267.jpg 400w, https:\/\/agencia.ecclesia.pt\/portal\/wp-content\/uploads\/2026\/09\/diocese-viana-11-1024x683.jpg 1024w, https:\/\/agencia.ecclesia.pt\/portal\/wp-content\/uploads\/2026\/09\/diocese-viana-11-768x512.jpg 768w, https:\/\/agencia.ecclesia.pt\/portal\/wp-content\/uploads\/2026\/09\/diocese-viana-11-391x260.jpg 391w, https:\/\/agencia.ecclesia.pt\/portal\/wp-content\/uploads\/2026\/09\/diocese-viana-11.jpg 1500w\" sizes=\"(max-width: 400px) 100vw, 400px\" \/><\/a>\n\t\t\t<\/div>\n\t\t\t\t<figcaption class='wp-caption-text gallery-caption' id='gallery-1-440506'>\n\t\t\t\tFoto Ag\u00eancia ECCLESIA\/HM\n\t\t\t\t<\/figcaption><\/figure><figure class='gallery-item'>\n\t\t\t<div class='gallery-icon landscape'>\n\t\t\t\t<a href='https:\/\/agencia.ecclesia.pt\/portal\/diocese-viana-10\/'><img loading=\"lazy\" decoding=\"async\" width=\"400\" height=\"267\" src=\"https:\/\/agencia.ecclesia.pt\/portal\/wp-content\/uploads\/2026\/09\/diocese-viana-10-400x267.jpg\" class=\"attachment-medium size-medium\" alt=\"\" aria-describedby=\"gallery-1-440505\" srcset=\"https:\/\/agencia.ecclesia.pt\/portal\/wp-content\/uploads\/2026\/09\/diocese-viana-10-400x267.jpg 400w, https:\/\/agencia.ecclesia.pt\/portal\/wp-content\/uploads\/2026\/09\/diocese-viana-10-1024x683.jpg 1024w, https:\/\/agencia.ecclesia.pt\/portal\/wp-content\/uploads\/2026\/09\/diocese-viana-10-768x512.jpg 768w, https:\/\/agencia.ecclesia.pt\/portal\/wp-content\/uploads\/2026\/09\/diocese-viana-10-391x260.jpg 391w, https:\/\/agencia.ecclesia.pt\/portal\/wp-content\/uploads\/2026\/09\/diocese-viana-10.jpg 1500w\" sizes=\"(max-width: 400px) 100vw, 400px\" \/><\/a>\n\t\t\t<\/div>\n\t\t\t\t<figcaption class='wp-caption-text gallery-caption' id='gallery-1-440505'>\n\t\t\t\tFoto Ag\u00eancia ECCLESIA\/HM\n\t\t\t\t<\/figcaption><\/figure><figure class='gallery-item'>\n\t\t\t<div class='gallery-icon landscape'>\n\t\t\t\t<a href='https:\/\/agencia.ecclesia.pt\/portal\/diocese-viana-9\/'><img loading=\"lazy\" decoding=\"async\" width=\"400\" height=\"267\" src=\"https:\/\/agencia.ecclesia.pt\/portal\/wp-content\/uploads\/2026\/09\/diocese-viana-9-400x267.jpg\" class=\"attachment-medium size-medium\" alt=\"\" aria-describedby=\"gallery-1-440504\" srcset=\"https:\/\/agencia.ecclesia.pt\/portal\/wp-content\/uploads\/2026\/09\/diocese-viana-9-400x267.jpg 400w, https:\/\/agencia.ecclesia.pt\/portal\/wp-content\/uploads\/2026\/09\/diocese-viana-9-1024x683.jpg 1024w, https:\/\/agencia.ecclesia.pt\/portal\/wp-content\/uploads\/2026\/09\/diocese-viana-9-768x512.jpg 768w, https:\/\/agencia.ecclesia.pt\/portal\/wp-content\/uploads\/2026\/09\/diocese-viana-9-391x260.jpg 391w, https:\/\/agencia.ecclesia.pt\/portal\/wp-content\/uploads\/2026\/09\/diocese-viana-9.jpg 1500w\" sizes=\"(max-width: 400px) 100vw, 400px\" \/><\/a>\n\t\t\t<\/div>\n\t\t\t\t<figcaption class='wp-caption-text gallery-caption' id='gallery-1-440504'>\n\t\t\t\tFoto Ag\u00eancia ECCLESIA\/HM\n\t\t\t\t<\/figcaption><\/figure><figure class='gallery-item'>\n\t\t\t<div class='gallery-icon landscape'>\n\t\t\t\t<a href='https:\/\/agencia.ecclesia.pt\/portal\/diocese-viana-8\/'><img loading=\"lazy\" decoding=\"async\" width=\"400\" height=\"267\" src=\"https:\/\/agencia.ecclesia.pt\/portal\/wp-content\/uploads\/2026\/09\/diocese-viana-8-400x267.jpg\" class=\"attachment-medium size-medium\" alt=\"\" aria-describedby=\"gallery-1-440503\" srcset=\"https:\/\/agencia.ecclesia.pt\/portal\/wp-content\/uploads\/2026\/09\/diocese-viana-8-400x267.jpg 400w, https:\/\/agencia.ecclesia.pt\/portal\/wp-content\/uploads\/2026\/09\/diocese-viana-8-1024x683.jpg 1024w, https:\/\/agencia.ecclesia.pt\/portal\/wp-content\/uploads\/2026\/09\/diocese-viana-8-768x512.jpg 768w, https:\/\/agencia.ecclesia.pt\/portal\/wp-content\/uploads\/2026\/09\/diocese-viana-8-391x260.jpg 391w, https:\/\/agencia.ecclesia.pt\/portal\/wp-content\/uploads\/2026\/09\/diocese-viana-8.jpg 1500w\" sizes=\"(max-width: 400px) 100vw, 400px\" \/><\/a>\n\t\t\t<\/div>\n\t\t\t\t<figcaption class='wp-caption-text gallery-caption' id='gallery-1-440503'>\n\t\t\t\tFoto Ag\u00eancia ECCLESIA\/HM\n\t\t\t\t<\/figcaption><\/figure><figure class='gallery-item'>\n\t\t\t<div class='gallery-icon landscape'>\n\t\t\t\t<a href='https:\/\/agencia.ecclesia.pt\/portal\/diocese-viana-7\/'><img loading=\"lazy\" decoding=\"async\" width=\"400\" height=\"267\" src=\"https:\/\/agencia.ecclesia.pt\/portal\/wp-content\/uploads\/2026\/09\/diocese-viana-7-400x267.jpg\" class=\"attachment-medium size-medium\" alt=\"\" aria-describedby=\"gallery-1-440502\" srcset=\"https:\/\/agencia.ecclesia.pt\/portal\/wp-content\/uploads\/2026\/09\/diocese-viana-7-400x267.jpg 400w, https:\/\/agencia.ecclesia.pt\/portal\/wp-content\/uploads\/2026\/09\/diocese-viana-7-1024x683.jpg 1024w, https:\/\/agencia.ecclesia.pt\/portal\/wp-content\/uploads\/2026\/09\/diocese-viana-7-768x512.jpg 768w, https:\/\/agencia.ecclesia.pt\/portal\/wp-content\/uploads\/2026\/09\/diocese-viana-7-391x260.jpg 391w, https:\/\/agencia.ecclesia.pt\/portal\/wp-content\/uploads\/2026\/09\/diocese-viana-7.jpg 1500w\" sizes=\"(max-width: 400px) 100vw, 400px\" \/><\/a>\n\t\t\t<\/div>\n\t\t\t\t<figcaption class='wp-caption-text gallery-caption' id='gallery-1-440502'>\n\t\t\t\tFoto Ag\u00eancia ECCLESIA\/HM\n\t\t\t\t<\/figcaption><\/figure><figure class='gallery-item'>\n\t\t\t<div class='gallery-icon landscape'>\n\t\t\t\t<a href='https:\/\/agencia.ecclesia.pt\/portal\/diocese-viana-6\/'><img loading=\"lazy\" decoding=\"async\" width=\"400\" height=\"267\" src=\"https:\/\/agencia.ecclesia.pt\/portal\/wp-content\/uploads\/2026\/09\/diocese-viana-6-400x267.jpg\" class=\"attachment-medium size-medium\" alt=\"\" aria-describedby=\"gallery-1-440501\" srcset=\"https:\/\/agencia.ecclesia.pt\/portal\/wp-content\/uploads\/2026\/09\/diocese-viana-6-400x267.jpg 400w, https:\/\/agencia.ecclesia.pt\/portal\/wp-content\/uploads\/2026\/09\/diocese-viana-6-1024x683.jpg 1024w, https:\/\/agencia.ecclesia.pt\/portal\/wp-content\/uploads\/2026\/09\/diocese-viana-6-768x512.jpg 768w, https:\/\/agencia.ecclesia.pt\/portal\/wp-content\/uploads\/2026\/09\/diocese-viana-6-391x260.jpg 391w, https:\/\/agencia.ecclesia.pt\/portal\/wp-content\/uploads\/2026\/09\/diocese-viana-6.jpg 1500w\" sizes=\"(max-width: 400px) 100vw, 400px\" \/><\/a>\n\t\t\t<\/div>\n\t\t\t\t<figcaption class='wp-caption-text gallery-caption' id='gallery-1-440501'>\n\t\t\t\tFoto Ag\u00eancia ECCLESIA\/HM\n\t\t\t\t<\/figcaption><\/figure><figure class='gallery-item'>\n\t\t\t<div class='gallery-icon landscape'>\n\t\t\t\t<a href='https:\/\/agencia.ecclesia.pt\/portal\/diocese-viana-4\/'><img loading=\"lazy\" decoding=\"async\" width=\"400\" height=\"267\" src=\"https:\/\/agencia.ecclesia.pt\/portal\/wp-content\/uploads\/2026\/09\/diocese-viana-4-400x267.jpg\" class=\"attachment-medium size-medium\" alt=\"\" aria-describedby=\"gallery-1-440499\" srcset=\"https:\/\/agencia.ecclesia.pt\/portal\/wp-content\/uploads\/2026\/09\/diocese-viana-4-400x267.jpg 400w, https:\/\/agencia.ecclesia.pt\/portal\/wp-content\/uploads\/2026\/09\/diocese-viana-4-1024x683.jpg 1024w, https:\/\/agencia.ecclesia.pt\/portal\/wp-content\/uploads\/2026\/09\/diocese-viana-4-768x512.jpg 768w, https:\/\/agencia.ecclesia.pt\/portal\/wp-content\/uploads\/2026\/09\/diocese-viana-4-391x260.jpg 391w, https:\/\/agencia.ecclesia.pt\/portal\/wp-content\/uploads\/2026\/09\/diocese-viana-4.jpg 1500w\" sizes=\"(max-width: 400px) 100vw, 400px\" \/><\/a>\n\t\t\t<\/div>\n\t\t\t\t<figcaption class='wp-caption-text gallery-caption' id='gallery-1-440499'>\n\t\t\t\tFoto Ag\u00eancia ECCLESIA\/HM\n\t\t\t\t<\/figcaption><\/figure><figure class='gallery-item'>\n\t\t\t<div class='gallery-icon landscape'>\n\t\t\t\t<a href='https:\/\/agencia.ecclesia.pt\/portal\/diocese-viana-5\/'><img loading=\"lazy\" decoding=\"async\" width=\"400\" height=\"267\" src=\"https:\/\/agencia.ecclesia.pt\/portal\/wp-content\/uploads\/2026\/09\/diocese-viana-5-400x267.jpg\" class=\"attachment-medium size-medium\" alt=\"\" aria-describedby=\"gallery-1-440500\" srcset=\"https:\/\/agencia.ecclesia.pt\/portal\/wp-content\/uploads\/2026\/09\/diocese-viana-5-400x267.jpg 400w, https:\/\/agencia.ecclesia.pt\/portal\/wp-content\/uploads\/2026\/09\/diocese-viana-5-1024x683.jpg 1024w, https:\/\/agencia.ecclesia.pt\/portal\/wp-content\/uploads\/2026\/09\/diocese-viana-5-768x512.jpg 768w, https:\/\/agencia.ecclesia.pt\/portal\/wp-content\/uploads\/2026\/09\/diocese-viana-5-391x260.jpg 391w, https:\/\/agencia.ecclesia.pt\/portal\/wp-content\/uploads\/2026\/09\/diocese-viana-5.jpg 1500w\" sizes=\"(max-width: 400px) 100vw, 400px\" \/><\/a>\n\t\t\t<\/div>\n\t\t\t\t<figcaption class='wp-caption-text gallery-caption' id='gallery-1-440500'>\n\t\t\t\tFoto Ag\u00eancia ECCLESIA\/HM\n\t\t\t\t<\/figcaption><\/figure><figure class='gallery-item'>\n\t\t\t<div class='gallery-icon landscape'>\n\t\t\t\t<a href='https:\/\/agencia.ecclesia.pt\/portal\/diocese-viana-3\/'><img loading=\"lazy\" decoding=\"async\" width=\"400\" height=\"267\" src=\"https:\/\/agencia.ecclesia.pt\/portal\/wp-content\/uploads\/2026\/09\/diocese-viana-3-400x267.jpg\" class=\"attachment-medium size-medium\" alt=\"\" aria-describedby=\"gallery-1-440498\" srcset=\"https:\/\/agencia.ecclesia.pt\/portal\/wp-content\/uploads\/2026\/09\/diocese-viana-3-400x267.jpg 400w, https:\/\/agencia.ecclesia.pt\/portal\/wp-content\/uploads\/2026\/09\/diocese-viana-3-1024x683.jpg 1024w, https:\/\/agencia.ecclesia.pt\/portal\/wp-content\/uploads\/2026\/09\/diocese-viana-3-768x512.jpg 768w, https:\/\/agencia.ecclesia.pt\/portal\/wp-content\/uploads\/2026\/09\/diocese-viana-3-391x260.jpg 391w, https:\/\/agencia.ecclesia.pt\/portal\/wp-content\/uploads\/2026\/09\/diocese-viana-3.jpg 1500w\" sizes=\"(max-width: 400px) 100vw, 400px\" \/><\/a>\n\t\t\t<\/div>\n\t\t\t\t<figcaption class='wp-caption-text gallery-caption' id='gallery-1-440498'>\n\t\t\t\tFoto Ag\u00eancia ECCLESIA\/HM\n\t\t\t\t<\/figcaption><\/figure><figure class='gallery-item'>\n\t\t\t<div class='gallery-icon landscape'>\n\t\t\t\t<a href='https:\/\/agencia.ecclesia.pt\/portal\/diocese-viana-2\/'><img loading=\"lazy\" decoding=\"async\" width=\"400\" height=\"267\" src=\"https:\/\/agencia.ecclesia.pt\/portal\/wp-content\/uploads\/2026\/09\/diocese-viana-2-400x267.jpg\" class=\"attachment-medium size-medium\" alt=\"\" srcset=\"https:\/\/agencia.ecclesia.pt\/portal\/wp-content\/uploads\/2026\/09\/diocese-viana-2-400x267.jpg 400w, https:\/\/agencia.ecclesia.pt\/portal\/wp-content\/uploads\/2026\/09\/diocese-viana-2-1024x683.jpg 1024w, https:\/\/agencia.ecclesia.pt\/portal\/wp-content\/uploads\/2026\/09\/diocese-viana-2-768x512.jpg 768w, https:\/\/agencia.ecclesia.pt\/portal\/wp-content\/uploads\/2026\/09\/diocese-viana-2-391x260.jpg 391w, https:\/\/agencia.ecclesia.pt\/portal\/wp-content\/uploads\/2026\/09\/diocese-viana-2.jpg 1500w\" sizes=\"(max-width: 400px) 100vw, 400px\" \/><\/a>\n\t\t\t<\/div><\/figure><figure class='gallery-item'>\n\t\t\t<div class='gallery-icon landscape'>\n\t\t\t\t<a href='https:\/\/agencia.ecclesia.pt\/portal\/diocese-viana-1\/'><img loading=\"lazy\" decoding=\"async\" width=\"400\" height=\"267\" src=\"https:\/\/agencia.ecclesia.pt\/portal\/wp-content\/uploads\/2026\/09\/diocese-viana-1-400x267.jpg\" class=\"attachment-medium size-medium\" alt=\"\" aria-describedby=\"gallery-1-440496\" srcset=\"https:\/\/agencia.ecclesia.pt\/portal\/wp-content\/uploads\/2026\/09\/diocese-viana-1-400x267.jpg 400w, https:\/\/agencia.ecclesia.pt\/portal\/wp-content\/uploads\/2026\/09\/diocese-viana-1-1024x683.jpg 1024w, https:\/\/agencia.ecclesia.pt\/portal\/wp-content\/uploads\/2026\/09\/diocese-viana-1-768x512.jpg 768w, https:\/\/agencia.ecclesia.pt\/portal\/wp-content\/uploads\/2026\/09\/diocese-viana-1-391x260.jpg 391w, https:\/\/agencia.ecclesia.pt\/portal\/wp-content\/uploads\/2026\/09\/diocese-viana-1.jpg 1500w\" sizes=\"(max-width: 400px) 100vw, 400px\" \/><\/a>\n\t\t\t<\/div>\n\t\t\t\t<figcaption class='wp-caption-text gallery-caption' id='gallery-1-440496'>\n\t\t\t\tFoto Ag\u00eancia ECCLESIA\/HM\n\t\t\t\t<\/figcaption><\/figure>\n\t\t<\/div>\n\n<p>A partir do farol de Montedor, o padre Jo\u00e3o Basto assinala que \u201co mar \u00e9, por um lado, uma condi\u00e7\u00e3o de possibilidade, mas tamb\u00e9m uma forma de mostrar claramente a finitude e uma ideia de pris\u00e3o&#8221;.<\/p>\n<p>As mem\u00f3rias de inf\u00e2ncia do entrevistado est\u00e3o ligados \u00e0 Igreja Matriz de Caminha, cuja arquitetura evidencia o interc\u00e2mbio comercial e cultural com a vizinha regi\u00e3o da Galiza.<\/p>\n<p>\u201cEsta mistura, esta contradi\u00e7\u00e3o entre o que \u00e9 conservador e o que \u00e9 vanguard\u00edstico \u00e9 muito interessante, at\u00e9 porque, se olharmos para ali, temos Espanha, temos uma fronteira, e isso tamb\u00e9m \u00e9 muito importante para aquilo que a Matriz representa como espa\u00e7o do cristianismo em di\u00e1logo com v\u00e1rias sensibilidades e v\u00e1rias tend\u00eancias\u201d, observou.<\/p>\n<p>Para o sacerdote, o regresso \u00e0 pra\u00e7a central e \u00e0 Torre do Rel\u00f3gio desta vila desperta o confronto com a passagem do tempo, transformando a localidade numa &#8220;cidade de imagina\u00e7\u00e3o, cheia de ecos, cheia de vozes&#8221;.<\/p>\n<p>O itiner\u00e1rio culminou na Capela do Calv\u00e1rio, em Gondar\u00e9m, aldeia ribeirinha, real\u00e7ando a rela\u00e7\u00e3o com o Rio Minho.<\/p>\n<p>\u201cAs paisagens na verdade s\u00e3o culturais, n\u00e3o s\u00f3 porque n\u00f3s intervimos nelas, mas porque elas tamb\u00e9m nos moldam&#8221;, apontou o padre Jo\u00e3o Basto.<\/p>\n<p>A emiss\u00e3o na RTP2 encerrou o ciclo \u2018Caminhos na minha terra\u2019, que o Programa ECCCLESIA apresentou nas \u00faltimas semanas, a cada quinta-feira.<\/p>\n<p><em>HM\/OC<\/em><\/p>\n","protected":false},"excerpt":{"rendered":"<p>Padre Jo\u00e3o Basto conduz visita a lugares marcantes, explorando a rela\u00e7\u00e3o entre geografia e constru\u00e7\u00e3o da identidade crist\u00e3<\/p>\n","protected":false},"author":2,"featured_media":440499,"comment_status":"closed","ping_status":"closed","sticky":false,"template":"","format":"standard","meta":{"site-sidebar-layout":"default","site-content-layout":"","ast-site-content-layout":"default","site-content-style":"default","site-sidebar-style":"default","ast-global-header-display":"","ast-banner-title-visibility":"","ast-main-header-display":"","ast-hfb-above-header-display":"","ast-hfb-below-header-display":"","ast-hfb-mobile-header-display":"","site-post-title":"","ast-breadcrumbs-content":"","ast-featured-img":"","footer-sml-layout":"","ast-disable-related-posts":"","theme-transparent-header-meta":"default","adv-header-id-meta":"","stick-header-meta":"default","header-above-stick-meta":"","header-main-stick-meta":"","header-below-stick-meta":"","astra-migrate-meta-layouts":"set","ast-page-background-enabled":"default","ast-page-background-meta":{"desktop":{"background-color":"var(--ast-global-color-4)","background-image":"","background-repeat":"repeat","background-position":"center center","background-size":"auto","background-attachment":"scroll","background-type":"","background-media":"","overlay-type":"","overlay-color":"","overlay-opacity":"","overlay-gradient":""},"tablet":{"background-color":"","background-image":"","background-repeat":"repeat","background-position":"center center","background-size":"auto","background-attachment":"scroll","background-type":"","background-media":"","overlay-type":"","overlay-color":"","overlay-opacity":"","overlay-gradient":""},"mobile":{"background-color":"","background-image":"","background-repeat":"repeat","background-position":"center center","background-size":"auto","background-attachment":"scroll","background-type":"","background-media":"","overlay-type":"","overlay-color":"","overlay-opacity":"","overlay-gradient":""}},"ast-content-background-meta":{"desktop":{"background-color":"var(--ast-global-color-5)","background-image":"","background-repeat":"repeat","background-position":"center center","background-size":"auto","background-attachment":"scroll","background-type":"","background-media":"","overlay-type":"","overlay-color":"","overlay-opacity":"","overlay-gradient":""},"tablet":{"background-color":"var(--ast-global-color-5)","background-image":"","background-repeat":"repeat","background-position":"center center","background-size":"auto","background-attachment":"scroll","background-type":"","background-media":"","overlay-type":"","overlay-color":"","overlay-opacity":"","overlay-gradient":""},"mobile":{"background-color":"var(--ast-global-color-5)","background-image":"","background-repeat":"repeat","background-position":"center center","background-size":"auto","background-attachment":"scroll","background-type":"","background-media":"","overlay-type":"","overlay-color":"","overlay-opacity":"","overlay-gradient":""}},"footnotes":""},"categories":[58,3,980],"tags":[182],"class_list":["post-440553","post","type-post","status-publish","format-standard","has-post-thumbnail","hentry","category-caixa1","category-nacional","category-video","tag-diocese-de-viana-do-castelo"],"_links":{"self":[{"href":"https:\/\/agencia.ecclesia.pt\/portal\/wp-json\/wp\/v2\/posts\/440553","targetHints":{"allow":["GET"]}}],"collection":[{"href":"https:\/\/agencia.ecclesia.pt\/portal\/wp-json\/wp\/v2\/posts"}],"about":[{"href":"https:\/\/agencia.ecclesia.pt\/portal\/wp-json\/wp\/v2\/types\/post"}],"author":[{"embeddable":true,"href":"https:\/\/agencia.ecclesia.pt\/portal\/wp-json\/wp\/v2\/users\/2"}],"replies":[{"embeddable":true,"href":"https:\/\/agencia.ecclesia.pt\/portal\/wp-json\/wp\/v2\/comments?post=440553"}],"version-history":[{"count":1,"href":"https:\/\/agencia.ecclesia.pt\/portal\/wp-json\/wp\/v2\/posts\/440553\/revisions"}],"predecessor-version":[{"id":440555,"href":"https:\/\/agencia.ecclesia.pt\/portal\/wp-json\/wp\/v2\/posts\/440553\/revisions\/440555"}],"wp:featuredmedia":[{"embeddable":true,"href":"https:\/\/agencia.ecclesia.pt\/portal\/wp-json\/wp\/v2\/media\/440499"}],"wp:attachment":[{"href":"https:\/\/agencia.ecclesia.pt\/portal\/wp-json\/wp\/v2\/media?parent=440553"}],"wp:term":[{"taxonomy":"category","embeddable":true,"href":"https:\/\/agencia.ecclesia.pt\/portal\/wp-json\/wp\/v2\/categories?post=440553"},{"taxonomy":"post_tag","embeddable":true,"href":"https:\/\/agencia.ecclesia.pt\/portal\/wp-json\/wp\/v2\/tags?post=440553"}],"curies":[{"name":"wp","href":"https:\/\/api.w.org\/{rel}","templated":true}]}}