{"id":440549,"date":"2026-09-03T15:13:34","date_gmt":"2026-09-03T14:13:34","guid":{"rendered":"https:\/\/agencia.ecclesia.pt\/portal\/?p=440549"},"modified":"2026-09-03T15:13:34","modified_gmt":"2026-09-03T14:13:34","slug":"vaticano-papa-pede-seminaristas-atentos-as-periferias-humanas","status":"publish","type":"post","link":"https:\/\/agencia.ecclesia.pt\/portal\/vaticano-papa-pede-seminaristas-atentos-as-periferias-humanas\/","title":{"rendered":"Vaticano: Papa pede seminaristas atentos \u00e0s periferias humanas"},"content":{"rendered":"<p><em>Le\u00e3o XIV rejeita vis\u00e3o do sacerd\u00f3cio como um pr\u00e9mio<\/em><!--more--><\/p>\n<figure id=\"attachment_440550\" aria-describedby=\"caption-attachment-440550\" style=\"width: 1280px\" class=\"wp-caption alignnone\"><img fetchpriority=\"high\" decoding=\"async\" class=\"wp-image-440550 size-full\" src=\"https:\/\/agencia.ecclesia.pt\/portal\/wp-content\/uploads\/2026\/09\/papa_seminaristas_VM.jpeg\" alt=\"\" width=\"1280\" height=\"844\" srcset=\"https:\/\/agencia.ecclesia.pt\/portal\/wp-content\/uploads\/2026\/09\/papa_seminaristas_VM.jpeg 1280w, https:\/\/agencia.ecclesia.pt\/portal\/wp-content\/uploads\/2026\/09\/papa_seminaristas_VM-400x264.jpeg 400w, https:\/\/agencia.ecclesia.pt\/portal\/wp-content\/uploads\/2026\/09\/papa_seminaristas_VM-1024x675.jpeg 1024w, https:\/\/agencia.ecclesia.pt\/portal\/wp-content\/uploads\/2026\/09\/papa_seminaristas_VM-768x506.jpeg 768w\" sizes=\"(max-width: 1280px) 100vw, 1280px\" \/><figcaption id=\"caption-attachment-440550\" class=\"wp-caption-text\">Foto: Vatican Media<\/figcaption><\/figure>\n<p>Cidade do Vaticano, 03 set 2026 (Ecclesia) \u2013 O Papa recebeu hoje cerca de 150 seminaristas italianos no Vaticano, alertando que a voca\u00e7\u00e3o exige uma paragem num mundo apressado para preparar o servi\u00e7o \u00e0s popula\u00e7\u00f5es mais fr\u00e1geis.<\/p>\n<p>&#8220;Sereis chamados a descer do monte para serdes enviados \u00e0s pessoas das vossas terras: \u00e0quelas fam\u00edlias que seguem em frente com dificuldade, aos jovens que a os vinte anos fazem a mala para procurar trabalho, aos idosos s\u00f3s, aos marginalizados, \u00e0queles que perderam o sentido da exist\u00eancia&#8221;, exortou Le\u00e3o XIV.<\/p>\n<p>O encontro na Sala Clementina juntou os futuros presb\u00edteros do Semin\u00e1rio Regional Pugliese Pio XI, de Molfetta, e do Semin\u00e1rio Episcopal de Aversa.<\/p>\n<p>Le\u00e3o XIV rejeitou a ideia de que a admiss\u00e3o ao sacerd\u00f3cio premeie o m\u00e9rito pessoal, clarificando que nesta voca\u00e7\u00e3o &#8220;n\u00e3o h\u00e1 um concurso, n\u00e3o h\u00e1 uma tabela de classifica\u00e7\u00e3o&#8221;.<\/p>\n<p>A exig\u00eancia do tempo formativo n\u00e3o constitui um \u201cluxo\u201d ou um adiamento da miss\u00e3o, assumindo-se antes como a condi\u00e7\u00e3o inegoci\u00e1vel para discernir o chamamento &#8220;sem atalhos&#8221; e longe do ru\u00eddo da sociedade, indicou o pont\u00edfice.<\/p>\n<p>O Papa sublinhou que a viv\u00eancia presbiteral afasta a ilus\u00e3o de um caminho privado e isolado com Deus, acrescentando que as institui\u00e7\u00f5es devem funcionar como uma &#8220;escola dos afetos&#8221;.<\/p>\n<p>A mensagem destacou a responsabilidade de quem orienta as voca\u00e7\u00f5es, pedindo o pont\u00edfice que as equipas de formadores apliquem &#8220;ci\u00eancia, paci\u00eancia e amor&#8221; na constru\u00e7\u00e3o de rela\u00e7\u00f5es comunit\u00e1rias aut\u00eanticas.<\/p>\n<p>A interven\u00e7\u00e3o encerrou-se com um agradecimento p\u00fablico \u00e0s fam\u00edlias dos jovens, com o Papa a reconhecer a import\u00e2ncia vital de pais que rezam e &#8220;que sabem deixar partir&#8221;.<\/p>\n<p>A audi\u00eancia desta manh\u00e3 assinalou o centen\u00e1rio da nova sede do semin\u00e1rio de Molfetta e os 300 anos da funda\u00e7\u00e3o do col\u00e9gio eclesi\u00e1stico de Aversa.<\/p>\n<p><em>OC<\/em><\/p>\n","protected":false},"excerpt":{"rendered":"<p>Le\u00e3o XIV rejeita vis\u00e3o do sacerd\u00f3cio como um pr\u00e9mio<\/p>\n","protected":false},"author":2,"featured_media":440550,"comment_status":"closed","ping_status":"closed","sticky":false,"template":"","format":"standard","meta":{"site-sidebar-layout":"default","site-content-layout":"","ast-site-content-layout":"default","site-content-style":"default","site-sidebar-style":"default","ast-global-header-display":"","ast-banner-title-visibility":"","ast-main-header-display":"","ast-hfb-above-header-display":"","ast-hfb-below-header-display":"","ast-hfb-mobile-header-display":"","site-post-title":"","ast-breadcrumbs-content":"","ast-featured-img":"","footer-sml-layout":"","ast-disable-related-posts":"","theme-transparent-header-meta":"default","adv-header-id-meta":"","stick-header-meta":"default","header-above-stick-meta":"","header-main-stick-meta":"","header-below-stick-meta":"","astra-migrate-meta-layouts":"set","ast-page-background-enabled":"default","ast-page-background-meta":{"desktop":{"background-color":"var(--ast-global-color-4)","background-image":"","background-repeat":"repeat","background-position":"center center","background-size":"auto","background-attachment":"scroll","background-type":"","background-media":"","overlay-type":"","overlay-color":"","overlay-opacity":"","overlay-gradient":""},"tablet":{"background-color":"","background-image":"","background-repeat":"repeat","background-position":"center center","background-size":"auto","background-attachment":"scroll","background-type":"","background-media":"","overlay-type":"","overlay-color":"","overlay-opacity":"","overlay-gradient":""},"mobile":{"background-color":"","background-image":"","background-repeat":"repeat","background-position":"center center","background-size":"auto","background-attachment":"scroll","background-type":"","background-media":"","overlay-type":"","overlay-color":"","overlay-opacity":"","overlay-gradient":""}},"ast-content-background-meta":{"desktop":{"background-color":"var(--ast-global-color-5)","background-image":"","background-repeat":"repeat","background-position":"center center","background-size":"auto","background-attachment":"scroll","background-type":"","background-media":"","overlay-type":"","overlay-color":"","overlay-opacity":"","overlay-gradient":""},"tablet":{"background-color":"var(--ast-global-color-5)","background-image":"","background-repeat":"repeat","background-position":"center center","background-size":"auto","background-attachment":"scroll","background-type":"","background-media":"","overlay-type":"","overlay-color":"","overlay-opacity":"","overlay-gradient":""},"mobile":{"background-color":"var(--ast-global-color-5)","background-image":"","background-repeat":"repeat","background-position":"center center","background-size":"auto","background-attachment":"scroll","background-type":"","background-media":"","overlay-type":"","overlay-color":"","overlay-opacity":"","overlay-gradient":""}},"footnotes":""},"categories":[56,5],"tags":[338,974],"class_list":["post-440549","post","type-post","status-publish","format-standard","has-post-thumbnail","hentry","category-destaque","category-vaticano","tag-clero-seminarios-e-vocacoes","tag-leao-xiv"],"_links":{"self":[{"href":"https:\/\/agencia.ecclesia.pt\/portal\/wp-json\/wp\/v2\/posts\/440549","targetHints":{"allow":["GET"]}}],"collection":[{"href":"https:\/\/agencia.ecclesia.pt\/portal\/wp-json\/wp\/v2\/posts"}],"about":[{"href":"https:\/\/agencia.ecclesia.pt\/portal\/wp-json\/wp\/v2\/types\/post"}],"author":[{"embeddable":true,"href":"https:\/\/agencia.ecclesia.pt\/portal\/wp-json\/wp\/v2\/users\/2"}],"replies":[{"embeddable":true,"href":"https:\/\/agencia.ecclesia.pt\/portal\/wp-json\/wp\/v2\/comments?post=440549"}],"version-history":[{"count":1,"href":"https:\/\/agencia.ecclesia.pt\/portal\/wp-json\/wp\/v2\/posts\/440549\/revisions"}],"predecessor-version":[{"id":440552,"href":"https:\/\/agencia.ecclesia.pt\/portal\/wp-json\/wp\/v2\/posts\/440549\/revisions\/440552"}],"wp:featuredmedia":[{"embeddable":true,"href":"https:\/\/agencia.ecclesia.pt\/portal\/wp-json\/wp\/v2\/media\/440550"}],"wp:attachment":[{"href":"https:\/\/agencia.ecclesia.pt\/portal\/wp-json\/wp\/v2\/media?parent=440549"}],"wp:term":[{"taxonomy":"category","embeddable":true,"href":"https:\/\/agencia.ecclesia.pt\/portal\/wp-json\/wp\/v2\/categories?post=440549"},{"taxonomy":"post_tag","embeddable":true,"href":"https:\/\/agencia.ecclesia.pt\/portal\/wp-json\/wp\/v2\/tags?post=440549"}],"curies":[{"name":"wp","href":"https:\/\/api.w.org\/{rel}","templated":true}]}}