{"id":440544,"date":"2026-09-03T15:07:54","date_gmt":"2026-09-03T14:07:54","guid":{"rendered":"https:\/\/agencia.ecclesia.pt\/portal\/?p=440544"},"modified":"2026-09-03T15:07:54","modified_gmt":"2026-09-03T14:07:54","slug":"leiria-fatima-caritas-conclui-colonias-infantis-e-arranca-com-ultimo-turno-senior-contra-o-isolamento","status":"publish","type":"post","link":"https:\/\/agencia.ecclesia.pt\/portal\/leiria-fatima-caritas-conclui-colonias-infantis-e-arranca-com-ultimo-turno-senior-contra-o-isolamento\/","title":{"rendered":"Leiria-F\u00e1tima: C\u00e1ritas conclui col\u00f3nias infantis e arranca com \u00faltimo turno s\u00e9nior contra o isolamento"},"content":{"rendered":"<p><em>Iniciativas sublinham \u00absentimento de perten\u00e7a comunit\u00e1ria\u00bb, em particular ap\u00f3s a passagem da tempestade Kristin<\/em><!--more--><\/p>\n<figure id=\"attachment_440545\" aria-describedby=\"caption-attachment-440545\" style=\"width: 1200px\" class=\"wp-caption alignnone\"><img fetchpriority=\"high\" decoding=\"async\" class=\"wp-image-440545 size-full\" src=\"https:\/\/agencia.ecclesia.pt\/portal\/wp-content\/uploads\/2026\/09\/leiria_colonia.jpeg\" alt=\"\" width=\"1200\" height=\"800\" srcset=\"https:\/\/agencia.ecclesia.pt\/portal\/wp-content\/uploads\/2026\/09\/leiria_colonia.jpeg 1200w, https:\/\/agencia.ecclesia.pt\/portal\/wp-content\/uploads\/2026\/09\/leiria_colonia-400x267.jpeg 400w, https:\/\/agencia.ecclesia.pt\/portal\/wp-content\/uploads\/2026\/09\/leiria_colonia-1024x683.jpeg 1024w, https:\/\/agencia.ecclesia.pt\/portal\/wp-content\/uploads\/2026\/09\/leiria_colonia-768x512.jpeg 768w, https:\/\/agencia.ecclesia.pt\/portal\/wp-content\/uploads\/2026\/09\/leiria_colonia-391x260.jpeg 391w\" sizes=\"(max-width: 1200px) 100vw, 1200px\" \/><figcaption id=\"caption-attachment-440545\" class=\"wp-caption-text\">Foto: C\u00e1ritas Diocesana de Leiria<\/figcaption><\/figure>\n<p>Leiria, 03 set 2026 (Ecclesia) \u2013 A C\u00e1ritas Diocesana de Leiria-F\u00e1tima concluiu a atividade da sua col\u00f3nia balnear dedicada a crian\u00e7as e jovens, que mobilizou 260 participantes ao longo do ver\u00e3o, e deu in\u00edcio ao \u00faltimo turno da Col\u00f3nia S\u00e9nior.<\/p>\n<p>&#8220;Momentos de conv\u00edvio e acompanhamento como este ganham import\u00e2ncia acrescida: ajudam a devolver confian\u00e7a, a refor\u00e7ar o sentimento de perten\u00e7a comunit\u00e1ria e a mostrar a estas pessoas que n\u00e3o est\u00e3o sozinhas&#8221;, destacou a institui\u00e7\u00e3o diocesana, a prop\u00f3sito do apoio aos idosos ap\u00f3s a passagem da tempestade Kristin.<\/p>\n<p>A iniciativa destinada \u00e0 popula\u00e7\u00e3o mais velha arrancou na Col\u00f3nia Balnear da institui\u00e7\u00e3o, acolhendo 37 idosos durante seis dias com o acompanhamento de nove volunt\u00e1rias, refere uma nota enviada hoje \u00e0 Ag\u00eancia ECCLESIA.<\/p>\n<p>O projeto, lan\u00e7ado em setembro de 2024 como resposta ao isolamento social, assume particular relevo no atual calend\u00e1rio ao mitigar o rasto de receio e inseguran\u00e7a deixado pelas intemp\u00e9ries recentes na regi\u00e3o.<\/p>\n<p>No segmento infantojuvenil, a resposta estendeu-se por quatro turnos e contou com o empenho de cerca de 40 jovens volunt\u00e1rios, integrando mi\u00fados dos 6 aos 16 anos provenientes de diversos contextos familiares.<\/p>\n<p>A C\u00e1ritas sublinhou que a mistura intencional de diferentes realidades sociais visa garantir um tratamento igualit\u00e1rio, evitando rotular ou isolar os participantes em situa\u00e7\u00e3o de maior vulnerabilidade.<\/p>\n<p>Com estas respostas sazonais, a organiza\u00e7\u00e3o cat\u00f3lico reafirma o compromisso pela \u201cinclus\u00e3o, a prote\u00e7\u00e3o, a participa\u00e7\u00e3o social e a qualidade de vida em todas as fases da vida\u201d.<\/p>\n<p><em>OC<\/em><\/p>\n","protected":false},"excerpt":{"rendered":"<p>Iniciativas sublinham \u00absentimento de perten\u00e7a comunit\u00e1ria\u00bb, em particular ap\u00f3s a passagem da tempestade Kristin<\/p>\n","protected":false},"author":2,"featured_media":440545,"comment_status":"closed","ping_status":"closed","sticky":false,"template":"","format":"standard","meta":{"site-sidebar-layout":"default","site-content-layout":"","ast-site-content-layout":"default","site-content-style":"default","site-sidebar-style":"default","ast-global-header-display":"","ast-banner-title-visibility":"","ast-main-header-display":"","ast-hfb-above-header-display":"","ast-hfb-below-header-display":"","ast-hfb-mobile-header-display":"","site-post-title":"","ast-breadcrumbs-content":"","ast-featured-img":"","footer-sml-layout":"","ast-disable-related-posts":"","theme-transparent-header-meta":"default","adv-header-id-meta":"","stick-header-meta":"default","header-above-stick-meta":"","header-main-stick-meta":"","header-below-stick-meta":"","astra-migrate-meta-layouts":"set","ast-page-background-enabled":"default","ast-page-background-meta":{"desktop":{"background-color":"var(--ast-global-color-4)","background-image":"","background-repeat":"repeat","background-position":"center center","background-size":"auto","background-attachment":"scroll","background-type":"","background-media":"","overlay-type":"","overlay-color":"","overlay-opacity":"","overlay-gradient":""},"tablet":{"background-color":"","background-image":"","background-repeat":"repeat","background-position":"center center","background-size":"auto","background-attachment":"scroll","background-type":"","background-media":"","overlay-type":"","overlay-color":"","overlay-opacity":"","overlay-gradient":""},"mobile":{"background-color":"","background-image":"","background-repeat":"repeat","background-position":"center center","background-size":"auto","background-attachment":"scroll","background-type":"","background-media":"","overlay-type":"","overlay-color":"","overlay-opacity":"","overlay-gradient":""}},"ast-content-background-meta":{"desktop":{"background-color":"var(--ast-global-color-5)","background-image":"","background-repeat":"repeat","background-position":"center center","background-size":"auto","background-attachment":"scroll","background-type":"","background-media":"","overlay-type":"","overlay-color":"","overlay-opacity":"","overlay-gradient":""},"tablet":{"background-color":"var(--ast-global-color-5)","background-image":"","background-repeat":"repeat","background-position":"center center","background-size":"auto","background-attachment":"scroll","background-type":"","background-media":"","overlay-type":"","overlay-color":"","overlay-opacity":"","overlay-gradient":""},"mobile":{"background-color":"var(--ast-global-color-5)","background-image":"","background-repeat":"repeat","background-position":"center center","background-size":"auto","background-attachment":"scroll","background-type":"","background-media":"","overlay-type":"","overlay-color":"","overlay-opacity":"","overlay-gradient":""}},"footnotes":""},"categories":[79,3],"tags":[125,177],"class_list":["post-440544","post","type-post","status-publish","format-standard","has-post-thumbnail","hentry","category-destaque1","category-nacional","tag-caritas","tag-diocese-de-leiria-fatima"],"_links":{"self":[{"href":"https:\/\/agencia.ecclesia.pt\/portal\/wp-json\/wp\/v2\/posts\/440544","targetHints":{"allow":["GET"]}}],"collection":[{"href":"https:\/\/agencia.ecclesia.pt\/portal\/wp-json\/wp\/v2\/posts"}],"about":[{"href":"https:\/\/agencia.ecclesia.pt\/portal\/wp-json\/wp\/v2\/types\/post"}],"author":[{"embeddable":true,"href":"https:\/\/agencia.ecclesia.pt\/portal\/wp-json\/wp\/v2\/users\/2"}],"replies":[{"embeddable":true,"href":"https:\/\/agencia.ecclesia.pt\/portal\/wp-json\/wp\/v2\/comments?post=440544"}],"version-history":[{"count":1,"href":"https:\/\/agencia.ecclesia.pt\/portal\/wp-json\/wp\/v2\/posts\/440544\/revisions"}],"predecessor-version":[{"id":440547,"href":"https:\/\/agencia.ecclesia.pt\/portal\/wp-json\/wp\/v2\/posts\/440544\/revisions\/440547"}],"wp:featuredmedia":[{"embeddable":true,"href":"https:\/\/agencia.ecclesia.pt\/portal\/wp-json\/wp\/v2\/media\/440545"}],"wp:attachment":[{"href":"https:\/\/agencia.ecclesia.pt\/portal\/wp-json\/wp\/v2\/media?parent=440544"}],"wp:term":[{"taxonomy":"category","embeddable":true,"href":"https:\/\/agencia.ecclesia.pt\/portal\/wp-json\/wp\/v2\/categories?post=440544"},{"taxonomy":"post_tag","embeddable":true,"href":"https:\/\/agencia.ecclesia.pt\/portal\/wp-json\/wp\/v2\/tags?post=440544"}],"curies":[{"name":"wp","href":"https:\/\/api.w.org\/{rel}","templated":true}]}}