{"id":440538,"date":"2026-09-04T09:00:45","date_gmt":"2026-09-04T08:00:45","guid":{"rendered":"https:\/\/agencia.ecclesia.pt\/portal\/?p=440538"},"modified":"2026-09-03T15:00:20","modified_gmt":"2026-09-03T14:00:20","slug":"angra-caritas-da-ilha-terceira-e-autarquia-promovem-forum-educativo","status":"publish","type":"post","link":"https:\/\/agencia.ecclesia.pt\/portal\/angra-caritas-da-ilha-terceira-e-autarquia-promovem-forum-educativo\/","title":{"rendered":"Angra: C\u00e1ritas da Ilha Terceira e autarquia promovem F\u00f3rum Educativo"},"content":{"rendered":"<p><!--more--><\/p>\n<p><img fetchpriority=\"high\" decoding=\"async\" class=\"alignnone wp-image-440539 size-full\" src=\"https:\/\/agencia.ecclesia.pt\/portal\/wp-content\/uploads\/2026\/09\/Cartaz.jpg\" alt=\"\" width=\"1920\" height=\"1920\" srcset=\"https:\/\/agencia.ecclesia.pt\/portal\/wp-content\/uploads\/2026\/09\/Cartaz.jpg 1920w, https:\/\/agencia.ecclesia.pt\/portal\/wp-content\/uploads\/2026\/09\/Cartaz-280x280.jpg 280w, https:\/\/agencia.ecclesia.pt\/portal\/wp-content\/uploads\/2026\/09\/Cartaz-1024x1024.jpg 1024w, https:\/\/agencia.ecclesia.pt\/portal\/wp-content\/uploads\/2026\/09\/Cartaz-150x150.jpg 150w, https:\/\/agencia.ecclesia.pt\/portal\/wp-content\/uploads\/2026\/09\/Cartaz-768x768.jpg 768w, https:\/\/agencia.ecclesia.pt\/portal\/wp-content\/uploads\/2026\/09\/Cartaz-300x300.jpg 300w, https:\/\/agencia.ecclesia.pt\/portal\/wp-content\/uploads\/2026\/09\/Cartaz-500x500.jpg 500w, https:\/\/agencia.ecclesia.pt\/portal\/wp-content\/uploads\/2026\/09\/Cartaz-1536x1536.jpg 1536w\" sizes=\"(max-width: 1920px) 100vw, 1920px\" \/>Angra do Hero\u00edsmo, A\u00e7ores, 04 set 2026 (Ecclesia) \u2013 A C\u00e1ritas da Ilha Terceira, em parceria com a C\u00e2mara Municipal de Angra do Hero\u00edsmo, vai promover hoje a terceira edi\u00e7\u00e3o do F\u00f3rum Educativo \u2018Vozes do Futuro \u2013 Escutar para Educar\u2019, na Universidade dos A\u00e7ores.<\/p>\n<p>A iniciativa, direcionada a docentes e t\u00e9cnicos de interven\u00e7\u00e3o social, visa \u201crefletir sobre a import\u00e2ncia de escutar as crian\u00e7as e dar espa\u00e7o \u00e0 sua voz, enquanto elemento essencial para uma interven\u00e7\u00e3o educativa mais consciente e participativa&#8221;, refere uma nota enviada \u00e0 Ag\u00eancia ECCLESIA.<\/p>\n<p>O encontro tem in\u00edcio marcado para as 09h00 locais no Campus de Angra do Hero\u00edsmo, reunindo especialistas das \u00e1reas da psicologia, do desenvolvimento infantil e da comunidade acad\u00e9mica para debater o desenvolvimento integral dos mais novos.<\/p>\n<p>As jornadas pretendem constituir um espa\u00e7o de partilha para &#8220;refor\u00e7ar o papel de toda a comunidade na constru\u00e7\u00e3o de respostas educativas mais atentas \u00e0s necessidades das novas gera\u00e7\u00f5es&#8221;, propiciando novas metodologias de acolhimento.<\/p>\n<p><em>OC<\/em><\/p>\n","protected":false},"excerpt":{"rendered":"","protected":false},"author":2,"featured_media":440539,"comment_status":"closed","ping_status":"closed","sticky":false,"template":"","format":"standard","meta":{"site-sidebar-layout":"default","site-content-layout":"","ast-site-content-layout":"default","site-content-style":"default","site-sidebar-style":"default","ast-global-header-display":"","ast-banner-title-visibility":"","ast-main-header-display":"","ast-hfb-above-header-display":"","ast-hfb-below-header-display":"","ast-hfb-mobile-header-display":"","site-post-title":"","ast-breadcrumbs-content":"","ast-featured-img":"","footer-sml-layout":"","ast-disable-related-posts":"","theme-transparent-header-meta":"default","adv-header-id-meta":"","stick-header-meta":"default","header-above-stick-meta":"","header-main-stick-meta":"","header-below-stick-meta":"","astra-migrate-meta-layouts":"set","ast-page-background-enabled":"default","ast-page-background-meta":{"desktop":{"background-color":"var(--ast-global-color-4)","background-image":"","background-repeat":"repeat","background-position":"center center","background-size":"auto","background-attachment":"scroll","background-type":"","background-media":"","overlay-type":"","overlay-color":"","overlay-opacity":"","overlay-gradient":""},"tablet":{"background-color":"","background-image":"","background-repeat":"repeat","background-position":"center center","background-size":"auto","background-attachment":"scroll","background-type":"","background-media":"","overlay-type":"","overlay-color":"","overlay-opacity":"","overlay-gradient":""},"mobile":{"background-color":"","background-image":"","background-repeat":"repeat","background-position":"center center","background-size":"auto","background-attachment":"scroll","background-type":"","background-media":"","overlay-type":"","overlay-color":"","overlay-opacity":"","overlay-gradient":""}},"ast-content-background-meta":{"desktop":{"background-color":"var(--ast-global-color-5)","background-image":"","background-repeat":"repeat","background-position":"center center","background-size":"auto","background-attachment":"scroll","background-type":"","background-media":"","overlay-type":"","overlay-color":"","overlay-opacity":"","overlay-gradient":""},"tablet":{"background-color":"var(--ast-global-color-5)","background-image":"","background-repeat":"repeat","background-position":"center center","background-size":"auto","background-attachment":"scroll","background-type":"","background-media":"","overlay-type":"","overlay-color":"","overlay-opacity":"","overlay-gradient":""},"mobile":{"background-color":"var(--ast-global-color-5)","background-image":"","background-repeat":"repeat","background-position":"center center","background-size":"auto","background-attachment":"scroll","background-type":"","background-media":"","overlay-type":"","overlay-color":"","overlay-opacity":"","overlay-gradient":""}},"footnotes":""},"categories":[60,3],"tags":[169],"class_list":["post-440538","post","type-post","status-publish","format-standard","has-post-thumbnail","hentry","category-caixa2","category-nacional","tag-diocese-de-angra"],"_links":{"self":[{"href":"https:\/\/agencia.ecclesia.pt\/portal\/wp-json\/wp\/v2\/posts\/440538","targetHints":{"allow":["GET"]}}],"collection":[{"href":"https:\/\/agencia.ecclesia.pt\/portal\/wp-json\/wp\/v2\/posts"}],"about":[{"href":"https:\/\/agencia.ecclesia.pt\/portal\/wp-json\/wp\/v2\/types\/post"}],"author":[{"embeddable":true,"href":"https:\/\/agencia.ecclesia.pt\/portal\/wp-json\/wp\/v2\/users\/2"}],"replies":[{"embeddable":true,"href":"https:\/\/agencia.ecclesia.pt\/portal\/wp-json\/wp\/v2\/comments?post=440538"}],"version-history":[{"count":1,"href":"https:\/\/agencia.ecclesia.pt\/portal\/wp-json\/wp\/v2\/posts\/440538\/revisions"}],"predecessor-version":[{"id":440542,"href":"https:\/\/agencia.ecclesia.pt\/portal\/wp-json\/wp\/v2\/posts\/440538\/revisions\/440542"}],"wp:featuredmedia":[{"embeddable":true,"href":"https:\/\/agencia.ecclesia.pt\/portal\/wp-json\/wp\/v2\/media\/440539"}],"wp:attachment":[{"href":"https:\/\/agencia.ecclesia.pt\/portal\/wp-json\/wp\/v2\/media?parent=440538"}],"wp:term":[{"taxonomy":"category","embeddable":true,"href":"https:\/\/agencia.ecclesia.pt\/portal\/wp-json\/wp\/v2\/categories?post=440538"},{"taxonomy":"post_tag","embeddable":true,"href":"https:\/\/agencia.ecclesia.pt\/portal\/wp-json\/wp\/v2\/tags?post=440538"}],"curies":[{"name":"wp","href":"https:\/\/api.w.org\/{rel}","templated":true}]}}