{"id":440527,"date":"2026-09-03T13:49:07","date_gmt":"2026-09-03T12:49:07","guid":{"rendered":"https:\/\/agencia.ecclesia.pt\/portal\/?p=440527"},"modified":"2026-09-03T13:49:07","modified_gmt":"2026-09-03T12:49:07","slug":"braga-padre-miguel-goncalves-ferreira-apresentou-obra-que-quer-aproximar-biblia-do-quotidiano","status":"publish","type":"post","link":"https:\/\/agencia.ecclesia.pt\/portal\/braga-padre-miguel-goncalves-ferreira-apresentou-obra-que-quer-aproximar-biblia-do-quotidiano\/","title":{"rendered":"Braga: Padre Miguel Gon\u00e7alves Ferreira apresentou obra que quer aproximar B\u00edblia do quotidiano"},"content":{"rendered":"<p><!--more--><\/p>\n<figure id=\"attachment_440528\" aria-describedby=\"caption-attachment-440528\" style=\"width: 1920px\" class=\"wp-caption alignnone\"><img fetchpriority=\"high\" decoding=\"async\" class=\"wp-image-440528 size-full\" src=\"https:\/\/agencia.ecclesia.pt\/portal\/wp-content\/uploads\/2026\/09\/Foto10-1.jpeg\" alt=\"\" width=\"1920\" height=\"1280\" srcset=\"https:\/\/agencia.ecclesia.pt\/portal\/wp-content\/uploads\/2026\/09\/Foto10-1.jpeg 1920w, https:\/\/agencia.ecclesia.pt\/portal\/wp-content\/uploads\/2026\/09\/Foto10-1-400x267.jpeg 400w, https:\/\/agencia.ecclesia.pt\/portal\/wp-content\/uploads\/2026\/09\/Foto10-1-1024x683.jpeg 1024w, https:\/\/agencia.ecclesia.pt\/portal\/wp-content\/uploads\/2026\/09\/Foto10-1-768x512.jpeg 768w, https:\/\/agencia.ecclesia.pt\/portal\/wp-content\/uploads\/2026\/09\/Foto10-1-391x260.jpeg 391w, https:\/\/agencia.ecclesia.pt\/portal\/wp-content\/uploads\/2026\/09\/Foto10-1-1536x1024.jpeg 1536w\" sizes=\"(max-width: 1920px) 100vw, 1920px\" \/><figcaption id=\"caption-attachment-440528\" class=\"wp-caption-text\">Foto: Pedro Perp\u00e9tua<\/figcaption><\/figure>\n<p>Braga, 03 set 2026 (Ecclesia) \u2013 O padre Miguel Gon\u00e7alves Ferreira apresentou esta quarta-feira, em Braga, o livro \u2018Tirar a B\u00edblia da estante\u2019, propondo um roteiro de integra\u00e7\u00e3o da Palavra de Deus no quotidiano, informa uma nota enviada hoje \u00e0 Ag\u00eancia ECCLESIA.<\/p>\n<p>&#8220;Tentar melhorar a imagem de Jesus, traduzi-la com alegria e torn\u00e1-la mais rica, mais pr\u00f3xima de cada um de n\u00f3s&#8221;, explicou o autor sobre a inten\u00e7\u00e3o do volume.<\/p>\n<p>A oradora Cl\u00e1udia Ara\u00fajo interveio na sess\u00e3o, acolhida na Livraria Apostolado da Ora\u00e7\u00e3o, para destacar que a leitura desta novidade editorial auxilia os fi\u00e9is &#8220;a voltar ao Evangelho com a certeza de que h\u00e1 sempre algo novo a descobrir&#8221;.<\/p>\n<p>A apresenta\u00e7\u00e3o contou tamb\u00e9m com a reflex\u00e3o de Suzana Mendes Gon\u00e7alves, que classificou a obra como um instrumento din\u00e2mico &#8220;para ir tirando da estante, para ir rezando, trazendo a ora\u00e7\u00e3o \u00e0 vida e a vida \u00e0 ora\u00e7\u00e3o&#8221;.<\/p>\n<p>O texto do religioso jesu\u00edta prop\u00f5e uma abordagem aos quatro evangelistas estruturada num &#8220;programa de vida espiritual: o sentir que desperta o cora\u00e7\u00e3o, o entender que ilumina a mente, o ver que transforma o olhar sobre o pr\u00f3ximo e o permanecer que enra\u00edza a f\u00e9 na eternidade&#8221;.<\/p>\n<p>A publica\u00e7\u00e3o com a chancela da Editorial Apostolado da Ora\u00e7\u00e3o resultou do &#8220;desafio de compilar os textos&#8221; originalmente assinados pelo sacerdote para a revista \u2018Mensageiro do Cora\u00e7\u00e3o de Jesus\u2019.<\/p>\n<p><em>OC<\/em><\/p>\n","protected":false},"excerpt":{"rendered":"","protected":false},"author":2,"featured_media":440528,"comment_status":"closed","ping_status":"closed","sticky":false,"template":"","format":"standard","meta":{"site-sidebar-layout":"default","site-content-layout":"","ast-site-content-layout":"default","site-content-style":"default","site-sidebar-style":"default","ast-global-header-display":"","ast-banner-title-visibility":"","ast-main-header-display":"","ast-hfb-above-header-display":"","ast-hfb-below-header-display":"","ast-hfb-mobile-header-display":"","site-post-title":"","ast-breadcrumbs-content":"","ast-featured-img":"","footer-sml-layout":"","ast-disable-related-posts":"","theme-transparent-header-meta":"default","adv-header-id-meta":"","stick-header-meta":"default","header-above-stick-meta":"","header-main-stick-meta":"","header-below-stick-meta":"","astra-migrate-meta-layouts":"set","ast-page-background-enabled":"default","ast-page-background-meta":{"desktop":{"background-color":"var(--ast-global-color-4)","background-image":"","background-repeat":"repeat","background-position":"center center","background-size":"auto","background-attachment":"scroll","background-type":"","background-media":"","overlay-type":"","overlay-color":"","overlay-opacity":"","overlay-gradient":""},"tablet":{"background-color":"","background-image":"","background-repeat":"repeat","background-position":"center center","background-size":"auto","background-attachment":"scroll","background-type":"","background-media":"","overlay-type":"","overlay-color":"","overlay-opacity":"","overlay-gradient":""},"mobile":{"background-color":"","background-image":"","background-repeat":"repeat","background-position":"center center","background-size":"auto","background-attachment":"scroll","background-type":"","background-media":"","overlay-type":"","overlay-color":"","overlay-opacity":"","overlay-gradient":""}},"ast-content-background-meta":{"desktop":{"background-color":"var(--ast-global-color-5)","background-image":"","background-repeat":"repeat","background-position":"center center","background-size":"auto","background-attachment":"scroll","background-type":"","background-media":"","overlay-type":"","overlay-color":"","overlay-opacity":"","overlay-gradient":""},"tablet":{"background-color":"var(--ast-global-color-5)","background-image":"","background-repeat":"repeat","background-position":"center center","background-size":"auto","background-attachment":"scroll","background-type":"","background-media":"","overlay-type":"","overlay-color":"","overlay-opacity":"","overlay-gradient":""},"mobile":{"background-color":"var(--ast-global-color-5)","background-image":"","background-repeat":"repeat","background-position":"center center","background-size":"auto","background-attachment":"scroll","background-type":"","background-media":"","overlay-type":"","overlay-color":"","overlay-opacity":"","overlay-gradient":""}},"footnotes":""},"categories":[3],"tags":[295,236],"class_list":["post-440527","post","type-post","status-publish","format-standard","has-post-thumbnail","hentry","category-nacional","tag-biblia","tag-jesuitas"],"_links":{"self":[{"href":"https:\/\/agencia.ecclesia.pt\/portal\/wp-json\/wp\/v2\/posts\/440527","targetHints":{"allow":["GET"]}}],"collection":[{"href":"https:\/\/agencia.ecclesia.pt\/portal\/wp-json\/wp\/v2\/posts"}],"about":[{"href":"https:\/\/agencia.ecclesia.pt\/portal\/wp-json\/wp\/v2\/types\/post"}],"author":[{"embeddable":true,"href":"https:\/\/agencia.ecclesia.pt\/portal\/wp-json\/wp\/v2\/users\/2"}],"replies":[{"embeddable":true,"href":"https:\/\/agencia.ecclesia.pt\/portal\/wp-json\/wp\/v2\/comments?post=440527"}],"version-history":[{"count":1,"href":"https:\/\/agencia.ecclesia.pt\/portal\/wp-json\/wp\/v2\/posts\/440527\/revisions"}],"predecessor-version":[{"id":440530,"href":"https:\/\/agencia.ecclesia.pt\/portal\/wp-json\/wp\/v2\/posts\/440527\/revisions\/440530"}],"wp:featuredmedia":[{"embeddable":true,"href":"https:\/\/agencia.ecclesia.pt\/portal\/wp-json\/wp\/v2\/media\/440528"}],"wp:attachment":[{"href":"https:\/\/agencia.ecclesia.pt\/portal\/wp-json\/wp\/v2\/media?parent=440527"}],"wp:term":[{"taxonomy":"category","embeddable":true,"href":"https:\/\/agencia.ecclesia.pt\/portal\/wp-json\/wp\/v2\/categories?post=440527"},{"taxonomy":"post_tag","embeddable":true,"href":"https:\/\/agencia.ecclesia.pt\/portal\/wp-json\/wp\/v2\/tags?post=440527"}],"curies":[{"name":"wp","href":"https:\/\/api.w.org\/{rel}","templated":true}]}}