{"id":440519,"date":"2026-09-03T13:01:18","date_gmt":"2026-09-03T12:01:18","guid":{"rendered":"https:\/\/agencia.ecclesia.pt\/portal\/?p=440519"},"modified":"2026-09-03T13:01:18","modified_gmt":"2026-09-03T12:01:18","slug":"clero-sacerdotes-rejeitam-estatuto-de-super-herois-e-pedem-partilha-de-responsabilidades","status":"publish","type":"post","link":"https:\/\/agencia.ecclesia.pt\/portal\/clero-sacerdotes-rejeitam-estatuto-de-super-herois-e-pedem-partilha-de-responsabilidades\/","title":{"rendered":"Clero: Sacerdotes rejeitam estatuto de \u00absuper-her\u00f3is\u00bb e pedem partilha de responsabilidades"},"content":{"rendered":"<p><em>11.\u00ba Simp\u00f3sio Nacional destacou a urg\u00eancia de combater o isolamento dos padres e de trabalhar com equipas multidisciplinares<\/em><!--more--><\/p>\n<figure id=\"attachment_440512\" aria-describedby=\"caption-attachment-440512\" style=\"width: 1920px\" class=\"wp-caption alignnone\"><img fetchpriority=\"high\" decoding=\"async\" class=\"wp-image-440512 size-full\" src=\"https:\/\/agencia.ecclesia.pt\/portal\/wp-content\/uploads\/2026\/09\/simposio_clero_HM-4.jpg\" alt=\"\" width=\"1920\" height=\"1280\" srcset=\"https:\/\/agencia.ecclesia.pt\/portal\/wp-content\/uploads\/2026\/09\/simposio_clero_HM-4.jpg 1920w, https:\/\/agencia.ecclesia.pt\/portal\/wp-content\/uploads\/2026\/09\/simposio_clero_HM-4-400x267.jpg 400w, https:\/\/agencia.ecclesia.pt\/portal\/wp-content\/uploads\/2026\/09\/simposio_clero_HM-4-1024x683.jpg 1024w, https:\/\/agencia.ecclesia.pt\/portal\/wp-content\/uploads\/2026\/09\/simposio_clero_HM-4-768x512.jpg 768w, https:\/\/agencia.ecclesia.pt\/portal\/wp-content\/uploads\/2026\/09\/simposio_clero_HM-4-391x260.jpg 391w, https:\/\/agencia.ecclesia.pt\/portal\/wp-content\/uploads\/2026\/09\/simposio_clero_HM-4-1536x1024.jpg 1536w\" sizes=\"(max-width: 1920px) 100vw, 1920px\" \/><figcaption id=\"caption-attachment-440512\" class=\"wp-caption-text\">Foto Ag\u00eancia ECCLESIA\/HM<\/figcaption><\/figure>\n<p>F\u00e1tima, 03 set 2026 (Ecclesia) \u2013 O 11.\u00ba Simp\u00f3sio Nacional do Clero concluiu-se hoje, em F\u00e1tima, com um apelo \u00e0 reestrutura\u00e7\u00e3o da miss\u00e3o dos padres em Portugal, assinalando a urg\u00eancia de combater o isolamento e promover a corresponsabilidade nas comunidades cat\u00f3licas.<\/p>\n<p>&#8220;Somos humanos, somos ministros, somos servidores, n\u00e3o somos super-her\u00f3is&#8221;, advertiu o reitor do Semin\u00e1rio de S\u00e3o Jos\u00e9 da Diocese do Algarve, padre Ant\u00f3nio de Freitas, em declara\u00e7\u00f5es \u00e0 Ag\u00eancia ECCLESIA.<\/p>\n<p>O sacerdote algarvio denunciou o desgaste provocado pela acumula\u00e7\u00e3o de tarefas administrativas e de gest\u00e3o, defendendo a delega\u00e7\u00e3o destas fun\u00e7\u00f5es em leigos com compet\u00eancia t\u00e9cnica para que os padres se concentrem no \u201cessencial\u201d do seu minist\u00e9rio.<\/p>\n<p>O relat\u00f3rio de s\u00edntese dos grupos de trabalho, divulgado esta manh\u00e3, acompanhou estas apreens\u00f5es, identificando como prioridades o combate \u00e0 solid\u00e3o, o estabelecimento de maior proximidade com os bispos e a cria\u00e7\u00e3o de equipas multidisciplinares que auxiliem os p\u00e1rocos em casos de sofrimento complexo e de sa\u00fade mental.<\/p>\n<figure id=\"attachment_440510\" aria-describedby=\"caption-attachment-440510\" style=\"width: 400px\" class=\"wp-caption alignright\"><img decoding=\"async\" class=\"size-medium wp-image-440510\" src=\"https:\/\/agencia.ecclesia.pt\/portal\/wp-content\/uploads\/2026\/09\/simposio_clero_HM-2-400x267.jpg\" alt=\"\" width=\"400\" height=\"267\" srcset=\"https:\/\/agencia.ecclesia.pt\/portal\/wp-content\/uploads\/2026\/09\/simposio_clero_HM-2-400x267.jpg 400w, https:\/\/agencia.ecclesia.pt\/portal\/wp-content\/uploads\/2026\/09\/simposio_clero_HM-2-1024x683.jpg 1024w, https:\/\/agencia.ecclesia.pt\/portal\/wp-content\/uploads\/2026\/09\/simposio_clero_HM-2-768x512.jpg 768w, https:\/\/agencia.ecclesia.pt\/portal\/wp-content\/uploads\/2026\/09\/simposio_clero_HM-2-391x260.jpg 391w, https:\/\/agencia.ecclesia.pt\/portal\/wp-content\/uploads\/2026\/09\/simposio_clero_HM-2-1536x1024.jpg 1536w, https:\/\/agencia.ecclesia.pt\/portal\/wp-content\/uploads\/2026\/09\/simposio_clero_HM-2.jpg 1920w\" sizes=\"(max-width: 400px) 100vw, 400px\" \/><figcaption id=\"caption-attachment-440510\" class=\"wp-caption-text\">Foto Ag\u00eancia ECCLESIA\/HM<\/figcaption><\/figure>\n<p>O documento estrutural sublinha ainda o valor primordial do encontro f\u00edsico nas par\u00f3quias, alertando para os riscos de satura\u00e7\u00e3o e de despersonaliza\u00e7\u00e3o inerentes ao excesso de comunica\u00e7\u00e3o digital.<\/p>\n<p>&#8220;Vejo um isolamento e um afastamento muito grande entre n\u00f3s, sacerdotes&#8221;, relatou \u00e0 Ag\u00eancia ECCLESIA o padre Ant\u00f3nio Carlos, da Arquidiocese de \u00c9vora, exemplificando a dureza da solid\u00e3o nas aldeias desertificadas do interior alentejano.<\/p>\n<p>O p\u00e1roco observou que o desafio \u00e9 acentuado por se tratar de comunidades com &#8220;pessoas j\u00e1 muito antigas, idosas, que no fundo exigem muito&#8221;, apelando a que a fraternidade presbiteral deixe as &#8220;palavras e pap\u00e9is&#8221; para passar &#8220;\u00e0 pr\u00e1tica&#8221;.<\/p>\n<p>O padre Ant\u00f3nio Almiro Mendes, da Diocese do Porto, descreveu a dureza do sacerd\u00f3cio atual, lamentando que os cl\u00e9rigos giram a sua vida &#8220;em grandes solid\u00f5es, em trabalho desmesurado, que esmagam&#8221;.<\/p>\n<p>&#8220;N\u00f3s n\u00e3o nascemos acabados, n\u00f3s nascemos para nos construirmos&#8221;, evidenciou o p\u00e1roco nortenho, exortando a assembleia a agarrar-se a Cristo para garantir um crescimento assente na edifica\u00e7\u00e3o de um &#8220;humano bom&#8221;.<\/p>\n<p>A integra\u00e7\u00e3o comunit\u00e1ria ditou a perspetiva do padre V\u00edtor Mira, da Diocese de Leiria-F\u00e1tima, que evocou a consci\u00eancia sinodal no seu depoimento a esta ag\u00eancia ao sublinhar que &#8220;a miss\u00e3o n\u00e3o \u00e9 s\u00f3 do padre, \u00e9 de todos os batizados&#8221;.<\/p>\n<p>&#8220;Somos vasos de barro, mas que levamos em n\u00f3s um tesouro&#8221;, sustentou o entrevistado, alertando para o risco de se impor logo a doutrina sem &#8220;escutar&#8221; e &#8220;acolher as pessoas&#8221; num &#8220;mundo ferido&#8221;.<\/p>\n<p>A 11\u00aa edi\u00e7\u00e3o do Simp\u00f3sio do Clero de Portugal decorreu desde segunda-feira, no Centro Paulo VI, em F\u00e1tima, desenvolvendo o tema \u2018Irm\u00e3os no sacerd\u00f3cio e testemunhas do Evangelho\u2019.<\/p>\n<p><em>HM\/OC<\/em><\/p>\n<blockquote class=\"wp-embedded-content\" data-secret=\"fDLOVIAKal\"><p><a href=\"https:\/\/agencia.ecclesia.pt\/portal\/xi-simposio-do-clero-leao-xiv-envia-mensagem-aos-sacerdotes-de-portugal-e-pede-que-rejeitem-entusiasmos-ingenuos-e-medos-estereis\/\">XI Simp\u00f3sio do Clero: Le\u00e3o XIV envia mensagem aos sacerdotes de Portugal e pede que rejeitem \u00abentusiasmos ing\u00e9nuos\u00bb e \u00abmedos est\u00e9reis\u00bb<\/a><\/p><\/blockquote>\n<p><iframe class=\"wp-embedded-content\" sandbox=\"allow-scripts\" security=\"restricted\" style=\"position: absolute; visibility: hidden;\" title=\"\u201cXI Simp\u00f3sio do Clero: Le\u00e3o XIV envia mensagem aos sacerdotes de Portugal e pede que rejeitem \u00abentusiasmos ing\u00e9nuos\u00bb e \u00abmedos est\u00e9reis\u00bb\u201d \u2014 Ag\u00eancia ECCLESIA\" src=\"https:\/\/agencia.ecclesia.pt\/portal\/xi-simposio-do-clero-leao-xiv-envia-mensagem-aos-sacerdotes-de-portugal-e-pede-que-rejeitem-entusiasmos-ingenuos-e-medos-estereis\/embed\/#?secret=GZH7nwKuvt#?secret=fDLOVIAKal\" data-secret=\"fDLOVIAKal\" width=\"500\" height=\"282\" frameborder=\"0\" marginwidth=\"0\" marginheight=\"0\" scrolling=\"no\"><\/iframe><\/p>\n","protected":false},"excerpt":{"rendered":"<p>11.\u00ba Simp\u00f3sio Nacional destacou a urg\u00eancia de combater o isolamento dos padres e de trabalhar com equipas multidisciplinares<\/p>\n","protected":false},"author":2,"featured_media":440512,"comment_status":"closed","ping_status":"closed","sticky":false,"template":"","format":"standard","meta":{"site-sidebar-layout":"default","site-content-layout":"","ast-site-content-layout":"default","site-content-style":"default","site-sidebar-style":"default","ast-global-header-display":"","ast-banner-title-visibility":"","ast-main-header-display":"","ast-hfb-above-header-display":"","ast-hfb-below-header-display":"","ast-hfb-mobile-header-display":"","site-post-title":"","ast-breadcrumbs-content":"","ast-featured-img":"","footer-sml-layout":"","ast-disable-related-posts":"","theme-transparent-header-meta":"default","adv-header-id-meta":"","stick-header-meta":"default","header-above-stick-meta":"","header-main-stick-meta":"","header-below-stick-meta":"","astra-migrate-meta-layouts":"set","ast-page-background-enabled":"default","ast-page-background-meta":{"desktop":{"background-color":"var(--ast-global-color-4)","background-image":"","background-repeat":"repeat","background-position":"center center","background-size":"auto","background-attachment":"scroll","background-type":"","background-media":"","overlay-type":"","overlay-color":"","overlay-opacity":"","overlay-gradient":""},"tablet":{"background-color":"","background-image":"","background-repeat":"repeat","background-position":"center center","background-size":"auto","background-attachment":"scroll","background-type":"","background-media":"","overlay-type":"","overlay-color":"","overlay-opacity":"","overlay-gradient":""},"mobile":{"background-color":"","background-image":"","background-repeat":"repeat","background-position":"center center","background-size":"auto","background-attachment":"scroll","background-type":"","background-media":"","overlay-type":"","overlay-color":"","overlay-opacity":"","overlay-gradient":""}},"ast-content-background-meta":{"desktop":{"background-color":"var(--ast-global-color-5)","background-image":"","background-repeat":"repeat","background-position":"center center","background-size":"auto","background-attachment":"scroll","background-type":"","background-media":"","overlay-type":"","overlay-color":"","overlay-opacity":"","overlay-gradient":""},"tablet":{"background-color":"var(--ast-global-color-5)","background-image":"","background-repeat":"repeat","background-position":"center center","background-size":"auto","background-attachment":"scroll","background-type":"","background-media":"","overlay-type":"","overlay-color":"","overlay-opacity":"","overlay-gradient":""},"mobile":{"background-color":"var(--ast-global-color-5)","background-image":"","background-repeat":"repeat","background-position":"center center","background-size":"auto","background-attachment":"scroll","background-type":"","background-media":"","overlay-type":"","overlay-color":"","overlay-opacity":"","overlay-gradient":""}},"footnotes":""},"categories":[55,3],"tags":[338],"class_list":["post-440519","post","type-post","status-publish","format-standard","has-post-thumbnail","hentry","category-manchete","category-nacional","tag-clero-seminarios-e-vocacoes"],"_links":{"self":[{"href":"https:\/\/agencia.ecclesia.pt\/portal\/wp-json\/wp\/v2\/posts\/440519","targetHints":{"allow":["GET"]}}],"collection":[{"href":"https:\/\/agencia.ecclesia.pt\/portal\/wp-json\/wp\/v2\/posts"}],"about":[{"href":"https:\/\/agencia.ecclesia.pt\/portal\/wp-json\/wp\/v2\/types\/post"}],"author":[{"embeddable":true,"href":"https:\/\/agencia.ecclesia.pt\/portal\/wp-json\/wp\/v2\/users\/2"}],"replies":[{"embeddable":true,"href":"https:\/\/agencia.ecclesia.pt\/portal\/wp-json\/wp\/v2\/comments?post=440519"}],"version-history":[{"count":1,"href":"https:\/\/agencia.ecclesia.pt\/portal\/wp-json\/wp\/v2\/posts\/440519\/revisions"}],"predecessor-version":[{"id":440521,"href":"https:\/\/agencia.ecclesia.pt\/portal\/wp-json\/wp\/v2\/posts\/440519\/revisions\/440521"}],"wp:featuredmedia":[{"embeddable":true,"href":"https:\/\/agencia.ecclesia.pt\/portal\/wp-json\/wp\/v2\/media\/440512"}],"wp:attachment":[{"href":"https:\/\/agencia.ecclesia.pt\/portal\/wp-json\/wp\/v2\/media?parent=440519"}],"wp:term":[{"taxonomy":"category","embeddable":true,"href":"https:\/\/agencia.ecclesia.pt\/portal\/wp-json\/wp\/v2\/categories?post=440519"},{"taxonomy":"post_tag","embeddable":true,"href":"https:\/\/agencia.ecclesia.pt\/portal\/wp-json\/wp\/v2\/tags?post=440519"}],"curies":[{"name":"wp","href":"https:\/\/api.w.org\/{rel}","templated":true}]}}