{"id":440509,"date":"2026-09-03T12:35:25","date_gmt":"2026-09-03T11:35:25","guid":{"rendered":"https:\/\/agencia.ecclesia.pt\/portal\/?p=440509"},"modified":"2026-09-03T12:35:25","modified_gmt":"2026-09-03T11:35:25","slug":"vaticano-papa-recebeu-bispos-de-regioes-arabes-alertando-para-impacto-da-violencia","status":"publish","type":"post","link":"https:\/\/agencia.ecclesia.pt\/portal\/vaticano-papa-recebeu-bispos-de-regioes-arabes-alertando-para-impacto-da-violencia\/","title":{"rendered":"Vaticano: Papa recebeu bispos de regi\u00f5es \u00e1rabes, alertando para impacto da viol\u00eancia"},"content":{"rendered":"<p><em>Le\u00e3o XIV recordou religiosos assassinados no I\u00e9men, no Iraque e na S\u00edria<\/em><!--more--><\/p>\n<figure id=\"attachment_440516\" aria-describedby=\"caption-attachment-440516\" style=\"width: 1280px\" class=\"wp-caption alignnone\"><img fetchpriority=\"high\" decoding=\"async\" class=\"wp-image-440516 size-full\" src=\"https:\/\/agencia.ecclesia.pt\/portal\/wp-content\/uploads\/2026\/09\/papa_CERNA_VM.jpeg\" alt=\"\" width=\"1280\" height=\"844\" srcset=\"https:\/\/agencia.ecclesia.pt\/portal\/wp-content\/uploads\/2026\/09\/papa_CERNA_VM.jpeg 1280w, https:\/\/agencia.ecclesia.pt\/portal\/wp-content\/uploads\/2026\/09\/papa_CERNA_VM-400x264.jpeg 400w, https:\/\/agencia.ecclesia.pt\/portal\/wp-content\/uploads\/2026\/09\/papa_CERNA_VM-1024x675.jpeg 1024w, https:\/\/agencia.ecclesia.pt\/portal\/wp-content\/uploads\/2026\/09\/papa_CERNA_VM-768x506.jpeg 768w\" sizes=\"(max-width: 1280px) 100vw, 1280px\" \/><figcaption id=\"caption-attachment-440516\" class=\"wp-caption-text\">Foto: Vatican Media<\/figcaption><\/figure>\n<p>Cidade do Vaticano, 03 set 2026 (Ecclesia) \u2013 O Papa apelou hoje aos bispos latinos das regi\u00f5es \u00e1rabes para rejeitarem a resigna\u00e7\u00e3o face aos conflitos e transformarem as suas par\u00f3quias em redutos de prote\u00e7\u00e3o para as minorias e migrantes.<\/p>\n<p>&#8220;Uma comunidade pequena, se radicada em Cristo, pode ser uma presen\u00e7a preciosa: n\u00e3o porque procura o poder, mas porque serve; n\u00e3o porque se imp\u00f5e, mas porque testemunha; n\u00e3o porque responde \u00e0 viol\u00eancia com outra viol\u00eancia, mas porque op\u00f5e \u00e0 for\u00e7a a caridade&#8221;, exortou Le\u00e3o XIV, no Vaticano.<\/p>\n<p>A interven\u00e7\u00e3o papal recordou os religiosos assassinados no I\u00e9men, no Iraque e na S\u00edria, sublinhando que a sua &#8220;fidelidade ao Evangelho permanece uma luz&#8221; e &#8220;um convite a n\u00e3o ceder nem ao medo nem \u00e0 resigna\u00e7\u00e3o&#8221;.<\/p>\n<p>&#8220;No cora\u00e7\u00e3o de sociedades marcadas por conflitos e divis\u00f5es, as vossas comunidades mostrem que \u00e9 poss\u00edvel viver, servir e esperar juntos&#8221;, assinalou o pont\u00edfice, desafiando a Igreja a concretizar esta miss\u00e3o atrav\u00e9s de hospitais, escolas e obras assistenciais.<\/p>\n<p>Le\u00e3o XIV revelou uma preocupa\u00e7\u00e3o particular com os migrantes a viver em &#8220;solid\u00e3o e precariedade&#8221; nos pa\u00edses do Golfo, pedindo que as estruturas locais sejam &#8220;casas nas quais ningu\u00e9m se sinta estrangeiro&#8221; e onde se reconhe\u00e7a em todos \u201cum irm\u00e3o e uma irm\u00e3&#8221;.<\/p>\n<p>&#8220;Dialogar n\u00e3o significa renunciar \u00e0 pr\u00f3pria identidade, mas viv\u00ea-la sem medo do encontro&#8221;, precisou o Papa, sustentando que os gestos de respeito inter-religioso representam um passo em dire\u00e7\u00e3o \u00e0 paz nos territ\u00f3rios onde &#8220;a guerra semeou a desconfian\u00e7a&#8221;.<\/p>\n<p>A interven\u00e7\u00e3o Padre refor\u00e7ou que o verdadeiro encargo pastoral &#8220;n\u00e3o consiste simplesmente em conservar uma presen\u00e7a crist\u00e3, mas em tornar Cristo presente&#8221;.<\/p>\n<p>O encontro com os membros da Confer\u00eancia dos Bispos Latinos nas Regi\u00f5es \u00c1rabes (CELRA) realizou-se esta manh\u00e3, na Biblioteca do Pal\u00e1cio Apost\u00f3lico.<\/p>\n<p>A confer\u00eancia conta com a participa\u00e7\u00e3o de representantes de pa\u00edses como o Egito, a S\u00edria, o Iraque, o L\u00edbano, a Jord\u00e2nia, a Palestina, Israel, Chipre, o Djibuti, a Som\u00e1lia e da Pen\u00ednsula Ar\u00e1bica.<\/p>\n<p><em>OC<\/em><\/p>\n","protected":false},"excerpt":{"rendered":"<p>Le\u00e3o XIV recordou religiosos assassinados no I\u00e9men, no Iraque e na S\u00edria<\/p>\n","protected":false},"author":2,"featured_media":440516,"comment_status":"closed","ping_status":"closed","sticky":false,"template":"","format":"standard","meta":{"site-sidebar-layout":"default","site-content-layout":"","ast-site-content-layout":"default","site-content-style":"default","site-sidebar-style":"default","ast-global-header-display":"","ast-banner-title-visibility":"","ast-main-header-display":"","ast-hfb-above-header-display":"","ast-hfb-below-header-display":"","ast-hfb-mobile-header-display":"","site-post-title":"","ast-breadcrumbs-content":"","ast-featured-img":"","footer-sml-layout":"","ast-disable-related-posts":"","theme-transparent-header-meta":"default","adv-header-id-meta":"","stick-header-meta":"default","header-above-stick-meta":"","header-main-stick-meta":"","header-below-stick-meta":"","astra-migrate-meta-layouts":"set","ast-page-background-enabled":"default","ast-page-background-meta":{"desktop":{"background-color":"var(--ast-global-color-4)","background-image":"","background-repeat":"repeat","background-position":"center center","background-size":"auto","background-attachment":"scroll","background-type":"","background-media":"","overlay-type":"","overlay-color":"","overlay-opacity":"","overlay-gradient":""},"tablet":{"background-color":"","background-image":"","background-repeat":"repeat","background-position":"center center","background-size":"auto","background-attachment":"scroll","background-type":"","background-media":"","overlay-type":"","overlay-color":"","overlay-opacity":"","overlay-gradient":""},"mobile":{"background-color":"","background-image":"","background-repeat":"repeat","background-position":"center center","background-size":"auto","background-attachment":"scroll","background-type":"","background-media":"","overlay-type":"","overlay-color":"","overlay-opacity":"","overlay-gradient":""}},"ast-content-background-meta":{"desktop":{"background-color":"var(--ast-global-color-5)","background-image":"","background-repeat":"repeat","background-position":"center center","background-size":"auto","background-attachment":"scroll","background-type":"","background-media":"","overlay-type":"","overlay-color":"","overlay-opacity":"","overlay-gradient":""},"tablet":{"background-color":"var(--ast-global-color-5)","background-image":"","background-repeat":"repeat","background-position":"center center","background-size":"auto","background-attachment":"scroll","background-type":"","background-media":"","overlay-type":"","overlay-color":"","overlay-opacity":"","overlay-gradient":""},"mobile":{"background-color":"var(--ast-global-color-5)","background-image":"","background-repeat":"repeat","background-position":"center center","background-size":"auto","background-attachment":"scroll","background-type":"","background-media":"","overlay-type":"","overlay-color":"","overlay-opacity":"","overlay-gradient":""}},"footnotes":""},"categories":[56,5],"tags":[974,351],"class_list":["post-440509","post","type-post","status-publish","format-standard","has-post-thumbnail","hentry","category-destaque","category-vaticano","tag-leao-xiv","tag-medio-oriente"],"_links":{"self":[{"href":"https:\/\/agencia.ecclesia.pt\/portal\/wp-json\/wp\/v2\/posts\/440509","targetHints":{"allow":["GET"]}}],"collection":[{"href":"https:\/\/agencia.ecclesia.pt\/portal\/wp-json\/wp\/v2\/posts"}],"about":[{"href":"https:\/\/agencia.ecclesia.pt\/portal\/wp-json\/wp\/v2\/types\/post"}],"author":[{"embeddable":true,"href":"https:\/\/agencia.ecclesia.pt\/portal\/wp-json\/wp\/v2\/users\/2"}],"replies":[{"embeddable":true,"href":"https:\/\/agencia.ecclesia.pt\/portal\/wp-json\/wp\/v2\/comments?post=440509"}],"version-history":[{"count":1,"href":"https:\/\/agencia.ecclesia.pt\/portal\/wp-json\/wp\/v2\/posts\/440509\/revisions"}],"predecessor-version":[{"id":440518,"href":"https:\/\/agencia.ecclesia.pt\/portal\/wp-json\/wp\/v2\/posts\/440509\/revisions\/440518"}],"wp:featuredmedia":[{"embeddable":true,"href":"https:\/\/agencia.ecclesia.pt\/portal\/wp-json\/wp\/v2\/media\/440516"}],"wp:attachment":[{"href":"https:\/\/agencia.ecclesia.pt\/portal\/wp-json\/wp\/v2\/media?parent=440509"}],"wp:term":[{"taxonomy":"category","embeddable":true,"href":"https:\/\/agencia.ecclesia.pt\/portal\/wp-json\/wp\/v2\/categories?post=440509"},{"taxonomy":"post_tag","embeddable":true,"href":"https:\/\/agencia.ecclesia.pt\/portal\/wp-json\/wp\/v2\/tags?post=440509"}],"curies":[{"name":"wp","href":"https:\/\/api.w.org\/{rel}","templated":true}]}}