{"id":440492,"date":"2026-09-03T11:29:53","date_gmt":"2026-09-03T10:29:53","guid":{"rendered":"https:\/\/agencia.ecclesia.pt\/portal\/?p=440492"},"modified":"2026-09-03T11:29:53","modified_gmt":"2026-09-03T10:29:53","slug":"nepal-caritas-exige-justica-climatica-perante-inundacoes-mortais","status":"publish","type":"post","link":"https:\/\/agencia.ecclesia.pt\/portal\/nepal-caritas-exige-justica-climatica-perante-inundacoes-mortais\/","title":{"rendered":"Nepal: C\u00e1ritas exige justi\u00e7a clim\u00e1tica perante inunda\u00e7\u00f5es mortais"},"content":{"rendered":"<p><em>Organiza\u00e7\u00e3o cat\u00f3lica sinalizou 56 crian\u00e7as \u00f3rf\u00e3s a viver em abrigos sobrelotados<\/em><!--more--><\/p>\n<figure id=\"attachment_440493\" aria-describedby=\"caption-attachment-440493\" style=\"width: 1920px\" class=\"wp-caption alignnone\"><img fetchpriority=\"high\" decoding=\"async\" class=\"wp-image-440493 size-full\" src=\"https:\/\/agencia.ecclesia.pt\/portal\/wp-content\/uploads\/2026\/09\/DOC.20260902.47701299.13206315.jpg\" alt=\"\" width=\"1920\" height=\"1280\" srcset=\"https:\/\/agencia.ecclesia.pt\/portal\/wp-content\/uploads\/2026\/09\/DOC.20260902.47701299.13206315.jpg 1920w, https:\/\/agencia.ecclesia.pt\/portal\/wp-content\/uploads\/2026\/09\/DOC.20260902.47701299.13206315-400x267.jpg 400w, https:\/\/agencia.ecclesia.pt\/portal\/wp-content\/uploads\/2026\/09\/DOC.20260902.47701299.13206315-1024x683.jpg 1024w, https:\/\/agencia.ecclesia.pt\/portal\/wp-content\/uploads\/2026\/09\/DOC.20260902.47701299.13206315-768x512.jpg 768w, https:\/\/agencia.ecclesia.pt\/portal\/wp-content\/uploads\/2026\/09\/DOC.20260902.47701299.13206315-391x260.jpg 391w, https:\/\/agencia.ecclesia.pt\/portal\/wp-content\/uploads\/2026\/09\/DOC.20260902.47701299.13206315-1536x1024.jpg 1536w\" sizes=\"(max-width: 1920px) 100vw, 1920px\" \/><figcaption id=\"caption-attachment-440493\" class=\"wp-caption-text\">Foto: Lusa\/EPA<\/figcaption><\/figure>\n<p>Roma, 03 set 2026 (Ecclesia) \u2013 A rede internacional da C\u00e1ritas lan\u00e7ou um apelo urgente \u00e0 solidariedade para com o Nepal, denunciando as consequ\u00eancias de inunda\u00e7\u00f5es devastadoras que mataram mais de mil pessoas no pa\u00eds asi\u00e1tico.<\/p>\n<p>O secret\u00e1rio-geral da institui\u00e7\u00e3o cat\u00f3lica sublinhou que muitas na\u00e7\u00f5es prosperaram historicamente atrav\u00e9s de sistemas baseados no carbono e exigiu que as grandes pot\u00eancias assumam a sua &#8220;responsabilidade pelo caos e danos&#8221; clim\u00e1ticos globais.<\/p>\n<p>Em nota enviada \u00e0 Ag\u00eancia ECCLESIA, Alistair Dutton lamentou a trag\u00e9dia provocada pelo colapso de uma barragem glaciar no sistema do rio Bhote Koshi, advertindo que a humanidade tem o dever coletivo de proteger a &#8220;casa comum&#8221;.<\/p>\n<p>As cheias que atingiram h\u00e1 uma semana o Nepal, junto \u00e0 fronteira com a China, provocaram 1114 mortos e deixaram 3916 pessoas desaparecidas, segundo um balan\u00e7o provis\u00f3rio divulgado esta quarta-feira pelas autoridades de gest\u00e3o de emerg\u00eancias.<\/p>\n<p>Do lado chin\u00eas, a imprensa estatal deu conta de 16 mortos e 546 desaparecidos na regi\u00e3o do Tibete.<\/p>\n<p>A diretora executiva da C\u00e1ritas Nepal, irm\u00e3 Cecilia Durga Shrestha, assinalou que as comunidades dos Himalaias enfrentam perigos extremos num territ\u00f3rio que &#8220;contribui com menos de 0,1%&#8221; para as emiss\u00f5es globais de gases com efeito de estufa.<\/p>\n<p>A organiza\u00e7\u00e3o humanit\u00e1ria encontra-se no terreno a distribuir bens essenciais atrav\u00e9s de meia centena de cozinhas comunit\u00e1rias nas \u00e1reas mais afetadas do distrito de Rasuwa.<\/p>\n<p>A coordenadora do Departamento de Gest\u00e3o de Cat\u00e1strofes da delega\u00e7\u00e3o nepalesa, Arpana Karki, alertou que as &#8220;reservas de alimentos est\u00e3o a esgotar-se&#8221; junto das fam\u00edlias de acolhimento que abrigam milhares de deslocados.<\/p>\n<p>As chuvas intensas e a destrui\u00e7\u00e3o de infraestruturas rodovi\u00e1rias est\u00e3o a bloquear o acesso das equipas de resgate a dezenas de localidades, isolando povoa\u00e7\u00f5es que apenas podem ser alcan\u00e7adas de helic\u00f3ptero.<\/p>\n<p>A C\u00e1ritas sinalizou 56 crian\u00e7as \u00f3rf\u00e3s a viver em abrigos sobrelotados e prop\u00f4s \u00e0s autoridades locais a cria\u00e7\u00e3o de espa\u00e7os de aprendizagem tempor\u00e1rios durante o processo de reconstru\u00e7\u00e3o.<\/p>\n<p><em>OC<\/em><\/p>\n","protected":false},"excerpt":{"rendered":"<p>Organiza\u00e7\u00e3o cat\u00f3lica sinalizou 56 crian\u00e7as \u00f3rf\u00e3s a viver em abrigos sobrelotados<\/p>\n","protected":false},"author":2,"featured_media":440493,"comment_status":"closed","ping_status":"closed","sticky":false,"template":"","format":"standard","meta":{"site-sidebar-layout":"default","site-content-layout":"","ast-site-content-layout":"default","site-content-style":"default","site-sidebar-style":"default","ast-global-header-display":"","ast-banner-title-visibility":"","ast-main-header-display":"","ast-hfb-above-header-display":"","ast-hfb-below-header-display":"","ast-hfb-mobile-header-display":"","site-post-title":"","ast-breadcrumbs-content":"","ast-featured-img":"","footer-sml-layout":"","ast-disable-related-posts":"","theme-transparent-header-meta":"default","adv-header-id-meta":"","stick-header-meta":"default","header-above-stick-meta":"","header-main-stick-meta":"","header-below-stick-meta":"","astra-migrate-meta-layouts":"set","ast-page-background-enabled":"default","ast-page-background-meta":{"desktop":{"background-color":"var(--ast-global-color-4)","background-image":"","background-repeat":"repeat","background-position":"center center","background-size":"auto","background-attachment":"scroll","background-type":"","background-media":"","overlay-type":"","overlay-color":"","overlay-opacity":"","overlay-gradient":""},"tablet":{"background-color":"","background-image":"","background-repeat":"repeat","background-position":"center center","background-size":"auto","background-attachment":"scroll","background-type":"","background-media":"","overlay-type":"","overlay-color":"","overlay-opacity":"","overlay-gradient":""},"mobile":{"background-color":"","background-image":"","background-repeat":"repeat","background-position":"center center","background-size":"auto","background-attachment":"scroll","background-type":"","background-media":"","overlay-type":"","overlay-color":"","overlay-opacity":"","overlay-gradient":""}},"ast-content-background-meta":{"desktop":{"background-color":"var(--ast-global-color-5)","background-image":"","background-repeat":"repeat","background-position":"center center","background-size":"auto","background-attachment":"scroll","background-type":"","background-media":"","overlay-type":"","overlay-color":"","overlay-opacity":"","overlay-gradient":""},"tablet":{"background-color":"var(--ast-global-color-5)","background-image":"","background-repeat":"repeat","background-position":"center center","background-size":"auto","background-attachment":"scroll","background-type":"","background-media":"","overlay-type":"","overlay-color":"","overlay-opacity":"","overlay-gradient":""},"mobile":{"background-color":"var(--ast-global-color-5)","background-image":"","background-repeat":"repeat","background-position":"center center","background-size":"auto","background-attachment":"scroll","background-type":"","background-media":"","overlay-type":"","overlay-color":"","overlay-opacity":"","overlay-gradient":""}},"footnotes":""},"categories":[56,4],"tags":[448,125],"class_list":["post-440492","post","type-post","status-publish","format-standard","has-post-thumbnail","hentry","category-destaque","category-internacional","tag-asia","tag-caritas"],"_links":{"self":[{"href":"https:\/\/agencia.ecclesia.pt\/portal\/wp-json\/wp\/v2\/posts\/440492","targetHints":{"allow":["GET"]}}],"collection":[{"href":"https:\/\/agencia.ecclesia.pt\/portal\/wp-json\/wp\/v2\/posts"}],"about":[{"href":"https:\/\/agencia.ecclesia.pt\/portal\/wp-json\/wp\/v2\/types\/post"}],"author":[{"embeddable":true,"href":"https:\/\/agencia.ecclesia.pt\/portal\/wp-json\/wp\/v2\/users\/2"}],"replies":[{"embeddable":true,"href":"https:\/\/agencia.ecclesia.pt\/portal\/wp-json\/wp\/v2\/comments?post=440492"}],"version-history":[{"count":1,"href":"https:\/\/agencia.ecclesia.pt\/portal\/wp-json\/wp\/v2\/posts\/440492\/revisions"}],"predecessor-version":[{"id":440494,"href":"https:\/\/agencia.ecclesia.pt\/portal\/wp-json\/wp\/v2\/posts\/440492\/revisions\/440494"}],"wp:featuredmedia":[{"embeddable":true,"href":"https:\/\/agencia.ecclesia.pt\/portal\/wp-json\/wp\/v2\/media\/440493"}],"wp:attachment":[{"href":"https:\/\/agencia.ecclesia.pt\/portal\/wp-json\/wp\/v2\/media?parent=440492"}],"wp:term":[{"taxonomy":"category","embeddable":true,"href":"https:\/\/agencia.ecclesia.pt\/portal\/wp-json\/wp\/v2\/categories?post=440492"},{"taxonomy":"post_tag","embeddable":true,"href":"https:\/\/agencia.ecclesia.pt\/portal\/wp-json\/wp\/v2\/tags?post=440492"}],"curies":[{"name":"wp","href":"https:\/\/api.w.org\/{rel}","templated":true}]}}