{"id":440477,"date":"2026-09-03T10:47:10","date_gmt":"2026-09-03T09:47:10","guid":{"rendered":"https:\/\/agencia.ecclesia.pt\/portal\/?p=440477"},"modified":"2026-09-03T10:54:21","modified_gmt":"2026-09-03T09:54:21","slug":"lisboa-patriarca-reza-junto-de-memorial-das-vitimas-do-acidente-do-elevador-da-gloria-e-pede-responsabilidade","status":"publish","type":"post","link":"https:\/\/agencia.ecclesia.pt\/portal\/lisboa-patriarca-reza-junto-de-memorial-das-vitimas-do-acidente-do-elevador-da-gloria-e-pede-responsabilidade\/","title":{"rendered":"Lisboa: Patriarca reza junto de memorial das v\u00edtimas do acidente do Elevador da Gl\u00f3ria e pede responsabilidade"},"content":{"rendered":"<p><em>\u00abQue a mem\u00f3ria deste lugar se transforme em compromisso\u00bb &#8211; D. Rui Val\u00e9rio<\/em><!--more--><\/p>\n<figure id=\"attachment_440475\" aria-describedby=\"caption-attachment-440475\" style=\"width: 1920px\" class=\"wp-caption alignnone\"><img fetchpriority=\"high\" decoding=\"async\" class=\"wp-image-440475 size-full\" src=\"https:\/\/agencia.ecclesia.pt\/portal\/wp-content\/uploads\/2026\/09\/TSF-4245.jpg\" alt=\"\" width=\"1920\" height=\"1280\" srcset=\"https:\/\/agencia.ecclesia.pt\/portal\/wp-content\/uploads\/2026\/09\/TSF-4245.jpg 1920w, https:\/\/agencia.ecclesia.pt\/portal\/wp-content\/uploads\/2026\/09\/TSF-4245-400x267.jpg 400w, https:\/\/agencia.ecclesia.pt\/portal\/wp-content\/uploads\/2026\/09\/TSF-4245-1024x683.jpg 1024w, https:\/\/agencia.ecclesia.pt\/portal\/wp-content\/uploads\/2026\/09\/TSF-4245-768x512.jpg 768w, https:\/\/agencia.ecclesia.pt\/portal\/wp-content\/uploads\/2026\/09\/TSF-4245-391x260.jpg 391w, https:\/\/agencia.ecclesia.pt\/portal\/wp-content\/uploads\/2026\/09\/TSF-4245-1536x1024.jpg 1536w\" sizes=\"(max-width: 1920px) 100vw, 1920px\" \/><figcaption id=\"caption-attachment-440475\" class=\"wp-caption-text\">Foto: C\u00e2mara Municipal de Lisboa<\/figcaption><\/figure>\n<p>Lisboa, 03 set 2026 (Ecclesia) \u2013 O patriarca de Lisboa rezou hoje junto ao novo memorial \u00e0s v\u00edtimas do acidente do Elevador da Gl\u00f3ria, pedindo que a trag\u00e9dia deixe li\u00e7\u00f5es de responsabilidade e aten\u00e7\u00e3o ao outro.<\/p>\n<p>\u201cQue a mem\u00f3ria deste lugar se transforme em compromisso. Que a recorda\u00e7\u00e3o daqueles que perderam a vida nos ensine a reconhecer de novo quanto cada exist\u00eancia humana \u00e9 preciosa\u201d, disse D. Rui Val\u00e9rio, no Largo da Oliveirinha, junto \u00e0 Cal\u00e7ada da Gl\u00f3ria.<\/p>\n<p>\u201cQue nos torne mais atentos uns aos outros, mais respons\u00e1veis, mais capazes de prevenir, de proteger e de cuidar. Que nenhuma preocupa\u00e7\u00e3o, interesse ou urg\u00eancia alguma vez nos fa\u00e7a esquecer que a pessoa humana deve permanecer no centro de tudo aquilo que constru\u00edmos\u201d, acrescentou o respons\u00e1vel cat\u00f3lico, que participou na cerim\u00f3nia de inaugura\u00e7\u00e3o promovida pela C\u00e2mara Municipal de Lisboa.<\/p>\n<p>O momento integrou a b\u00ean\u00e7\u00e3o de uma oliveira secular, que o patriarca classificou como &#8220;um sinal de respeito por essa dor que ningu\u00e9m deve julgar, medir ou apressar&#8221;.<\/p>\n<blockquote><p>Fazei, Senhor, que tamb\u00e9m esta \u00e1rvore fale silenciosamente a todos os que por aqui passarem: que lhes recorde as vidas que hoje honramos e lhes diga que a verdadeira mem\u00f3ria n\u00e3o consiste apenas em recordar o passado, mas em cuidar melhor da vida no presente.\u201d<\/p><\/blockquote>\n<p>O descarrilamento da composi\u00e7\u00e3o centen\u00e1ria ocorreu h\u00e1 um ano, resultando em 16 mortos e 24 feridos, de 15 nacionalidades distintas.<\/p>\n<p>\u201cCada um tinha um nome, um rosto, uma hist\u00f3ria, pessoas que amava e por quem era amado. Para n\u00f3s, permanecem na saudade; para V\u00f3s, Senhor, nenhuma vida se perde e ningu\u00e9m \u00e9 esquecido\u201d, refere a ora\u00e7\u00e3o do patriarca de Lisboa.<\/p>\n<p>D. Rui Val\u00e9rio <a href=\"https:\/\/www.patriarcado-lisboa.pt\/site\/index.php?id=13715\" target=\"_blank\" rel=\"noopener\">sublinhou<\/a> que a saudade sentida pelas fam\u00edlias \u00e9 a derradeira &#8220;marca deixada pelo amor&#8221;.<\/p>\n<p>A obra edificada no Largo da Oliveirinha compreende 16 blocos em calc\u00e1rio posicionados de forma radial em redor da \u00e1rvore, servindo de suporte para a grava\u00e7\u00e3o do nome de cada v\u00edtima mortal.<\/p>\n<p>O patriarca de Lisboa vai presidir \u00e0 Missa em Mem\u00f3ria e sufr\u00e1gio pelos que perderam a vida, na Igreja de S. Roque, \u00e0s 12h30.<\/p>\n<p><em>OC<\/em><\/p>\n","protected":false},"excerpt":{"rendered":"<p>\u00abQue a mem\u00f3ria deste lugar se transforme em compromisso\u00bb &#8211; D. Rui Val\u00e9rio<\/p>\n","protected":false},"author":2,"featured_media":440475,"comment_status":"closed","ping_status":"closed","sticky":false,"template":"","format":"standard","meta":{"site-sidebar-layout":"default","site-content-layout":"","ast-site-content-layout":"default","site-content-style":"default","site-sidebar-style":"default","ast-global-header-display":"","ast-banner-title-visibility":"","ast-main-header-display":"","ast-hfb-above-header-display":"","ast-hfb-below-header-display":"","ast-hfb-mobile-header-display":"","site-post-title":"","ast-breadcrumbs-content":"","ast-featured-img":"","footer-sml-layout":"","ast-disable-related-posts":"","theme-transparent-header-meta":"default","adv-header-id-meta":"","stick-header-meta":"default","header-above-stick-meta":"","header-main-stick-meta":"","header-below-stick-meta":"","astra-migrate-meta-layouts":"set","ast-page-background-enabled":"default","ast-page-background-meta":{"desktop":{"background-color":"var(--ast-global-color-4)","background-image":"","background-repeat":"repeat","background-position":"center center","background-size":"auto","background-attachment":"scroll","background-type":"","background-media":"","overlay-type":"","overlay-color":"","overlay-opacity":"","overlay-gradient":""},"tablet":{"background-color":"","background-image":"","background-repeat":"repeat","background-position":"center center","background-size":"auto","background-attachment":"scroll","background-type":"","background-media":"","overlay-type":"","overlay-color":"","overlay-opacity":"","overlay-gradient":""},"mobile":{"background-color":"","background-image":"","background-repeat":"repeat","background-position":"center center","background-size":"auto","background-attachment":"scroll","background-type":"","background-media":"","overlay-type":"","overlay-color":"","overlay-opacity":"","overlay-gradient":""}},"ast-content-background-meta":{"desktop":{"background-color":"var(--ast-global-color-5)","background-image":"","background-repeat":"repeat","background-position":"center center","background-size":"auto","background-attachment":"scroll","background-type":"","background-media":"","overlay-type":"","overlay-color":"","overlay-opacity":"","overlay-gradient":""},"tablet":{"background-color":"var(--ast-global-color-5)","background-image":"","background-repeat":"repeat","background-position":"center center","background-size":"auto","background-attachment":"scroll","background-type":"","background-media":"","overlay-type":"","overlay-color":"","overlay-opacity":"","overlay-gradient":""},"mobile":{"background-color":"var(--ast-global-color-5)","background-image":"","background-repeat":"repeat","background-position":"center center","background-size":"auto","background-attachment":"scroll","background-type":"","background-media":"","overlay-type":"","overlay-color":"","overlay-opacity":"","overlay-gradient":""}},"footnotes":""},"categories":[55,3],"tags":[343],"class_list":["post-440477","post","type-post","status-publish","format-standard","has-post-thumbnail","hentry","category-manchete","category-nacional","tag-diocese-de-lisboa"],"_links":{"self":[{"href":"https:\/\/agencia.ecclesia.pt\/portal\/wp-json\/wp\/v2\/posts\/440477","targetHints":{"allow":["GET"]}}],"collection":[{"href":"https:\/\/agencia.ecclesia.pt\/portal\/wp-json\/wp\/v2\/posts"}],"about":[{"href":"https:\/\/agencia.ecclesia.pt\/portal\/wp-json\/wp\/v2\/types\/post"}],"author":[{"embeddable":true,"href":"https:\/\/agencia.ecclesia.pt\/portal\/wp-json\/wp\/v2\/users\/2"}],"replies":[{"embeddable":true,"href":"https:\/\/agencia.ecclesia.pt\/portal\/wp-json\/wp\/v2\/comments?post=440477"}],"version-history":[{"count":2,"href":"https:\/\/agencia.ecclesia.pt\/portal\/wp-json\/wp\/v2\/posts\/440477\/revisions"}],"predecessor-version":[{"id":440487,"href":"https:\/\/agencia.ecclesia.pt\/portal\/wp-json\/wp\/v2\/posts\/440477\/revisions\/440487"}],"wp:featuredmedia":[{"embeddable":true,"href":"https:\/\/agencia.ecclesia.pt\/portal\/wp-json\/wp\/v2\/media\/440475"}],"wp:attachment":[{"href":"https:\/\/agencia.ecclesia.pt\/portal\/wp-json\/wp\/v2\/media?parent=440477"}],"wp:term":[{"taxonomy":"category","embeddable":true,"href":"https:\/\/agencia.ecclesia.pt\/portal\/wp-json\/wp\/v2\/categories?post=440477"},{"taxonomy":"post_tag","embeddable":true,"href":"https:\/\/agencia.ecclesia.pt\/portal\/wp-json\/wp\/v2\/tags?post=440477"}],"curies":[{"name":"wp","href":"https:\/\/api.w.org\/{rel}","templated":true}]}}