{"id":440465,"date":"2026-09-02T17:25:46","date_gmt":"2026-09-02T16:25:46","guid":{"rendered":"https:\/\/agencia.ecclesia.pt\/portal\/?p=440465"},"modified":"2026-09-02T17:25:46","modified_gmt":"2026-09-02T16:25:46","slug":"vaticano-papa-expressa-solidariedade-a-presidente-colombiano-apos-destruicao-provocada-por-sismo","status":"publish","type":"post","link":"https:\/\/agencia.ecclesia.pt\/portal\/vaticano-papa-expressa-solidariedade-a-presidente-colombiano-apos-destruicao-provocada-por-sismo\/","title":{"rendered":"Vaticano: Papa expressa solidariedade a presidente colombiano, ap\u00f3s destrui\u00e7\u00e3o provocada por sismo"},"content":{"rendered":"<p><em>Le\u00e3o XIV e Abelardo de la Espriella conversaram ao telefone<\/em><!--more--><\/p>\n<figure id=\"attachment_437964\" aria-describedby=\"caption-attachment-437964\" style=\"width: 1920px\" class=\"wp-caption alignnone\"><img fetchpriority=\"high\" decoding=\"async\" class=\"wp-image-437964 size-full\" src=\"https:\/\/agencia.ecclesia.pt\/portal\/wp-content\/uploads\/2026\/08\/Cali-Colombia_.jpg\" alt=\"\" width=\"1920\" height=\"1280\" srcset=\"https:\/\/agencia.ecclesia.pt\/portal\/wp-content\/uploads\/2026\/08\/Cali-Colombia_.jpg 1920w, https:\/\/agencia.ecclesia.pt\/portal\/wp-content\/uploads\/2026\/08\/Cali-Colombia_-400x267.jpg 400w, https:\/\/agencia.ecclesia.pt\/portal\/wp-content\/uploads\/2026\/08\/Cali-Colombia_-1024x683.jpg 1024w, https:\/\/agencia.ecclesia.pt\/portal\/wp-content\/uploads\/2026\/08\/Cali-Colombia_-768x512.jpg 768w, https:\/\/agencia.ecclesia.pt\/portal\/wp-content\/uploads\/2026\/08\/Cali-Colombia_-391x260.jpg 391w, https:\/\/agencia.ecclesia.pt\/portal\/wp-content\/uploads\/2026\/08\/Cali-Colombia_-1536x1024.jpg 1536w\" sizes=\"(max-width: 1920px) 100vw, 1920px\" \/><figcaption id=\"caption-attachment-437964\" class=\"wp-caption-text\">Foto: Lusa\/EPA<\/figcaption><\/figure>\n<p>Vaticano, 02 set 2026 (Ecclesia) \u2013 O Papa e o presidente da Col\u00f4mbia, Abelardo de la Espriella, conversaram hoje ao telefone sobre as consequ\u00eancias do recente sismo no pa\u00eds.<\/p>\n<p>Um comunicado da Santa S\u00e9 informa que Le\u00e3o XIV manifestou a sua proximidade para com todos os que suportam as &#8220;duras consequ\u00eancias&#8221; deste abalo.<\/p>\n<p>O pont\u00edfice dedicou uma aten\u00e7\u00e3o particular &#8220;\u00e0s fam\u00edlias dos falecidos, aos feridos, \u00e0s equipas de resgate e ao pessoal humanit\u00e1rio&#8221;, detalha a nota.<\/p>\n<p>O di\u00e1logo entre os dois chefes de Estado serviu ainda para analisar a conjuntura nacional e o cen\u00e1rio nas &#8220;regi\u00f5es afetadas pelo terramoto&#8221;.<\/p>\n<p>O abalo registado no dia 10 de agosto provocou 314 mortos, deixando centenas de pessoas desaparecidas sob os escombros e milhares de feridos.<\/p>\n<p>A cat\u00e1strofe natural causou o colapso integral de quase 600 edif\u00edcios e deixou mais de 150 mil habita\u00e7\u00f5es danificadas, afetando diretamente cerca de 54 mil cidad\u00e3os.<\/p>\n<p>Os estragos estenderam-se a pelo menos sete aeroportos e atingiram severamente doze dos quinze bairros hist\u00f3ricos da Paisagem Cultural do Caf\u00e9, uma zona protegida pela UNESCO.<\/p>\n<p>O rec\u00e9m-empossado Governo colombiano decretou o estado de emerg\u00eancia econ\u00f3mica para mitigar uma perda estimada de 0,27 pontos percentuais no crescimento do Produto Interno Bruto.<\/p>\n<p>O plano estatal de apoio financeiro prev\u00ea a atribui\u00e7\u00e3o de subs\u00eddios mensais na ordem dos 875 mil pesos \u00e0s fam\u00edlias desalojadas para impulsionar a reconstru\u00e7\u00e3o.<\/p>\n<p><em>OC<\/em><\/p>\n","protected":false},"excerpt":{"rendered":"<p>Le\u00e3o XIV e Abelardo de la Espriella conversaram ao telefone<\/p>\n","protected":false},"author":2,"featured_media":437964,"comment_status":"closed","ping_status":"closed","sticky":false,"template":"","format":"standard","meta":{"site-sidebar-layout":"default","site-content-layout":"","ast-site-content-layout":"default","site-content-style":"default","site-sidebar-style":"default","ast-global-header-display":"","ast-banner-title-visibility":"","ast-main-header-display":"","ast-hfb-above-header-display":"","ast-hfb-below-header-display":"","ast-hfb-mobile-header-display":"","site-post-title":"","ast-breadcrumbs-content":"","ast-featured-img":"","footer-sml-layout":"","ast-disable-related-posts":"","theme-transparent-header-meta":"default","adv-header-id-meta":"","stick-header-meta":"default","header-above-stick-meta":"","header-main-stick-meta":"","header-below-stick-meta":"","astra-migrate-meta-layouts":"set","ast-page-background-enabled":"default","ast-page-background-meta":{"desktop":{"background-color":"var(--ast-global-color-4)","background-image":"","background-repeat":"repeat","background-position":"center center","background-size":"auto","background-attachment":"scroll","background-type":"","background-media":"","overlay-type":"","overlay-color":"","overlay-opacity":"","overlay-gradient":""},"tablet":{"background-color":"","background-image":"","background-repeat":"repeat","background-position":"center center","background-size":"auto","background-attachment":"scroll","background-type":"","background-media":"","overlay-type":"","overlay-color":"","overlay-opacity":"","overlay-gradient":""},"mobile":{"background-color":"","background-image":"","background-repeat":"repeat","background-position":"center center","background-size":"auto","background-attachment":"scroll","background-type":"","background-media":"","overlay-type":"","overlay-color":"","overlay-opacity":"","overlay-gradient":""}},"ast-content-background-meta":{"desktop":{"background-color":"var(--ast-global-color-5)","background-image":"","background-repeat":"repeat","background-position":"center center","background-size":"auto","background-attachment":"scroll","background-type":"","background-media":"","overlay-type":"","overlay-color":"","overlay-opacity":"","overlay-gradient":""},"tablet":{"background-color":"var(--ast-global-color-5)","background-image":"","background-repeat":"repeat","background-position":"center center","background-size":"auto","background-attachment":"scroll","background-type":"","background-media":"","overlay-type":"","overlay-color":"","overlay-opacity":"","overlay-gradient":""},"mobile":{"background-color":"var(--ast-global-color-5)","background-image":"","background-repeat":"repeat","background-position":"center center","background-size":"auto","background-attachment":"scroll","background-type":"","background-media":"","overlay-type":"","overlay-color":"","overlay-opacity":"","overlay-gradient":""}},"footnotes":""},"categories":[56,5],"tags":[104,974],"class_list":["post-440465","post","type-post","status-publish","format-standard","has-post-thumbnail","hentry","category-destaque","category-vaticano","tag-america","tag-leao-xiv"],"_links":{"self":[{"href":"https:\/\/agencia.ecclesia.pt\/portal\/wp-json\/wp\/v2\/posts\/440465","targetHints":{"allow":["GET"]}}],"collection":[{"href":"https:\/\/agencia.ecclesia.pt\/portal\/wp-json\/wp\/v2\/posts"}],"about":[{"href":"https:\/\/agencia.ecclesia.pt\/portal\/wp-json\/wp\/v2\/types\/post"}],"author":[{"embeddable":true,"href":"https:\/\/agencia.ecclesia.pt\/portal\/wp-json\/wp\/v2\/users\/2"}],"replies":[{"embeddable":true,"href":"https:\/\/agencia.ecclesia.pt\/portal\/wp-json\/wp\/v2\/comments?post=440465"}],"version-history":[{"count":1,"href":"https:\/\/agencia.ecclesia.pt\/portal\/wp-json\/wp\/v2\/posts\/440465\/revisions"}],"predecessor-version":[{"id":440468,"href":"https:\/\/agencia.ecclesia.pt\/portal\/wp-json\/wp\/v2\/posts\/440465\/revisions\/440468"}],"wp:featuredmedia":[{"embeddable":true,"href":"https:\/\/agencia.ecclesia.pt\/portal\/wp-json\/wp\/v2\/media\/437964"}],"wp:attachment":[{"href":"https:\/\/agencia.ecclesia.pt\/portal\/wp-json\/wp\/v2\/media?parent=440465"}],"wp:term":[{"taxonomy":"category","embeddable":true,"href":"https:\/\/agencia.ecclesia.pt\/portal\/wp-json\/wp\/v2\/categories?post=440465"},{"taxonomy":"post_tag","embeddable":true,"href":"https:\/\/agencia.ecclesia.pt\/portal\/wp-json\/wp\/v2\/tags?post=440465"}],"curies":[{"name":"wp","href":"https:\/\/api.w.org\/{rel}","templated":true}]}}