{"id":440454,"date":"2026-09-02T16:56:53","date_gmt":"2026-09-02T15:56:53","guid":{"rendered":"https:\/\/agencia.ecclesia.pt\/portal\/?p=440454"},"modified":"2026-09-02T17:41:48","modified_gmt":"2026-09-02T16:41:48","slug":"comunicacoes-sociais-jornadas-nacionais-vao-ser-ocasiao-de-escuta-para-construir-um-caminho-comum","status":"publish","type":"post","link":"https:\/\/agencia.ecclesia.pt\/portal\/comunicacoes-sociais-jornadas-nacionais-vao-ser-ocasiao-de-escuta-para-construir-um-caminho-comum\/","title":{"rendered":"Comunica\u00e7\u00f5es Sociais: Jornadas Nacionais v\u00e3o ser ocasi\u00e3o de escuta para \u00abconstruir um caminho comum\u00bb"},"content":{"rendered":"<p style=\"font-weight: 400;\"><em>\u00abPor uma gram\u00e1tica do encontro\u00bb \u00e9 o tema para um dia de encontro, a 24 de setembro, em Leiria<\/em><\/p>\n<p><!--more--><\/p>\n<p><a href=\"https:\/\/sites.ecclesia.pt\/jornadas2026\" target=\"_blank\" rel=\"noopener\"><img fetchpriority=\"high\" decoding=\"async\" class=\"alignnone wp-image-440470 size-large\" src=\"https:\/\/agencia.ecclesia.pt\/portal\/wp-content\/uploads\/2026\/09\/banner-jornadas2026-inscricao-1024x304.jpg\" alt=\"\" width=\"1024\" height=\"304\" srcset=\"https:\/\/agencia.ecclesia.pt\/portal\/wp-content\/uploads\/2026\/09\/banner-jornadas2026-inscricao-1024x304.jpg 1024w, https:\/\/agencia.ecclesia.pt\/portal\/wp-content\/uploads\/2026\/09\/banner-jornadas2026-inscricao-400x119.jpg 400w, https:\/\/agencia.ecclesia.pt\/portal\/wp-content\/uploads\/2026\/09\/banner-jornadas2026-inscricao-768x228.jpg 768w, https:\/\/agencia.ecclesia.pt\/portal\/wp-content\/uploads\/2026\/09\/banner-jornadas2026-inscricao.jpg 1500w\" sizes=\"(max-width: 1024px) 100vw, 1024px\" \/><\/a><\/p>\n<p style=\"font-weight: 400;\">Lisboa, 02 set 2026 (Ecclesia) \u2013 A diretora do Secretariado Nacional das Comunica\u00e7\u00f5es Sociais afirmou hoje que as Jornadas Nacionais de Comunica\u00e7\u00e3o Social v\u00e3o ser uma ocasi\u00e3o de escuta e de identifica\u00e7\u00e3o de boas pr\u00e1ticas para \u201cconstruir um caminho comum\u201d.<\/p>\n<p style=\"font-weight: 400;\">\u201cComo \u00e9 que n\u00f3s, conversando uns com os outros e for\u00e7ando a escuta, que \u00e0s vezes \u00e9 dif\u00edcil entre os comunicadores que somos, podemos tirar alguma coisa para fazer caminho\u201d, afirmou Rita Carvalho em declara\u00e7\u00f5es ao Departamento de Comunica\u00e7\u00e3o da Arquidiocese de Braga.<\/p>\n<p>D. Alexandre Palma, tamb\u00e9m em declara\u00e7\u00f5es ao Departamento de Comunica\u00e7\u00e3o da Arquidiocese de Braga, disse que o objetivo da Comiss\u00e3o Episcopal das Comunica\u00e7\u00f5es Sociais, a que preside, \u00e9 fomentar a \u201csubsidiariedade\u201d.<\/p>\n<p>\u201cQueremos estar para apoiar os comunicadores. N\u00e3o em vez deles, mas ao seu lado, a dar-lhes for\u00e7a, dar-lhe mais recursos, mais capacidade, mais imagina\u00e7\u00e3o, mais coragem\u201d, <a href=\"https:\/\/www.facebook.com\/reel\/1699469871157074?locale=pt_PT\" target=\"_blank\" rel=\"noopener\">afirmou<\/a> D. Alexandre Palma<\/p>\n<p style=\"font-weight: 400;\">No dia 24 de setembro, o Secretariado Nacional das Comunica\u00e7\u00f5es Sociais promove as Jornadas Nacionais sobre o tema \u2018Por uma gram\u00e1tica do encontro\u2019, fomentando a escuta entre os participantes em ordem a um \u201cdesenho de um mapa conjunto para a comunica\u00e7\u00e3o da Igreja em Portugal\u201d.<\/p>\n<p style=\"font-weight: 400;\">No convite dirigido a todos os que queiram participar, o presidente da Comiss\u00e3o Episcopal das Comunica\u00e7\u00f5es Sociais e a diretora do respetivo secretariado nacional afirmam que o objetivo \u00e9 trabalhar num \u201ccaminho conjunto\u201d, que tenha por ponto de partida a escuta rec\u00edproca.<\/p>\n<p style=\"font-weight: 400;\">As Jornadas Nacionais de Comunica\u00e7\u00e3o Social v\u00e3o iniciar \u00e0s 09h30, no dia 24 de setembro, no Semin\u00e1rio de Leiria; uns minutos depois, o encontro \u00e9 lan\u00e7ado com um di\u00e1logo entre D. Alexandre Palma e o jornalista Jo\u00e3o Miguel Tavares em torno do tema \u201cReaprender a arte de conversar\u201d.<\/p>\n<p style=\"font-weight: 400;\">O final da manh\u00e3 e o in\u00edcio da tarde decorrem em diferentes din\u00e2micas de trabalho individual e de grupo, com o objetivo de, a partir das opini\u00f5es dos participantes, ser poss\u00edvel desenhar o \u201cmapa\u201d a que a Comiss\u00e3o Episcopal das Comunica\u00e7\u00f5es Sociais se prop\u00f5e, como ajuda \u00e0 comunica\u00e7\u00e3o da Igreja Cat\u00f3lica em Portugal.<\/p>\n<p style=\"font-weight: 400;\">Os participantes v\u00e3o escolher um dos diferentes encontros em trabalho de grupo: \u201corganizar um secretariado diocesano\u201d, dinamizado pelo padre Paulo Terroso, diretor do Departamento Arquidiocesano das Comunica\u00e7\u00f5es Sociais de Braga; \u201ccuidar a comunica\u00e7\u00e3o institucional\u201d, coordenado pela assessora de comunica\u00e7\u00e3o In\u00eas dos Santos, partner da H\/Advisors CV&amp;A; \u201cCriar conte\u00fados digitais\u201d, que tem na coordena\u00e7\u00e3o D\u00e9bora e Paulo Azadinho, do Departamento da Pastoral da Comunica\u00e7\u00e3o da Arquidiocese de \u00c9vora.<\/p>\n<p style=\"font-weight: 400;\">Os trabalhos de grupo v\u00e3o analisar tamb\u00e9m o tema \u201cInformar sobre a Igreja e a religi\u00e3o\u201d, contando com a jornalista do Expresso Cristiana Martins; \u201cComunicar nos media eclesiais\u201d, dinamizado por Oct\u00e1vio Carmo, chefe de reda\u00e7\u00e3o da Ag\u00eancia Ecclesia; e \u201cAnunciar na miss\u00e3o digital\u201d, que vai ser coordenado pelo padre Miguel Neto, diretor do Secretariado das Comunica\u00e7\u00f5es Sociais da Diocese do Algarve.<\/p>\n<p style=\"font-weight: 400;\">Neste ano de 2026, as Jornadas Nacionais de Comunica\u00e7\u00e3o Social decorrem ao longo de um dia, a 24 de setembro, quinta-feira; no dia anterior, quarta-feira, a Comiss\u00e3o Episcopal das Comunica\u00e7\u00f5es Sociais convida os diretores dos Secretariados Diocesanos para um jantar e uma reuni\u00e3o de trabalho, no Semin\u00e1rio de Leiria.<\/p>\n<p style=\"font-weight: 400;\">Para outras informa\u00e7\u00f5es, inscri\u00e7\u00f5es e reservas de alojamento e refei\u00e7\u00f5es, consulte a p\u00e1gina das\u00a0<a href=\"http:\/\/ecclesia.pt\/jornadas2026\">Jornadas Nacionais de Comunica\u00e7\u00e3o Social, em ecclesia.pt\/jornadas2026.<\/a><\/p>\n<table style=\"width: 100%; border-collapse: collapse; background-color: #f3ddca;\">\n<tbody>\n<tr>\n<td style=\"width: 100%;\">\n<div tabindex=\"0\" role=\"button\" data-tab=\"2\" aria-controls=\"elementor-tab-content-6652\" aria-expanded=\"true\" aria-selected=\"true\"><a href=\"https:\/\/agencia.ecclesia.pt\/portal\/wp-content\/uploads\/2026\/07\/banner-jornadas2026.jpg\"><img decoding=\"async\" class=\"alignnone wp-image-434712 size-full\" src=\"https:\/\/agencia.ecclesia.pt\/portal\/wp-content\/uploads\/2026\/07\/banner-jornadas2026.jpg\" alt=\"\" width=\"1920\" height=\"570\" srcset=\"https:\/\/agencia.ecclesia.pt\/portal\/wp-content\/uploads\/2026\/07\/banner-jornadas2026.jpg 1920w, https:\/\/agencia.ecclesia.pt\/portal\/wp-content\/uploads\/2026\/07\/banner-jornadas2026-400x119.jpg 400w, https:\/\/agencia.ecclesia.pt\/portal\/wp-content\/uploads\/2026\/07\/banner-jornadas2026-1024x304.jpg 1024w, https:\/\/agencia.ecclesia.pt\/portal\/wp-content\/uploads\/2026\/07\/banner-jornadas2026-768x228.jpg 768w, https:\/\/agencia.ecclesia.pt\/portal\/wp-content\/uploads\/2026\/07\/banner-jornadas2026-1536x456.jpg 1536w\" sizes=\"(max-width: 1920px) 100vw, 1920px\" \/><\/a><\/div>\n<div id=\"elementor-tab-title-6652\" class=\"elementor-tab-title elementor-active\" tabindex=\"0\" role=\"button\" data-tab=\"2\" aria-controls=\"elementor-tab-content-6652\" aria-expanded=\"true\" aria-selected=\"true\"><a class=\"elementor-toggle-title\" tabindex=\"0\">PROGRAMA<\/a><\/div>\n<div id=\"elementor-tab-content-6652\" class=\"elementor-tab-content elementor-clearfix elementor-active\" role=\"region\" data-tab=\"2\" aria-labelledby=\"elementor-tab-title-6652\">\n<p>09h30 \u2013 <strong>ACOLHER<\/strong><\/p>\n<p>10h00 \u2013 Abertura<br \/>\n<em>D. Alexandre Palma, presidente da Comiss\u00e3o Episcopal das Comunica\u00e7\u00f5es Sociais<br \/>\n<\/em><em>Rita Carvalho, diretora do Secretariado Nacional das Comunica\u00e7\u00f5es Sociais<\/em><\/p>\n<p>10h15 \u2013 <strong>CONVERSAR<\/strong><br \/>\n\u201cReaprender a arte de conversar\u201d<br \/>\n<em>D. Alexandre Palma, presidente da Comiss\u00e3o Episcopal das Comunica\u00e7\u00f5es Sociais<br \/>\n<\/em><em>Jo\u00e3o Miguel Tavares, jornalista<\/em><\/p>\n<p>Debate<\/p>\n<p>11h30 \u2013 Intervalo<\/p>\n<p>12h00 \u2013 <strong>PARAR<\/strong><\/p>\n<p>. Lan\u00e7amento dos trabalhos de grupo<br \/>\n<em>Padre Jo\u00e3o Basto, diretor do Secretariado Diocesano da Comunica\u00e7\u00e3o Social de\u00a0 Viana do Castelo<\/em><\/p>\n<p>13h00 \u2013 Almo\u00e7o<\/p>\n<p>14h30 \u2013 <strong>ESCUTAR<\/strong><br \/>\n. Encontros em trabalho em grupo<\/p>\n<ul>\n<li>Organizar um secretariado diocesano<br \/>\n<em>Padre Paulo Terroso, diretor do Departamento Arquidiocesano das Comunica\u00e7\u00f5es Sociais<\/em><\/li>\n<li>Cuidar a comunica\u00e7\u00e3o institucional<br \/>\n<em>In\u00eas dos Santos, Ag\u00eancia de Comunica\u00e7\u00e3o H\/Advisors CV&amp;A<\/em><\/li>\n<li>Criar conte\u00fados digitais<br \/>\n<em>D\u00e9bora e Paulo Azadinho, Departamento da Pastoral da Comunica\u00e7\u00e3o da Arquidiocese de \u00c9vora<\/em><\/li>\n<li>Informar sobre a Igreja e a religi\u00e3o<br \/>\n<em>Cristiana Martins, jornalista do Expresso<\/em><\/li>\n<li>Comunicar nos media eclesiais<br \/>\n<em>Oct\u00e1vio Carmo, chefe de reda\u00e7\u00e3o da Ag\u00eancia Ecclesia<\/em><\/li>\n<li>Anunciar na miss\u00e3o digital<br \/>\n<em>Padre Miguel Neto, diretor do Secretariado das Comunica\u00e7\u00f5es Sociais da Diocese do Algarve<\/em><\/li>\n<\/ul>\n<p>16h00 \u2013 Intervalo<\/p>\n<p>16h15 \u2013 <strong>PARTILHAR<\/strong><\/p>\n<p>. Plen\u00e1rio: Apresenta\u00e7\u00e3o de propostas<br \/>\n<em>Modera\u00e7\u00e3o Leonor Jo\u00e3o, jornalista da Ag\u00eancia Ecclesia<\/em><\/p>\n<p>17h00 \u2013 <strong>PROGRAMAR<\/strong><br \/>\n. S\u00edntese das propostas dos trabalhos em grupo<\/p>\n<p>17h30 \u2013 <strong>CELEBRAR<\/strong><\/p>\n<p>. Missa<\/p>\n<\/div>\n<\/td>\n<\/tr>\n<\/tbody>\n<\/table>\n<p><em>PR<\/em><\/p>\n","protected":false},"excerpt":{"rendered":"<p>\u00abPor uma gram\u00e1tica do encontro\u00bb \u00e9 o tema para um dia de encontro, a 24 de setembro, em Leiria<\/p>\n","protected":false},"author":5,"featured_media":434652,"comment_status":"closed","ping_status":"closed","sticky":false,"template":"","format":"standard","meta":{"site-sidebar-layout":"default","site-content-layout":"","ast-site-content-layout":"default","site-content-style":"default","site-sidebar-style":"default","ast-global-header-display":"","ast-banner-title-visibility":"","ast-main-header-display":"","ast-hfb-above-header-display":"","ast-hfb-below-header-display":"","ast-hfb-mobile-header-display":"","site-post-title":"","ast-breadcrumbs-content":"","ast-featured-img":"","footer-sml-layout":"","ast-disable-related-posts":"","theme-transparent-header-meta":"default","adv-header-id-meta":"","stick-header-meta":"default","header-above-stick-meta":"","header-main-stick-meta":"","header-below-stick-meta":"","astra-migrate-meta-layouts":"set","ast-page-background-enabled":"default","ast-page-background-meta":{"desktop":{"background-color":"var(--ast-global-color-4)","background-image":"","background-repeat":"repeat","background-position":"center center","background-size":"auto","background-attachment":"scroll","background-type":"","background-media":"","overlay-type":"","overlay-color":"","overlay-opacity":"","overlay-gradient":""},"tablet":{"background-color":"","background-image":"","background-repeat":"repeat","background-position":"center center","background-size":"auto","background-attachment":"scroll","background-type":"","background-media":"","overlay-type":"","overlay-color":"","overlay-opacity":"","overlay-gradient":""},"mobile":{"background-color":"","background-image":"","background-repeat":"repeat","background-position":"center center","background-size":"auto","background-attachment":"scroll","background-type":"","background-media":"","overlay-type":"","overlay-color":"","overlay-opacity":"","overlay-gradient":""}},"ast-content-background-meta":{"desktop":{"background-color":"var(--ast-global-color-5)","background-image":"","background-repeat":"repeat","background-position":"center center","background-size":"auto","background-attachment":"scroll","background-type":"","background-media":"","overlay-type":"","overlay-color":"","overlay-opacity":"","overlay-gradient":""},"tablet":{"background-color":"var(--ast-global-color-5)","background-image":"","background-repeat":"repeat","background-position":"center center","background-size":"auto","background-attachment":"scroll","background-type":"","background-media":"","overlay-type":"","overlay-color":"","overlay-opacity":"","overlay-gradient":""},"mobile":{"background-color":"var(--ast-global-color-5)","background-image":"","background-repeat":"repeat","background-position":"center center","background-size":"auto","background-attachment":"scroll","background-type":"","background-media":"","overlay-type":"","overlay-color":"","overlay-opacity":"","overlay-gradient":""}},"footnotes":""},"categories":[58,3],"tags":[140],"class_list":["post-440454","post","type-post","status-publish","format-standard","has-post-thumbnail","hentry","category-caixa1","category-nacional","tag-comunicacoes-sociais"],"_links":{"self":[{"href":"https:\/\/agencia.ecclesia.pt\/portal\/wp-json\/wp\/v2\/posts\/440454","targetHints":{"allow":["GET"]}}],"collection":[{"href":"https:\/\/agencia.ecclesia.pt\/portal\/wp-json\/wp\/v2\/posts"}],"about":[{"href":"https:\/\/agencia.ecclesia.pt\/portal\/wp-json\/wp\/v2\/types\/post"}],"author":[{"embeddable":true,"href":"https:\/\/agencia.ecclesia.pt\/portal\/wp-json\/wp\/v2\/users\/5"}],"replies":[{"embeddable":true,"href":"https:\/\/agencia.ecclesia.pt\/portal\/wp-json\/wp\/v2\/comments?post=440454"}],"version-history":[{"count":6,"href":"https:\/\/agencia.ecclesia.pt\/portal\/wp-json\/wp\/v2\/posts\/440454\/revisions"}],"predecessor-version":[{"id":440473,"href":"https:\/\/agencia.ecclesia.pt\/portal\/wp-json\/wp\/v2\/posts\/440454\/revisions\/440473"}],"wp:featuredmedia":[{"embeddable":true,"href":"https:\/\/agencia.ecclesia.pt\/portal\/wp-json\/wp\/v2\/media\/434652"}],"wp:attachment":[{"href":"https:\/\/agencia.ecclesia.pt\/portal\/wp-json\/wp\/v2\/media?parent=440454"}],"wp:term":[{"taxonomy":"category","embeddable":true,"href":"https:\/\/agencia.ecclesia.pt\/portal\/wp-json\/wp\/v2\/categories?post=440454"},{"taxonomy":"post_tag","embeddable":true,"href":"https:\/\/agencia.ecclesia.pt\/portal\/wp-json\/wp\/v2\/tags?post=440454"}],"curies":[{"name":"wp","href":"https:\/\/api.w.org\/{rel}","templated":true}]}}