{"id":440446,"date":"2026-09-02T16:36:51","date_gmt":"2026-09-02T15:36:51","guid":{"rendered":"https:\/\/agencia.ecclesia.pt\/portal\/?p=440446"},"modified":"2026-09-02T16:36:51","modified_gmt":"2026-09-02T15:36:51","slug":"cinfaes-associacao-caminhando-com-d-antonio-francisco-dos-santos-quer-criar-um-museu-na-casa-do-antigo-bispo-do-porto","status":"publish","type":"post","link":"https:\/\/agencia.ecclesia.pt\/portal\/cinfaes-associacao-caminhando-com-d-antonio-francisco-dos-santos-quer-criar-um-museu-na-casa-do-antigo-bispo-do-porto\/","title":{"rendered":"Cinf\u00e3es: Associa\u00e7\u00e3o \u00abCaminhando com D. Ant\u00f3nio Francisco dos Santos\u00bb quer criar um museu na casa do antigo bispo do Porto"},"content":{"rendered":"<p style=\"font-weight: 400;\"><em>\u00abMovidos pelo Amor de Deus. N\u00e3o devemos ter medo da Bondade\u00bb foi o lema do primeiro encontro\u00a0<\/em><\/p>\n<p><!--more--><\/p>\n<figure id=\"attachment_440448\" aria-describedby=\"caption-attachment-440448\" style=\"width: 400px\" class=\"wp-caption alignright\"><a href=\"https:\/\/agencia.ecclesia.pt\/portal\/wp-content\/uploads\/2026\/09\/Associacao-Caminhando-com-D-Antonio-Francisco-dos-Santos-2.jpg\"><img fetchpriority=\"high\" decoding=\"async\" class=\"wp-image-440448 size-medium\" src=\"https:\/\/agencia.ecclesia.pt\/portal\/wp-content\/uploads\/2026\/09\/Associacao-Caminhando-com-D-Antonio-Francisco-dos-Santos-2-400x267.jpg\" alt=\"\" width=\"400\" height=\"267\" srcset=\"https:\/\/agencia.ecclesia.pt\/portal\/wp-content\/uploads\/2026\/09\/Associacao-Caminhando-com-D-Antonio-Francisco-dos-Santos-2-400x267.jpg 400w, https:\/\/agencia.ecclesia.pt\/portal\/wp-content\/uploads\/2026\/09\/Associacao-Caminhando-com-D-Antonio-Francisco-dos-Santos-2-1024x683.jpg 1024w, https:\/\/agencia.ecclesia.pt\/portal\/wp-content\/uploads\/2026\/09\/Associacao-Caminhando-com-D-Antonio-Francisco-dos-Santos-2-768x512.jpg 768w, https:\/\/agencia.ecclesia.pt\/portal\/wp-content\/uploads\/2026\/09\/Associacao-Caminhando-com-D-Antonio-Francisco-dos-Santos-2-391x260.jpg 391w, https:\/\/agencia.ecclesia.pt\/portal\/wp-content\/uploads\/2026\/09\/Associacao-Caminhando-com-D-Antonio-Francisco-dos-Santos-2.jpg 1200w\" sizes=\"(max-width: 400px) 100vw, 400px\" \/><\/a><figcaption id=\"caption-attachment-440448\" class=\"wp-caption-text\">Foto Associa\u00e7\u00e3o Caminhando com D. Ant\u00f3nio Francisco dos Santos<\/figcaption><\/figure>\n<p style=\"font-weight: 400;\">Cinf\u00e3es, 02 set 2026 (Ecclesia) \u2013 A Associa\u00e7\u00e3o \u2018Caminhando com D. Ant\u00f3nio Francisco dos Santos\u2019 realizou o primeiro encontro no dia 29 de agosto, data de nascimento do antigo bispo do Porto.<\/p>\n<p style=\"font-weight: 400;\">\u201cAos presentes foi apresentada a Associa\u00e7\u00e3o \u2018Caminhando com D. Ant\u00f3nio Francisco dos Santos\u2019, seus fins e o objetivo imediato, a recupera\u00e7\u00e3o da casa do sr. D. Ant\u00f3nio em Mourelos, tendo em vista a cria\u00e7\u00e3o de uma casa museu\u201d, afirma um comunicado do padre Adriano Pereira, da Diocese de Lamego, enviado \u00e0 Ag\u00eancia ECCLESIA.<\/p>\n<p style=\"font-weight: 400;\">Natural de Mourelos, na par\u00f3quia de Tendais, em Cinf\u00e3es, D. Ant\u00f3nio Francisco dos Santos faleceu repentinamente no dia 11 de setembro de 2017, na Casa Episcopal da Diocese do Porto, onde era bispo diocesano desde 2014.<\/p>\n<p style=\"font-weight: 400;\">A Associa\u00e7\u00e3o \u2018Caminhando com D. Ant\u00f3nio Francisco dos Santos\u2019 surgiu como resposta ao reconhecimento jur\u00eddico de \u201cuma a\u00e7\u00e3o j\u00e1 desenvolvida de forma espont\u00e2nea por amigos e admiradores de D. Ant\u00f3nio, com o objetivo de manter vivo o testemunho de vida e miss\u00e3o que deixou\u201d.<\/p>\n<p style=\"font-weight: 400;\">O primeiro encontro desta associa\u00e7\u00e3o quis assinalar \u201co in\u00edcio de um caminho que se pretende continuar e fortalecer, mantendo vivo o seu testemunho de vida e de miss\u00e3o\u201d.<\/p>\n<p style=\"font-weight: 400;\">Com o lema \u201cMovidos pelo Amor de Deus. N\u00e3o devemos ter medo da Bondade\u201d, o encontro da associa\u00e7\u00e3o partilhou as iniciativas que tem em curso, nomeadamente transformar a casa do antigo bispo do Porto em museu e a angaria\u00e7\u00e3o de s\u00f3cios efetivos.<\/p>\n<p style=\"font-weight: 400;\">De acordo com o comunicado, no contexto do encontro \u201cfoi poss\u00edvel concretizar v\u00e1rias dezenas de inscri\u00e7\u00f5es, mas s\u00e3o precisas muitas mais\u201d.<\/p>\n<p style=\"font-weight: 400;\">\u201cEstamos confiantes que v\u00e3o surgir \u00e0 medida que a mensagem vai passando\u201d, acrescenta o comunicado sobre o encontro, onde esteve presente o presidente da C\u00e2mara Municipal e da Assembleia Municipal de Cinf\u00e3es.<\/p>\n<p style=\"font-weight: 400;\">No primeiro encontro da associa\u00e7\u00e3o \u2018Caminhando com D. Ant\u00f3nio Francisco dos Santos\u2019, o c\u00f3nego Jo\u00e3o Carlos, vig\u00e1rio-geral da Diocese de Lamego, presidiu a uma Eucaristia, na Igreja Matriz de Cinf\u00e3es.<\/p>\n<div id='gallery-1' class='gallery galleryid-440446 gallery-columns-3 gallery-size-medium'><figure class='gallery-item'>\n\t\t\t<div class='gallery-icon landscape'>\n\t\t\t\t<a href='https:\/\/agencia.ecclesia.pt\/portal\/wp-content\/uploads\/2026\/09\/Associacao-Caminhando-Com-D-Antonio-Francisco-dos-Santos.jpg'><img decoding=\"async\" width=\"400\" height=\"267\" src=\"https:\/\/agencia.ecclesia.pt\/portal\/wp-content\/uploads\/2026\/09\/Associacao-Caminhando-Com-D-Antonio-Francisco-dos-Santos-400x267.jpg\" class=\"attachment-medium size-medium\" alt=\"\" aria-describedby=\"gallery-1-440449\" srcset=\"https:\/\/agencia.ecclesia.pt\/portal\/wp-content\/uploads\/2026\/09\/Associacao-Caminhando-Com-D-Antonio-Francisco-dos-Santos-400x267.jpg 400w, https:\/\/agencia.ecclesia.pt\/portal\/wp-content\/uploads\/2026\/09\/Associacao-Caminhando-Com-D-Antonio-Francisco-dos-Santos-1024x683.jpg 1024w, https:\/\/agencia.ecclesia.pt\/portal\/wp-content\/uploads\/2026\/09\/Associacao-Caminhando-Com-D-Antonio-Francisco-dos-Santos-768x512.jpg 768w, https:\/\/agencia.ecclesia.pt\/portal\/wp-content\/uploads\/2026\/09\/Associacao-Caminhando-Com-D-Antonio-Francisco-dos-Santos-391x260.jpg 391w, https:\/\/agencia.ecclesia.pt\/portal\/wp-content\/uploads\/2026\/09\/Associacao-Caminhando-Com-D-Antonio-Francisco-dos-Santos.jpg 1200w\" sizes=\"(max-width: 400px) 100vw, 400px\" \/><\/a>\n\t\t\t<\/div>\n\t\t\t\t<figcaption class='wp-caption-text gallery-caption' id='gallery-1-440449'>\n\t\t\t\tFoto Associa\u00e7\u00e3o Caminhando com D. Ant\u00f3nio Francisco dos Santos\n\t\t\t\t<\/figcaption><\/figure><figure class='gallery-item'>\n\t\t\t<div class='gallery-icon landscape'>\n\t\t\t\t<a href='https:\/\/agencia.ecclesia.pt\/portal\/wp-content\/uploads\/2026\/09\/Associacao-Caminhando-com-D-Antonio-Francisco-dos-Santos-3.jpg'><img decoding=\"async\" width=\"400\" height=\"268\" src=\"https:\/\/agencia.ecclesia.pt\/portal\/wp-content\/uploads\/2026\/09\/Associacao-Caminhando-com-D-Antonio-Francisco-dos-Santos-3-400x268.jpg\" class=\"attachment-medium size-medium\" alt=\"\" aria-describedby=\"gallery-1-440447\" srcset=\"https:\/\/agencia.ecclesia.pt\/portal\/wp-content\/uploads\/2026\/09\/Associacao-Caminhando-com-D-Antonio-Francisco-dos-Santos-3-400x268.jpg 400w, https:\/\/agencia.ecclesia.pt\/portal\/wp-content\/uploads\/2026\/09\/Associacao-Caminhando-com-D-Antonio-Francisco-dos-Santos-3-1024x685.jpg 1024w, https:\/\/agencia.ecclesia.pt\/portal\/wp-content\/uploads\/2026\/09\/Associacao-Caminhando-com-D-Antonio-Francisco-dos-Santos-3-768x514.jpg 768w, https:\/\/agencia.ecclesia.pt\/portal\/wp-content\/uploads\/2026\/09\/Associacao-Caminhando-com-D-Antonio-Francisco-dos-Santos-3.jpg 1494w\" sizes=\"(max-width: 400px) 100vw, 400px\" \/><\/a>\n\t\t\t<\/div>\n\t\t\t\t<figcaption class='wp-caption-text gallery-caption' id='gallery-1-440447'>\n\t\t\t\tFoto Associa\u00e7\u00e3o Caminhando com D. Ant\u00f3nio Francisco dos Santos\n\t\t\t\t<\/figcaption><\/figure>\n\t\t<\/div>\n\n<p style=\"font-weight: 400;\"><em>PR<\/em><\/p>\n","protected":false},"excerpt":{"rendered":"<p>\u00abMovidos pelo Amor de Deus. N\u00e3o devemos ter medo da Bondade\u00bb foi o lema do primeiro encontro\u00a0<\/p>\n","protected":false},"author":5,"featured_media":440448,"comment_status":"closed","ping_status":"closed","sticky":false,"template":"","format":"standard","meta":{"site-sidebar-layout":"default","site-content-layout":"","ast-site-content-layout":"default","site-content-style":"default","site-sidebar-style":"default","ast-global-header-display":"","ast-banner-title-visibility":"","ast-main-header-display":"","ast-hfb-above-header-display":"","ast-hfb-below-header-display":"","ast-hfb-mobile-header-display":"","site-post-title":"","ast-breadcrumbs-content":"","ast-featured-img":"","footer-sml-layout":"","ast-disable-related-posts":"","theme-transparent-header-meta":"default","adv-header-id-meta":"","stick-header-meta":"default","header-above-stick-meta":"","header-main-stick-meta":"","header-below-stick-meta":"","astra-migrate-meta-layouts":"set","ast-page-background-enabled":"default","ast-page-background-meta":{"desktop":{"background-color":"var(--ast-global-color-4)","background-image":"","background-repeat":"repeat","background-position":"center center","background-size":"auto","background-attachment":"scroll","background-type":"","background-media":"","overlay-type":"","overlay-color":"","overlay-opacity":"","overlay-gradient":""},"tablet":{"background-color":"","background-image":"","background-repeat":"repeat","background-position":"center center","background-size":"auto","background-attachment":"scroll","background-type":"","background-media":"","overlay-type":"","overlay-color":"","overlay-opacity":"","overlay-gradient":""},"mobile":{"background-color":"","background-image":"","background-repeat":"repeat","background-position":"center center","background-size":"auto","background-attachment":"scroll","background-type":"","background-media":"","overlay-type":"","overlay-color":"","overlay-opacity":"","overlay-gradient":""}},"ast-content-background-meta":{"desktop":{"background-color":"var(--ast-global-color-5)","background-image":"","background-repeat":"repeat","background-position":"center center","background-size":"auto","background-attachment":"scroll","background-type":"","background-media":"","overlay-type":"","overlay-color":"","overlay-opacity":"","overlay-gradient":""},"tablet":{"background-color":"var(--ast-global-color-5)","background-image":"","background-repeat":"repeat","background-position":"center center","background-size":"auto","background-attachment":"scroll","background-type":"","background-media":"","overlay-type":"","overlay-color":"","overlay-opacity":"","overlay-gradient":""},"mobile":{"background-color":"var(--ast-global-color-5)","background-image":"","background-repeat":"repeat","background-position":"center center","background-size":"auto","background-attachment":"scroll","background-type":"","background-media":"","overlay-type":"","overlay-color":"","overlay-opacity":"","overlay-gradient":""}},"footnotes":""},"categories":[89,3],"tags":[],"class_list":["post-440446","post","type-post","status-publish","format-standard","has-post-thumbnail","hentry","category-destaque2","category-nacional"],"_links":{"self":[{"href":"https:\/\/agencia.ecclesia.pt\/portal\/wp-json\/wp\/v2\/posts\/440446","targetHints":{"allow":["GET"]}}],"collection":[{"href":"https:\/\/agencia.ecclesia.pt\/portal\/wp-json\/wp\/v2\/posts"}],"about":[{"href":"https:\/\/agencia.ecclesia.pt\/portal\/wp-json\/wp\/v2\/types\/post"}],"author":[{"embeddable":true,"href":"https:\/\/agencia.ecclesia.pt\/portal\/wp-json\/wp\/v2\/users\/5"}],"replies":[{"embeddable":true,"href":"https:\/\/agencia.ecclesia.pt\/portal\/wp-json\/wp\/v2\/comments?post=440446"}],"version-history":[{"count":1,"href":"https:\/\/agencia.ecclesia.pt\/portal\/wp-json\/wp\/v2\/posts\/440446\/revisions"}],"predecessor-version":[{"id":440451,"href":"https:\/\/agencia.ecclesia.pt\/portal\/wp-json\/wp\/v2\/posts\/440446\/revisions\/440451"}],"wp:featuredmedia":[{"embeddable":true,"href":"https:\/\/agencia.ecclesia.pt\/portal\/wp-json\/wp\/v2\/media\/440448"}],"wp:attachment":[{"href":"https:\/\/agencia.ecclesia.pt\/portal\/wp-json\/wp\/v2\/media?parent=440446"}],"wp:term":[{"taxonomy":"category","embeddable":true,"href":"https:\/\/agencia.ecclesia.pt\/portal\/wp-json\/wp\/v2\/categories?post=440446"},{"taxonomy":"post_tag","embeddable":true,"href":"https:\/\/agencia.ecclesia.pt\/portal\/wp-json\/wp\/v2\/tags?post=440446"}],"curies":[{"name":"wp","href":"https:\/\/api.w.org\/{rel}","templated":true}]}}