{"id":440438,"date":"2026-09-02T16:02:21","date_gmt":"2026-09-02T15:02:21","guid":{"rendered":"https:\/\/agencia.ecclesia.pt\/portal\/?p=440438"},"modified":"2026-09-02T16:02:21","modified_gmt":"2026-09-02T15:02:21","slug":"jerusalem-patriarca-latino-cria-forum-inter-religioso-para-travar-linguagem-envenenada-pela-violencia","status":"publish","type":"post","link":"https:\/\/agencia.ecclesia.pt\/portal\/jerusalem-patriarca-latino-cria-forum-inter-religioso-para-travar-linguagem-envenenada-pela-violencia\/","title":{"rendered":"Jerusal\u00e9m: Patriarca Latino cria f\u00f3rum inter-religioso para travar linguagem \u00abenvenenada\u00bb pela viol\u00eancia"},"content":{"rendered":"<p><em>Projeto vai ser desenvolvido em parceria com o centro acad\u00e9mico da Universidade de Notre Dame<\/em><!--more--><\/p>\n<figure id=\"attachment_440432\" aria-describedby=\"caption-attachment-440432\" style=\"width: 1920px\" class=\"wp-caption alignnone\"><img fetchpriority=\"high\" decoding=\"async\" class=\"wp-image-440432 size-full\" src=\"https:\/\/agencia.ecclesia.pt\/portal\/wp-content\/uploads\/2026\/09\/DOC.20260902.47702291.13206617.jpg\" alt=\"\" width=\"1920\" height=\"1280\" srcset=\"https:\/\/agencia.ecclesia.pt\/portal\/wp-content\/uploads\/2026\/09\/DOC.20260902.47702291.13206617.jpg 1920w, https:\/\/agencia.ecclesia.pt\/portal\/wp-content\/uploads\/2026\/09\/DOC.20260902.47702291.13206617-400x267.jpg 400w, https:\/\/agencia.ecclesia.pt\/portal\/wp-content\/uploads\/2026\/09\/DOC.20260902.47702291.13206617-1024x683.jpg 1024w, https:\/\/agencia.ecclesia.pt\/portal\/wp-content\/uploads\/2026\/09\/DOC.20260902.47702291.13206617-768x512.jpg 768w, https:\/\/agencia.ecclesia.pt\/portal\/wp-content\/uploads\/2026\/09\/DOC.20260902.47702291.13206617-391x260.jpg 391w, https:\/\/agencia.ecclesia.pt\/portal\/wp-content\/uploads\/2026\/09\/DOC.20260902.47702291.13206617-1536x1024.jpg 1536w\" sizes=\"(max-width: 1920px) 100vw, 1920px\" \/><figcaption id=\"caption-attachment-440432\" class=\"wp-caption-text\">Foto: Lusa\/EPA<\/figcaption><\/figure>\n<p>Jerusal\u00e9m, 02 set 2026 (Ecclesia) \u2013 O patriarca latino de Jerusal\u00e9m, cardeal Pierbattista Pizzaballa, vai lan\u00e7ar no dia 7 de setembro o f\u00f3rum internacional \u00abWithin Your Gates\u00bb (Dentro das Tuas Portas), uma iniciativa de investiga\u00e7\u00e3o para resgatar a voca\u00e7\u00e3o universal da cidade.<\/p>\n<p>Desenvolvido em parceria com o centro acad\u00e9mico da Universidade de Notre Dame em Jerusal\u00e9m, o projeto vai reunir especialistas de diferentes religi\u00f5es para projetar um futuro melhor para todos os habitantes da Terra Santa.<\/p>\n<p>Numa carta aberta divulgada a prop\u00f3sito do lan\u00e7amento, o cardeal Pizzaballa adverte que a viol\u00eancia que engoliu a regi\u00e3o &#8220;fez mais do que destruir vidas e lares&#8221;, tendo &#8220;envenenado a pr\u00f3pria linguagem&#8221;.<\/p>\n<p>&#8220;Quando a linguagem falha, segue-se o sil\u00eancio \u2014 e, nesse sil\u00eancio, a viol\u00eancia grita a sua linguagem brutal&#8221;, lamenta o respons\u00e1vel cat\u00f3lico perante o esvaziamento quotidiano de palavras como &#8220;paz&#8221;, &#8220;coexist\u00eancia&#8221; e &#8220;di\u00e1logo&#8221;.<\/p>\n<p>O novo espa\u00e7o de debate n\u00e3o procura produzir &#8220;mais uma condena\u00e7\u00e3o ou an\u00e1lise&#8221;, mas &#8220;recuperar a b\u00fassola&#8221; perdida atrav\u00e9s de conversas corajosas e totalmente imunes a interesses ou agendas pol\u00edticas.<\/p>\n<p><img decoding=\"async\" class=\"size-medium wp-image-440434 alignright\" src=\"https:\/\/agencia.ecclesia.pt\/portal\/wp-content\/uploads\/2026\/09\/slide-within-your-gates-400x267.jpg\" alt=\"\" width=\"400\" height=\"267\" srcset=\"https:\/\/agencia.ecclesia.pt\/portal\/wp-content\/uploads\/2026\/09\/slide-within-your-gates-400x267.jpg 400w, https:\/\/agencia.ecclesia.pt\/portal\/wp-content\/uploads\/2026\/09\/slide-within-your-gates-1024x682.jpg 1024w, https:\/\/agencia.ecclesia.pt\/portal\/wp-content\/uploads\/2026\/09\/slide-within-your-gates-768x512.jpg 768w, https:\/\/agencia.ecclesia.pt\/portal\/wp-content\/uploads\/2026\/09\/slide-within-your-gates-391x260.jpg 391w, https:\/\/agencia.ecclesia.pt\/portal\/wp-content\/uploads\/2026\/09\/slide-within-your-gates.jpg 1301w\" sizes=\"(max-width: 400px) 100vw, 400px\" \/>A plataforma de investiga\u00e7\u00e3o aplicada ser\u00e1 dirigida pelo investigador Daniel Schwake e assume-se como uma estrutura independente das institui\u00e7\u00f5es da Igreja, apesar de assentar num alicerce baseado na f\u00e9.<\/p>\n<p>As portas do projeto est\u00e3o abertas a mu\u00e7ulmanos, judeus, crist\u00e3os e n\u00e3o-crentes, convocando te\u00f3logos, polit\u00f3logos, historiadores e arquitetos para refletirem sobre os problemas concretos do quotidiano.<\/p>\n<p>O cardeal italiano sublinha que as portas de Jerusal\u00e9m &#8220;n\u00e3o foram constru\u00eddas para defesa&#8221;, mas para estabelecer um modo de vida acolhedor orientado para &#8220;o estrangeiro e o peregrino&#8221;.<\/p>\n<p>&#8220;N\u00e3o h\u00e1 monop\u00f3lio aqui; todos pertencemos a Jerusal\u00e9m&#8221;, defende D. Pierbattista Pizzaballa, rejeitando a ideia de que a complexidade cultural e religiosa da cidade constitua um obst\u00e1culo.<\/p>\n<p>A miss\u00e3o terrena de Jerusal\u00e9m, conclui o patriarca latino, \u00e9 assumir-se como &#8220;imagem e espelho&#8221; da reconcilia\u00e7\u00e3o universal que &#8220;Deus deseja para toda a fam\u00edlia humana&#8221;.<\/p>\n<p><em>OC<\/em><\/p>\n","protected":false},"excerpt":{"rendered":"<p>Projeto vai ser desenvolvido em parceria com o centro acad\u00e9mico da Universidade de Notre Dame<\/p>\n","protected":false},"author":2,"featured_media":440432,"comment_status":"closed","ping_status":"closed","sticky":false,"template":"","format":"standard","meta":{"site-sidebar-layout":"default","site-content-layout":"","ast-site-content-layout":"default","site-content-style":"default","site-sidebar-style":"default","ast-global-header-display":"","ast-banner-title-visibility":"","ast-main-header-display":"","ast-hfb-above-header-display":"","ast-hfb-below-header-display":"","ast-hfb-mobile-header-display":"","site-post-title":"","ast-breadcrumbs-content":"","ast-featured-img":"","footer-sml-layout":"","ast-disable-related-posts":"","theme-transparent-header-meta":"default","adv-header-id-meta":"","stick-header-meta":"default","header-above-stick-meta":"","header-main-stick-meta":"","header-below-stick-meta":"","astra-migrate-meta-layouts":"set","ast-page-background-enabled":"default","ast-page-background-meta":{"desktop":{"background-color":"var(--ast-global-color-4)","background-image":"","background-repeat":"repeat","background-position":"center center","background-size":"auto","background-attachment":"scroll","background-type":"","background-media":"","overlay-type":"","overlay-color":"","overlay-opacity":"","overlay-gradient":""},"tablet":{"background-color":"","background-image":"","background-repeat":"repeat","background-position":"center center","background-size":"auto","background-attachment":"scroll","background-type":"","background-media":"","overlay-type":"","overlay-color":"","overlay-opacity":"","overlay-gradient":""},"mobile":{"background-color":"","background-image":"","background-repeat":"repeat","background-position":"center center","background-size":"auto","background-attachment":"scroll","background-type":"","background-media":"","overlay-type":"","overlay-color":"","overlay-opacity":"","overlay-gradient":""}},"ast-content-background-meta":{"desktop":{"background-color":"var(--ast-global-color-5)","background-image":"","background-repeat":"repeat","background-position":"center center","background-size":"auto","background-attachment":"scroll","background-type":"","background-media":"","overlay-type":"","overlay-color":"","overlay-opacity":"","overlay-gradient":""},"tablet":{"background-color":"var(--ast-global-color-5)","background-image":"","background-repeat":"repeat","background-position":"center center","background-size":"auto","background-attachment":"scroll","background-type":"","background-media":"","overlay-type":"","overlay-color":"","overlay-opacity":"","overlay-gradient":""},"mobile":{"background-color":"var(--ast-global-color-5)","background-image":"","background-repeat":"repeat","background-position":"center center","background-size":"auto","background-attachment":"scroll","background-type":"","background-media":"","overlay-type":"","overlay-color":"","overlay-opacity":"","overlay-gradient":""}},"footnotes":""},"categories":[56,4],"tags":[167,317],"class_list":["post-440438","post","type-post","status-publish","format-standard","has-post-thumbnail","hentry","category-destaque","category-internacional","tag-dialogo-inter-religioso","tag-terra-santa"],"_links":{"self":[{"href":"https:\/\/agencia.ecclesia.pt\/portal\/wp-json\/wp\/v2\/posts\/440438","targetHints":{"allow":["GET"]}}],"collection":[{"href":"https:\/\/agencia.ecclesia.pt\/portal\/wp-json\/wp\/v2\/posts"}],"about":[{"href":"https:\/\/agencia.ecclesia.pt\/portal\/wp-json\/wp\/v2\/types\/post"}],"author":[{"embeddable":true,"href":"https:\/\/agencia.ecclesia.pt\/portal\/wp-json\/wp\/v2\/users\/2"}],"replies":[{"embeddable":true,"href":"https:\/\/agencia.ecclesia.pt\/portal\/wp-json\/wp\/v2\/comments?post=440438"}],"version-history":[{"count":1,"href":"https:\/\/agencia.ecclesia.pt\/portal\/wp-json\/wp\/v2\/posts\/440438\/revisions"}],"predecessor-version":[{"id":440440,"href":"https:\/\/agencia.ecclesia.pt\/portal\/wp-json\/wp\/v2\/posts\/440438\/revisions\/440440"}],"wp:featuredmedia":[{"embeddable":true,"href":"https:\/\/agencia.ecclesia.pt\/portal\/wp-json\/wp\/v2\/media\/440432"}],"wp:attachment":[{"href":"https:\/\/agencia.ecclesia.pt\/portal\/wp-json\/wp\/v2\/media?parent=440438"}],"wp:term":[{"taxonomy":"category","embeddable":true,"href":"https:\/\/agencia.ecclesia.pt\/portal\/wp-json\/wp\/v2\/categories?post=440438"},{"taxonomy":"post_tag","embeddable":true,"href":"https:\/\/agencia.ecclesia.pt\/portal\/wp-json\/wp\/v2\/tags?post=440438"}],"curies":[{"name":"wp","href":"https:\/\/api.w.org\/{rel}","templated":true}]}}