{"id":440431,"date":"2026-09-02T15:44:21","date_gmt":"2026-09-02T14:44:21","guid":{"rendered":"https:\/\/agencia.ecclesia.pt\/portal\/?p=440431"},"modified":"2026-09-02T15:44:21","modified_gmt":"2026-09-02T14:44:21","slug":"nigeria-bispos-catolicos-apelam-ao-fim-da-violencia-apos-massacres-em-borgu-e-ukum","status":"publish","type":"post","link":"https:\/\/agencia.ecclesia.pt\/portal\/nigeria-bispos-catolicos-apelam-ao-fim-da-violencia-apos-massacres-em-borgu-e-ukum\/","title":{"rendered":"Nig\u00e9ria: Bispos cat\u00f3licos apelam ao fim da viol\u00eancia ap\u00f3s massacres em Borgu e Ukum"},"content":{"rendered":"<p><em>\u00abUm ataque a qualquer local de culto \u00e9 um ataque \u00e0 nossa humanidade coletiva\u00bb, refere nota da confer\u00eancia episcopal, em solidariedade com as v\u00edtimas mu\u00e7ulmanas<\/em><!--more--><\/p>\n<figure id=\"attachment_440433\" aria-describedby=\"caption-attachment-440433\" style=\"width: 1200px\" class=\"wp-caption alignnone\"><img fetchpriority=\"high\" decoding=\"async\" class=\"wp-image-440433 size-full\" src=\"https:\/\/agencia.ecclesia.pt\/portal\/wp-content\/uploads\/2026\/09\/nigeria_Ais.jpg\" alt=\"\" width=\"1200\" height=\"675\" srcset=\"https:\/\/agencia.ecclesia.pt\/portal\/wp-content\/uploads\/2026\/09\/nigeria_Ais.jpg 1200w, https:\/\/agencia.ecclesia.pt\/portal\/wp-content\/uploads\/2026\/09\/nigeria_Ais-400x225.jpg 400w, https:\/\/agencia.ecclesia.pt\/portal\/wp-content\/uploads\/2026\/09\/nigeria_Ais-1024x576.jpg 1024w, https:\/\/agencia.ecclesia.pt\/portal\/wp-content\/uploads\/2026\/09\/nigeria_Ais-768x432.jpg 768w\" sizes=\"(max-width: 1200px) 100vw, 1200px\" \/><figcaption id=\"caption-attachment-440433\" class=\"wp-caption-text\">Foto: Funda\u00e7\u00e3o AIS<\/figcaption><\/figure>\n<p>Lisboa, 02 set 2026 (Ecclesia) \u2013 A Confer\u00eancia Episcopal da Nig\u00e9ria lan\u00e7ou um apelo veemente \u00e0 paz e \u00e0 interven\u00e7\u00e3o das autoridades, na sequ\u00eancia dos recentes massacres e sequestros que vitimaram dezenas de pessoas nas regi\u00f5es de Borgu e Ukum.<\/p>\n<p>&#8220;As l\u00e1grimas das fam\u00edlias enlutadas no N\u00edger, em Benue e em todas as zonas geopol\u00edticas da Nig\u00e9ria devem preocupar-vos o suficiente para que fa\u00e7am tudo o que for poss\u00edvel para p\u00f4r fim a esta carnificina na nossa terra&#8221;, sustentam os respons\u00e1veis cat\u00f3licos.<\/p>\n<p>No Estado do N\u00edger (Borgu), suspeitos de milit\u00e2ncia jihadista raptaram mais de 60 fi\u00e9is numa mesquita; no Estado de Benue (Ukum), um ataque atribu\u00eddo a grupos armados de pastores da etnia fulani resultou no homic\u00eddio de 47 cidad\u00e3os e em 17 feridos graves, informa a Funda\u00e7\u00e3o Ajuda \u00e0 Igreja que Sofre (AIS), em comunicado enviado hoje \u00e0 Ag\u00eancia ECCLESIA.<\/p>\n<p>Os bispos cat\u00f3licos manifestaram a sua &#8220;firme solidariedade&#8221; para com a comunidade isl\u00e2mica, sublinhando que, no caso de Borgu, tanto os agressores como as v\u00edtimas eram mu\u00e7ulmanos.<\/p>\n<p>&#8220;Um ataque a qualquer local de culto \u00e9 um ataque \u00e0 nossa humanidade coletiva&#8221;, assinala a declara\u00e7\u00e3o assinada por D. Matthew Man-Oso Ndagoso, arcebispo de Kaduna e presidente do episcopado nigeriano.<\/p>\n<p>Os bispos cat\u00f3licos exortam o Governo a implementar &#8220;medidas de seguran\u00e7a proativas e baseadas em informa\u00e7\u00f5es de intelig\u00eancia&#8221; para neutralizar os focos de criminalidade e travar a impunidade, levando os autores \u00e0 justi\u00e7a.<\/p>\n<p>O documento dirige-se tamb\u00e9m diretamente aos respons\u00e1veis pelos ataques \u2013 &#8220;bandidos, terroristas, sequestradores e aos seus patrocinadores&#8221; \u2013, exigindo o arrependimento, o fim do derramamento de sangue e o respeito pela santidade da vida.<\/p>\n<p>&#8220;A vida humana pertence apenas a Deus, e nenhuma causa justifica esta crueldade. N\u00e3o se pode construir um futuro sobre as l\u00e1grimas de pessoas inocentes&#8221;, adverte a nota dos bispos, apelando a que deponham as armas &#8220;antes que o julgamento divino&#8221; os alcance.<\/p>\n<p>A Nig\u00e9ria enfrenta um clima prolongado de instabilidade, marcado por raptos para resgate, viol\u00eancia extremista no norte e conflitos por pastagens no chamado \u00abCintur\u00e3o M\u00e9dio\u00bb entre pastores n\u00f3madas e agricultores sedent\u00e1rios.<\/p>\n<p>A Funda\u00e7\u00e3o AIS colabora estreitamente com a Igreja Cat\u00f3lica local para apoiar os milhares de deslocados internos, tendo recentemente financiado a reconstru\u00e7\u00e3o da aldeia de Adama Dutse, destru\u00edda por ataques armados, o que permitiu o regresso da popula\u00e7\u00e3o \u00e0s suas terras.<\/p>\n<p><em>OC<\/em><\/p>\n","protected":false},"excerpt":{"rendered":"<p>\u00abUm ataque a qualquer local de culto \u00e9 um ataque \u00e0 nossa humanidade coletiva\u00bb, refere nota da confer\u00eancia episcopal, em solidariedade com as v\u00edtimas mu\u00e7ulmanas<\/p>\n","protected":false},"author":2,"featured_media":440433,"comment_status":"closed","ping_status":"closed","sticky":false,"template":"","format":"standard","meta":{"site-sidebar-layout":"default","site-content-layout":"","ast-site-content-layout":"default","site-content-style":"default","site-sidebar-style":"default","ast-global-header-display":"","ast-banner-title-visibility":"","ast-main-header-display":"","ast-hfb-above-header-display":"","ast-hfb-below-header-display":"","ast-hfb-mobile-header-display":"","site-post-title":"","ast-breadcrumbs-content":"","ast-featured-img":"","footer-sml-layout":"","ast-disable-related-posts":"","theme-transparent-header-meta":"default","adv-header-id-meta":"","stick-header-meta":"default","header-above-stick-meta":"","header-main-stick-meta":"","header-below-stick-meta":"","astra-migrate-meta-layouts":"set","ast-page-background-enabled":"default","ast-page-background-meta":{"desktop":{"background-color":"var(--ast-global-color-4)","background-image":"","background-repeat":"repeat","background-position":"center center","background-size":"auto","background-attachment":"scroll","background-type":"","background-media":"","overlay-type":"","overlay-color":"","overlay-opacity":"","overlay-gradient":""},"tablet":{"background-color":"","background-image":"","background-repeat":"repeat","background-position":"center center","background-size":"auto","background-attachment":"scroll","background-type":"","background-media":"","overlay-type":"","overlay-color":"","overlay-opacity":"","overlay-gradient":""},"mobile":{"background-color":"","background-image":"","background-repeat":"repeat","background-position":"center center","background-size":"auto","background-attachment":"scroll","background-type":"","background-media":"","overlay-type":"","overlay-color":"","overlay-opacity":"","overlay-gradient":""}},"ast-content-background-meta":{"desktop":{"background-color":"var(--ast-global-color-5)","background-image":"","background-repeat":"repeat","background-position":"center center","background-size":"auto","background-attachment":"scroll","background-type":"","background-media":"","overlay-type":"","overlay-color":"","overlay-opacity":"","overlay-gradient":""},"tablet":{"background-color":"var(--ast-global-color-5)","background-image":"","background-repeat":"repeat","background-position":"center center","background-size":"auto","background-attachment":"scroll","background-type":"","background-media":"","overlay-type":"","overlay-color":"","overlay-opacity":"","overlay-gradient":""},"mobile":{"background-color":"var(--ast-global-color-5)","background-image":"","background-repeat":"repeat","background-position":"center center","background-size":"auto","background-attachment":"scroll","background-type":"","background-media":"","overlay-type":"","overlay-color":"","overlay-opacity":"","overlay-gradient":""}},"footnotes":""},"categories":[56,4],"tags":[215,589],"class_list":["post-440431","post","type-post","status-publish","format-standard","has-post-thumbnail","hentry","category-destaque","category-internacional","tag-fundacao-ais","tag-nigeria"],"_links":{"self":[{"href":"https:\/\/agencia.ecclesia.pt\/portal\/wp-json\/wp\/v2\/posts\/440431","targetHints":{"allow":["GET"]}}],"collection":[{"href":"https:\/\/agencia.ecclesia.pt\/portal\/wp-json\/wp\/v2\/posts"}],"about":[{"href":"https:\/\/agencia.ecclesia.pt\/portal\/wp-json\/wp\/v2\/types\/post"}],"author":[{"embeddable":true,"href":"https:\/\/agencia.ecclesia.pt\/portal\/wp-json\/wp\/v2\/users\/2"}],"replies":[{"embeddable":true,"href":"https:\/\/agencia.ecclesia.pt\/portal\/wp-json\/wp\/v2\/comments?post=440431"}],"version-history":[{"count":1,"href":"https:\/\/agencia.ecclesia.pt\/portal\/wp-json\/wp\/v2\/posts\/440431\/revisions"}],"predecessor-version":[{"id":440436,"href":"https:\/\/agencia.ecclesia.pt\/portal\/wp-json\/wp\/v2\/posts\/440431\/revisions\/440436"}],"wp:featuredmedia":[{"embeddable":true,"href":"https:\/\/agencia.ecclesia.pt\/portal\/wp-json\/wp\/v2\/media\/440433"}],"wp:attachment":[{"href":"https:\/\/agencia.ecclesia.pt\/portal\/wp-json\/wp\/v2\/media?parent=440431"}],"wp:term":[{"taxonomy":"category","embeddable":true,"href":"https:\/\/agencia.ecclesia.pt\/portal\/wp-json\/wp\/v2\/categories?post=440431"},{"taxonomy":"post_tag","embeddable":true,"href":"https:\/\/agencia.ecclesia.pt\/portal\/wp-json\/wp\/v2\/tags?post=440431"}],"curies":[{"name":"wp","href":"https:\/\/api.w.org\/{rel}","templated":true}]}}