{"id":440413,"date":"2026-09-02T13:15:42","date_gmt":"2026-09-02T12:15:42","guid":{"rendered":"https:\/\/agencia.ecclesia.pt\/portal\/?p=440413"},"modified":"2026-09-02T13:15:56","modified_gmt":"2026-09-02T12:15:56","slug":"angola-bispos-condenam-violencia-partidaria-no-uige-e-cazombo","status":"publish","type":"post","link":"https:\/\/agencia.ecclesia.pt\/portal\/angola-bispos-condenam-violencia-partidaria-no-uige-e-cazombo\/","title":{"rendered":"Angola: Bispos condenam viol\u00eancia partid\u00e1ria no U\u00edge e Cazombo"},"content":{"rendered":"<p><em>Confer\u00eancia Episcopal apela \u00e0 a\u00e7\u00e3o do MPLA e UNITA, defendendo \u00abmecanismos c\u00e9leres e funcionais de resolu\u00e7\u00e3o de conflitos\u00bb<\/em><!--more--><\/p>\n<p><img fetchpriority=\"high\" decoding=\"async\" class=\"alignnone wp-image-440414 size-full\" src=\"https:\/\/agencia.ecclesia.pt\/portal\/wp-content\/uploads\/2026\/09\/jorono-flag-2690820_1920.jpg\" alt=\"\" width=\"1920\" height=\"1440\" srcset=\"https:\/\/agencia.ecclesia.pt\/portal\/wp-content\/uploads\/2026\/09\/jorono-flag-2690820_1920.jpg 1920w, https:\/\/agencia.ecclesia.pt\/portal\/wp-content\/uploads\/2026\/09\/jorono-flag-2690820_1920-373x280.jpg 373w, https:\/\/agencia.ecclesia.pt\/portal\/wp-content\/uploads\/2026\/09\/jorono-flag-2690820_1920-1024x768.jpg 1024w, https:\/\/agencia.ecclesia.pt\/portal\/wp-content\/uploads\/2026\/09\/jorono-flag-2690820_1920-768x576.jpg 768w, https:\/\/agencia.ecclesia.pt\/portal\/wp-content\/uploads\/2026\/09\/jorono-flag-2690820_1920-1536x1152.jpg 1536w\" sizes=\"(max-width: 1920px) 100vw, 1920px\" \/><\/p>\n<p>Luanda, 02 set 2026 (Ecclesia) \u2013 A Confer\u00eancia Episcopal de Angola e S\u00e3o Tom\u00e9 (CEAST) manifestou &#8220;total repulsa&#8221; pelos incidentes de intoler\u00e2ncia pol\u00edtica e viol\u00eancia registados durante o m\u00eas de agosto em v\u00e1rias localidades angolanas.<\/p>\n<p>\u201cChocam-nos profundamente os recentes acontecimentos que tiveram lugar no corrente m\u00eas no U\u00edge, no Cazombo e outros similares, mesmo se nem todos tivessem beneficiado do mesmo destaque nos meios de comunica\u00e7\u00e3o social. Estes acontecimentos chocantes tornam clara a urg\u00eancia de eliminarmos as suas causas ou, pelo menos, de prevenir que se repitam\u201d, referem os bispos cat\u00f3licos, numa nota pastoral datada de 31 de agosto.<\/p>\n<p>Os confrontos f\u00edsicos envolveram militantes do MPLA e da UNITA e resultaram em \u201cem ferimentos graves e trag\u00e9dias humanas\u201d, destacam os respons\u00e1veis cat\u00f3licos, que expressam &#8220;profunda preocupa\u00e7\u00e3o&#8221; perante a escalada de tens\u00e3o no pa\u00eds.<\/p>\n<p>Na prov\u00edncia do U\u00edge, a viol\u00eancia deflagrou quando os simpatizantes da UNITA tentavam realizar um ato pol\u00edtico para assinalar o anivers\u00e1rio do partido.<\/p>\n<p>Estes epis\u00f3dios, adverte a CEAST, \u201ctornam clara a urg\u00eancia de eliminar as suas causas ou, pelo menos, de prevenir que se repitam\u201d.<\/p>\n<p>A declara\u00e7\u00e3o, assinada pelo presidente da CEAST, D. Jos\u00e9 Manuel Imbamba, dirige um apelo direto \u00e0s for\u00e7as pol\u00edticas, &#8220;em especial ao MPLA e UNITA&#8221;, para que estabele\u00e7am &#8220;mecanismos c\u00e9leres e funcionais de resolu\u00e7\u00e3o de conflitos&#8221; em todos os munic\u00edpios e prov\u00edncias.<\/p>\n<p>\u201cPedimos \u00e0s autoridades e a todos os envolvidos que, guiados pelo esp\u00edrito de justi\u00e7a restaurativa, n\u00e3o me\u00e7am esfor\u00e7os para mitigar os impactos desses acontecimentos e as feridas abertas\u201d, acrescenta o texto.<\/p>\n<p>O episcopado destaca que este modelo de justi\u00e7a &#8220;absorve e ultrapassa a lei positiva&#8221;, na medida em que procura retirar &#8220;li\u00e7\u00f5es dos acontecimentos&#8221; para reverter o percurso de viol\u00eancia e construir a &#8220;paz social&#8221;.<\/p>\n<p>Apesar do cen\u00e1rio de crispa\u00e7\u00e3o, os respons\u00e1veis cat\u00f3licos reconhecem que o povo angolano tem vindo a progredir no &#8220;conv\u00edvio como irm\u00e3os&#8221; e admitem que o passado do pa\u00eds &#8220;j\u00e1 foi mais sombrio do que o nosso presente&#8221;.<\/p>\n<p>A nota pastoral, intitulada \u2018A justi\u00e7a semeia-se na paz, pelos obreiros da paz\u2019, conclui que a urg\u00eancia de eliminar as ra\u00edzes destes conflitos obriga a uma reconcilia\u00e7\u00e3o alargada.<\/p>\n<p><em>OC<\/em><\/p>\n","protected":false},"excerpt":{"rendered":"<p>Confer\u00eancia Episcopal apela \u00e0 a\u00e7\u00e3o do MPLA e UNITA, defendendo \u00abmecanismos c\u00e9leres e funcionais de resolu\u00e7\u00e3o de conflitos\u00bb<\/p>\n","protected":false},"author":2,"featured_media":440414,"comment_status":"closed","ping_status":"closed","sticky":false,"template":"","format":"standard","meta":{"site-sidebar-layout":"default","site-content-layout":"","ast-site-content-layout":"default","site-content-style":"default","site-sidebar-style":"default","ast-global-header-display":"","ast-banner-title-visibility":"","ast-main-header-display":"","ast-hfb-above-header-display":"","ast-hfb-below-header-display":"","ast-hfb-mobile-header-display":"","site-post-title":"","ast-breadcrumbs-content":"","ast-featured-img":"","footer-sml-layout":"","ast-disable-related-posts":"","theme-transparent-header-meta":"default","adv-header-id-meta":"","stick-header-meta":"default","header-above-stick-meta":"","header-main-stick-meta":"","header-below-stick-meta":"","astra-migrate-meta-layouts":"set","ast-page-background-enabled":"default","ast-page-background-meta":{"desktop":{"background-color":"var(--ast-global-color-4)","background-image":"","background-repeat":"repeat","background-position":"center center","background-size":"auto","background-attachment":"scroll","background-type":"","background-media":"","overlay-type":"","overlay-color":"","overlay-opacity":"","overlay-gradient":""},"tablet":{"background-color":"","background-image":"","background-repeat":"repeat","background-position":"center center","background-size":"auto","background-attachment":"scroll","background-type":"","background-media":"","overlay-type":"","overlay-color":"","overlay-opacity":"","overlay-gradient":""},"mobile":{"background-color":"","background-image":"","background-repeat":"repeat","background-position":"center center","background-size":"auto","background-attachment":"scroll","background-type":"","background-media":"","overlay-type":"","overlay-color":"","overlay-opacity":"","overlay-gradient":""}},"ast-content-background-meta":{"desktop":{"background-color":"var(--ast-global-color-5)","background-image":"","background-repeat":"repeat","background-position":"center center","background-size":"auto","background-attachment":"scroll","background-type":"","background-media":"","overlay-type":"","overlay-color":"","overlay-opacity":"","overlay-gradient":""},"tablet":{"background-color":"var(--ast-global-color-5)","background-image":"","background-repeat":"repeat","background-position":"center center","background-size":"auto","background-attachment":"scroll","background-type":"","background-media":"","overlay-type":"","overlay-color":"","overlay-opacity":"","overlay-gradient":""},"mobile":{"background-color":"var(--ast-global-color-5)","background-image":"","background-repeat":"repeat","background-position":"center center","background-size":"auto","background-attachment":"scroll","background-type":"","background-media":"","overlay-type":"","overlay-color":"","overlay-opacity":"","overlay-gradient":""}},"footnotes":""},"categories":[56,4],"tags":[106],"class_list":["post-440413","post","type-post","status-publish","format-standard","has-post-thumbnail","hentry","category-destaque","category-internacional","tag-angola"],"_links":{"self":[{"href":"https:\/\/agencia.ecclesia.pt\/portal\/wp-json\/wp\/v2\/posts\/440413","targetHints":{"allow":["GET"]}}],"collection":[{"href":"https:\/\/agencia.ecclesia.pt\/portal\/wp-json\/wp\/v2\/posts"}],"about":[{"href":"https:\/\/agencia.ecclesia.pt\/portal\/wp-json\/wp\/v2\/types\/post"}],"author":[{"embeddable":true,"href":"https:\/\/agencia.ecclesia.pt\/portal\/wp-json\/wp\/v2\/users\/2"}],"replies":[{"embeddable":true,"href":"https:\/\/agencia.ecclesia.pt\/portal\/wp-json\/wp\/v2\/comments?post=440413"}],"version-history":[{"count":2,"href":"https:\/\/agencia.ecclesia.pt\/portal\/wp-json\/wp\/v2\/posts\/440413\/revisions"}],"predecessor-version":[{"id":440418,"href":"https:\/\/agencia.ecclesia.pt\/portal\/wp-json\/wp\/v2\/posts\/440413\/revisions\/440418"}],"wp:featuredmedia":[{"embeddable":true,"href":"https:\/\/agencia.ecclesia.pt\/portal\/wp-json\/wp\/v2\/media\/440414"}],"wp:attachment":[{"href":"https:\/\/agencia.ecclesia.pt\/portal\/wp-json\/wp\/v2\/media?parent=440413"}],"wp:term":[{"taxonomy":"category","embeddable":true,"href":"https:\/\/agencia.ecclesia.pt\/portal\/wp-json\/wp\/v2\/categories?post=440413"},{"taxonomy":"post_tag","embeddable":true,"href":"https:\/\/agencia.ecclesia.pt\/portal\/wp-json\/wp\/v2\/tags?post=440413"}],"curies":[{"name":"wp","href":"https:\/\/api.w.org\/{rel}","templated":true}]}}