{"id":440403,"date":"2026-09-02T12:54:08","date_gmt":"2026-09-02T11:54:08","guid":{"rendered":"https:\/\/agencia.ecclesia.pt\/portal\/?p=440403"},"modified":"2026-09-02T12:54:08","modified_gmt":"2026-09-02T11:54:08","slug":"vaticano-leao-xiv-critica-ilusao-de-que-a-guerra-e-uma-forma-eficaz-de-construir-a-paz","status":"publish","type":"post","link":"https:\/\/agencia.ecclesia.pt\/portal\/vaticano-leao-xiv-critica-ilusao-de-que-a-guerra-e-uma-forma-eficaz-de-construir-a-paz\/","title":{"rendered":"Vaticano: Le\u00e3o XIV critica \u00abilus\u00e3o de que a guerra \u00e9 uma forma eficaz de construir a paz\u00bb"},"content":{"rendered":"<p><em>Papa apela \u00e0 interven\u00e7\u00e3o dos cat\u00f3licos perante injusti\u00e7as e \u00abdesequil\u00edbrios\u00bb do mundo<\/em><!--more--><\/p>\n<figure id=\"attachment_440404\" aria-describedby=\"caption-attachment-440404\" style=\"width: 1920px\" class=\"wp-caption alignnone\"><img fetchpriority=\"high\" decoding=\"async\" class=\"wp-image-440404 size-full\" src=\"https:\/\/agencia.ecclesia.pt\/portal\/wp-content\/uploads\/2026\/09\/DOC.20260902.47700900.13206170.jpg\" alt=\"\" width=\"1920\" height=\"1280\" srcset=\"https:\/\/agencia.ecclesia.pt\/portal\/wp-content\/uploads\/2026\/09\/DOC.20260902.47700900.13206170.jpg 1920w, https:\/\/agencia.ecclesia.pt\/portal\/wp-content\/uploads\/2026\/09\/DOC.20260902.47700900.13206170-400x267.jpg 400w, https:\/\/agencia.ecclesia.pt\/portal\/wp-content\/uploads\/2026\/09\/DOC.20260902.47700900.13206170-1024x683.jpg 1024w, https:\/\/agencia.ecclesia.pt\/portal\/wp-content\/uploads\/2026\/09\/DOC.20260902.47700900.13206170-768x512.jpg 768w, https:\/\/agencia.ecclesia.pt\/portal\/wp-content\/uploads\/2026\/09\/DOC.20260902.47700900.13206170-391x260.jpg 391w, https:\/\/agencia.ecclesia.pt\/portal\/wp-content\/uploads\/2026\/09\/DOC.20260902.47700900.13206170-1536x1024.jpg 1536w\" sizes=\"(max-width: 1920px) 100vw, 1920px\" \/><figcaption id=\"caption-attachment-440404\" class=\"wp-caption-text\">Foto: Lusa\/EPA<\/figcaption><\/figure>\n<p>Cidade do Vaticano, 02 set 2026 (Ecclesia) \u2013 O Papa alertou hoje para as contradi\u00e7\u00f5es de um mundo que promove a guerra com a justifica\u00e7\u00e3o de \u201cconstruir a paz\u201d, apelando ao compromisso dos cat\u00f3licos em favor da justi\u00e7a.<\/p>\n<p>\u201cH\u00e1 uma consci\u00eancia partilhada de que est\u00e1 em jogo o futuro do planeta e, ao mesmo tempo, a incapacidade de renunciar ao consumo ego\u00edsta e \u00e0 ilus\u00e3o de que a guerra \u00e9 uma forma eficaz de construir a paz\u201d, referiu, durante a audi\u00eancia p\u00fablica semanal que decorreu na Pra\u00e7a de S\u00e3o Pedro.<\/p>\n<p>Le\u00e3o XIV iniciou um ciclo dedicado \u00e0 Constitui\u00e7\u00e3o Pastoral \u2018Gaudium et spes\u2019, do Conc\u00edlio Vaticano II, sobre \u201ca rela\u00e7\u00e3o da Igreja com o mundo contempor\u00e2neo\u201d.<\/p>\n<p>\u201c\u00c9 uma partilha que nos chama a sair de toda a passividade e indiferen\u00e7a perante os acontecimentos, a hist\u00f3ria e a vida das pessoas, sobretudo perante a mudan\u00e7a r\u00e1pida e profunda que hoje experimentamos\u201d, apontou aos participantes na audi\u00eancia geral.<\/p>\n<blockquote><p>N\u00e3o \u00e9 poss\u00edvel permanecer espectadores desinteressados, \u00e9 necess\u00e1rio, pelo contr\u00e1rio, escutar com o cora\u00e7\u00e3o, deixar-se interpelar, deixar-se envolver. Com Cristo e amparados pela for\u00e7a do seu Esp\u00edrito, os crentes s\u00e3o chamados a assumir as dificuldades dos irm\u00e3os, sobretudo daqueles que s\u00e3o esmagados pela injusti\u00e7a, pela discrimina\u00e7\u00e3o, pela viol\u00eancia.\u201d<\/p><\/blockquote>\n<p>Segundo o Papa, o documento conciliar n\u00e3o reflete um &#8220;ing\u00e9nuo otimismo&#8221;, mas traduz uma &#8220;renovada fidelidade ao Mist\u00e9rio de Cristo&#8221;, que encarnou para partilhar as tristezas e esperan\u00e7as da condi\u00e7\u00e3o humana.<\/p>\n<p>\u201cA partilha crist\u00e3 compromete a assumir a realidade e tamb\u00e9m a desmascarar as contradi\u00e7\u00f5es que caracterizam a vida pessoal e social do mundo contempor\u00e2neo: por exemplo, um progresso cient\u00edfico e tecnol\u00f3gico, que oferece sempre novas possibilidades, mas apenas a alguns\u201d, sustentou.<\/p>\n<p>Le\u00e3o XIV apontou o desafio de servir o ser humano face aos &#8220;preocupantes desequil\u00edbrios&#8221; globais, apontando Jesus Cristo como &#8220;a chave, o centro e o fim de toda a hist\u00f3ria humana&#8221;.<\/p>\n<p>\u201cCaros irm\u00e3os e irm\u00e3s, que a alegria e a esperan\u00e7a \u2013\u00a0<em>gaudium et spes<\/em>\u00a0\u2013 sejam os tra\u00e7os distintivos de uma Igreja que anuncia e testemunha o Evangelho, fazendo-se pr\u00f3xima das mulheres e dos homens do nosso tempo\u201d, desejou.<\/p>\n<p>Ap\u00f3s a catequese, o Papa deixou uma sauda\u00e7\u00e3o aos peregrinos de l\u00edngua portuguesa provenientes de Portugal e do Brasil, aos quais garantiu que nenhuma das suas \u201cleg\u00edtimas aspira\u00e7\u00f5es\u201d escapa &#8220;\u00e0 aten\u00e7\u00e3o e ao cuidado pastoral da Igreja&#8221;.<\/p>\n<p><em>OC<\/em><\/p>\n","protected":false},"excerpt":{"rendered":"<p>Papa apela \u00e0 interven\u00e7\u00e3o dos cat\u00f3licos perante injusti\u00e7as e \u00abdesequil\u00edbrios\u00bb do mundo<\/p>\n","protected":false},"author":2,"featured_media":440404,"comment_status":"closed","ping_status":"closed","sticky":false,"template":"","format":"standard","meta":{"site-sidebar-layout":"default","site-content-layout":"","ast-site-content-layout":"default","site-content-style":"default","site-sidebar-style":"default","ast-global-header-display":"","ast-banner-title-visibility":"","ast-main-header-display":"","ast-hfb-above-header-display":"","ast-hfb-below-header-display":"","ast-hfb-mobile-header-display":"","site-post-title":"","ast-breadcrumbs-content":"","ast-featured-img":"","footer-sml-layout":"","ast-disable-related-posts":"","theme-transparent-header-meta":"default","adv-header-id-meta":"","stick-header-meta":"default","header-above-stick-meta":"","header-main-stick-meta":"","header-below-stick-meta":"","astra-migrate-meta-layouts":"set","ast-page-background-enabled":"default","ast-page-background-meta":{"desktop":{"background-color":"var(--ast-global-color-4)","background-image":"","background-repeat":"repeat","background-position":"center center","background-size":"auto","background-attachment":"scroll","background-type":"","background-media":"","overlay-type":"","overlay-color":"","overlay-opacity":"","overlay-gradient":""},"tablet":{"background-color":"","background-image":"","background-repeat":"repeat","background-position":"center center","background-size":"auto","background-attachment":"scroll","background-type":"","background-media":"","overlay-type":"","overlay-color":"","overlay-opacity":"","overlay-gradient":""},"mobile":{"background-color":"","background-image":"","background-repeat":"repeat","background-position":"center center","background-size":"auto","background-attachment":"scroll","background-type":"","background-media":"","overlay-type":"","overlay-color":"","overlay-opacity":"","overlay-gradient":""}},"ast-content-background-meta":{"desktop":{"background-color":"var(--ast-global-color-5)","background-image":"","background-repeat":"repeat","background-position":"center center","background-size":"auto","background-attachment":"scroll","background-type":"","background-media":"","overlay-type":"","overlay-color":"","overlay-opacity":"","overlay-gradient":""},"tablet":{"background-color":"var(--ast-global-color-5)","background-image":"","background-repeat":"repeat","background-position":"center center","background-size":"auto","background-attachment":"scroll","background-type":"","background-media":"","overlay-type":"","overlay-color":"","overlay-opacity":"","overlay-gradient":""},"mobile":{"background-color":"var(--ast-global-color-5)","background-image":"","background-repeat":"repeat","background-position":"center center","background-size":"auto","background-attachment":"scroll","background-type":"","background-media":"","overlay-type":"","overlay-color":"","overlay-opacity":"","overlay-gradient":""}},"footnotes":""},"categories":[1019,5],"tags":[144,974],"class_list":["post-440403","post","type-post","status-publish","format-standard","has-post-thumbnail","hentry","category-manchete-ultimas","category-vaticano","tag-concilio-vaticano-ii","tag-leao-xiv"],"_links":{"self":[{"href":"https:\/\/agencia.ecclesia.pt\/portal\/wp-json\/wp\/v2\/posts\/440403","targetHints":{"allow":["GET"]}}],"collection":[{"href":"https:\/\/agencia.ecclesia.pt\/portal\/wp-json\/wp\/v2\/posts"}],"about":[{"href":"https:\/\/agencia.ecclesia.pt\/portal\/wp-json\/wp\/v2\/types\/post"}],"author":[{"embeddable":true,"href":"https:\/\/agencia.ecclesia.pt\/portal\/wp-json\/wp\/v2\/users\/2"}],"replies":[{"embeddable":true,"href":"https:\/\/agencia.ecclesia.pt\/portal\/wp-json\/wp\/v2\/comments?post=440403"}],"version-history":[{"count":1,"href":"https:\/\/agencia.ecclesia.pt\/portal\/wp-json\/wp\/v2\/posts\/440403\/revisions"}],"predecessor-version":[{"id":440407,"href":"https:\/\/agencia.ecclesia.pt\/portal\/wp-json\/wp\/v2\/posts\/440403\/revisions\/440407"}],"wp:featuredmedia":[{"embeddable":true,"href":"https:\/\/agencia.ecclesia.pt\/portal\/wp-json\/wp\/v2\/media\/440404"}],"wp:attachment":[{"href":"https:\/\/agencia.ecclesia.pt\/portal\/wp-json\/wp\/v2\/media?parent=440403"}],"wp:term":[{"taxonomy":"category","embeddable":true,"href":"https:\/\/agencia.ecclesia.pt\/portal\/wp-json\/wp\/v2\/categories?post=440403"},{"taxonomy":"post_tag","embeddable":true,"href":"https:\/\/agencia.ecclesia.pt\/portal\/wp-json\/wp\/v2\/tags?post=440403"}],"curies":[{"name":"wp","href":"https:\/\/api.w.org\/{rel}","templated":true}]}}