{"id":440382,"date":"2026-09-01T17:53:44","date_gmt":"2026-09-01T16:53:44","guid":{"rendered":"https:\/\/agencia.ecclesia.pt\/portal\/?p=440382"},"modified":"2026-09-01T18:14:26","modified_gmt":"2026-09-01T17:14:26","slug":"igreja-ambiente-papa-defende-modo-silencioso-perante-agitacao-quotidiana","status":"publish","type":"post","link":"https:\/\/agencia.ecclesia.pt\/portal\/igreja-ambiente-papa-defende-modo-silencioso-perante-agitacao-quotidiana\/","title":{"rendered":"Igreja\/Ambiente: Papa defende \u00abmodo silencioso\u00bb perante agita\u00e7\u00e3o quotidiana"},"content":{"rendered":"<p><em>Le\u00e3o XIV presidiu \u00e0 Missa em Castel Gandolfo, no Dia Mundial de Ora\u00e7\u00e3o pelo Cuidado da Cria\u00e7\u00e3o<\/em><!--more--><\/p>\n<figure id=\"attachment_440394\" aria-describedby=\"caption-attachment-440394\" style=\"width: 1920px\" class=\"wp-caption alignnone\"><img fetchpriority=\"high\" decoding=\"async\" class=\"wp-image-440394 size-full\" src=\"https:\/\/agencia.ecclesia.pt\/portal\/wp-content\/uploads\/2026\/09\/missa_criacao_2026_VMb.jpg\" alt=\"\" width=\"1920\" height=\"1080\" srcset=\"https:\/\/agencia.ecclesia.pt\/portal\/wp-content\/uploads\/2026\/09\/missa_criacao_2026_VMb.jpg 1920w, https:\/\/agencia.ecclesia.pt\/portal\/wp-content\/uploads\/2026\/09\/missa_criacao_2026_VMb-400x225.jpg 400w, https:\/\/agencia.ecclesia.pt\/portal\/wp-content\/uploads\/2026\/09\/missa_criacao_2026_VMb-1024x576.jpg 1024w, https:\/\/agencia.ecclesia.pt\/portal\/wp-content\/uploads\/2026\/09\/missa_criacao_2026_VMb-768x432.jpg 768w, https:\/\/agencia.ecclesia.pt\/portal\/wp-content\/uploads\/2026\/09\/missa_criacao_2026_VMb-1536x864.jpg 1536w\" sizes=\"(max-width: 1920px) 100vw, 1920px\" \/><figcaption id=\"caption-attachment-440394\" class=\"wp-caption-text\">Foto: Vatican Media<\/figcaption><\/figure>\n<p>Castel Gandolfo, It\u00e1lia, 01 set 2026 (Ecclesia) \u2013 O Papa apelou hoje a uma pausa na agita\u00e7\u00e3o das atividades quotidianas, para contemplar a harmonia da natureza e escutar a voz de Deus, durante a Missa do Dia Mundial de Ora\u00e7\u00e3o pelo Cuidado da Cria\u00e7\u00e3o.<\/p>\n<p>&#8220;Reservemos alguns minutos de pausa na agita\u00e7\u00e3o das atividades quotidianas para saborear a grande harmonia da qual fazemos parte. Coloquemos em &#8216;modo silencioso&#8217; todos os ru\u00eddos das obras humanas para ouvir a voz melodiosa da cria\u00e7\u00e3o, na qual Deus, autor de todas as coisas, nos fala&#8221;, pediu Le\u00e3o XIV, na homilia da Eucaristia a que presidiu no \u2018Borgo Laudato Si\u2019, da resid\u00eancia pontif\u00edcia de Castel Gandolfo, arredores de Roma.<\/p>\n<p>Citando a mensagem que escreveu para esta jornada, o pont\u00edfice apelou a uma \u201caut\u00eantica convers\u00e3o ecol\u00f3gica\u201d, na qual o encontro com Jesus Cristo transforme a rela\u00e7\u00e3o de cada um com o mundo.<\/p>\n<p>Segundo o Papa, a reflex\u00e3o sobre as maravilhas naturais desperta a consci\u00eancia da &#8220;responsabilidade pessoal e coletiva no cuidado da harmonia original&#8221;.<\/p>\n<p>\u201cDa tomada de consci\u00eancia das nossas falhas e erros, nasce um esfor\u00e7o renovado para restaurar as rela\u00e7\u00f5es entre as criaturas segundo a vontade do seu autor\u201d, acrescentou.<\/p>\n<p>Le\u00e3o XIV destacou que o \u201cTempo da Cria\u00e7\u00e3o\u2019, iniciativa ecum\u00e9nica e ecol\u00f3gica que mobiliza milh\u00f5es de crist\u00e3os, desafia a sociedade a transformar o mal em vida, redirecionando o que tem sido utilizado para a destrui\u00e7\u00e3o &#8220;para o cuidado dos pobres, para a alimenta\u00e7\u00e3o dos famintos e para a salvaguarda da cria\u00e7\u00e3o&#8221;.<\/p>\n<p>As v\u00e1rias celebra\u00e7\u00f5es de ora\u00e7\u00e3o e a\u00e7\u00e3o ecol\u00f3gica prolongam-se at\u00e9 ao pr\u00f3ximo dia 4 de outubro, data em que se assinala, este ano, o oitavo centen\u00e1rio do falecimento de S\u00e3o Francisco de Assis.<\/p>\n<p>&#8220;Com S\u00e3o Francisco, queremos renovar o nosso compromisso de viver e promover aquela fraternidade universal que est\u00e1 inseparavelmente ligada ao dever de cuidar da cria\u00e7\u00e3o&#8221;, concluiu o Papa, ap\u00f3s invocar as estrofes do C\u00e2ntico das Criaturas.<\/p>\n<p>A celebra\u00e7\u00e3o seguiu o formul\u00e1rio da Missa pela Cust\u00f3dia da Cria\u00e7\u00e3o, divulgado em julho de 2025, fruto do percurso partilhado entre o Dicast\u00e9rio para o Servi\u00e7o do Desenvolvimento Humano Integral, o Dicast\u00e9rio para o Culto Divino e a Disciplina dos Sacramentos, o Dicast\u00e9rio para a Doutrina da F\u00e9 e o Dicast\u00e9rio para a Promo\u00e7\u00e3o da Unidade dos Crist\u00e3os, da Santa S\u00e9.<\/p>\n<p><em>OC<\/em><\/p>\n<blockquote class=\"wp-embedded-content\" data-secret=\"1jXLXRPgQh\"><p><a href=\"https:\/\/agencia.ecclesia.pt\/portal\/igreja-ambiente-a-guerra-deixa-uma-destruicao-social-e-ecologica-que-perdura-geracoes-afirma-o-papa\/\">Igreja\/Ambiente: A guerra deixa \u00abuma destrui\u00e7\u00e3o social e ecol\u00f3gica que perdura gera\u00e7\u00f5es\u00bb<\/a><\/p><\/blockquote>\n<p><iframe class=\"wp-embedded-content\" sandbox=\"allow-scripts\" security=\"restricted\" style=\"position: absolute; visibility: hidden;\" title=\"\u201cIgreja\/Ambiente: A guerra deixa \u00abuma destrui\u00e7\u00e3o social e ecol\u00f3gica que perdura gera\u00e7\u00f5es\u00bb\u201d \u2014 Ag\u00eancia ECCLESIA\" src=\"https:\/\/agencia.ecclesia.pt\/portal\/igreja-ambiente-a-guerra-deixa-uma-destruicao-social-e-ecologica-que-perdura-geracoes-afirma-o-papa\/embed\/#?secret=4vOTqv3BMW#?secret=1jXLXRPgQh\" data-secret=\"1jXLXRPgQh\" width=\"500\" height=\"282\" frameborder=\"0\" marginwidth=\"0\" marginheight=\"0\" scrolling=\"no\"><\/iframe><\/p>\n","protected":false},"excerpt":{"rendered":"<p>Le\u00e3o XIV presidiu \u00e0 Missa em Castel Gandolfo, no Dia Mundial de Ora\u00e7\u00e3o pelo Cuidado da Cria\u00e7\u00e3o<\/p>\n","protected":false},"author":2,"featured_media":440394,"comment_status":"closed","ping_status":"closed","sticky":false,"template":"","format":"standard","meta":{"site-sidebar-layout":"default","site-content-layout":"","ast-site-content-layout":"default","site-content-style":"default","site-sidebar-style":"default","ast-global-header-display":"","ast-banner-title-visibility":"","ast-main-header-display":"","ast-hfb-above-header-display":"","ast-hfb-below-header-display":"","ast-hfb-mobile-header-display":"","site-post-title":"","ast-breadcrumbs-content":"","ast-featured-img":"","footer-sml-layout":"","ast-disable-related-posts":"","theme-transparent-header-meta":"default","adv-header-id-meta":"","stick-header-meta":"default","header-above-stick-meta":"","header-main-stick-meta":"","header-below-stick-meta":"","astra-migrate-meta-layouts":"set","ast-page-background-enabled":"default","ast-page-background-meta":{"desktop":{"background-color":"var(--ast-global-color-4)","background-image":"","background-repeat":"repeat","background-position":"center center","background-size":"auto","background-attachment":"scroll","background-type":"","background-media":"","overlay-type":"","overlay-color":"","overlay-opacity":"","overlay-gradient":""},"tablet":{"background-color":"","background-image":"","background-repeat":"repeat","background-position":"center center","background-size":"auto","background-attachment":"scroll","background-type":"","background-media":"","overlay-type":"","overlay-color":"","overlay-opacity":"","overlay-gradient":""},"mobile":{"background-color":"","background-image":"","background-repeat":"repeat","background-position":"center center","background-size":"auto","background-attachment":"scroll","background-type":"","background-media":"","overlay-type":"","overlay-color":"","overlay-opacity":"","overlay-gradient":""}},"ast-content-background-meta":{"desktop":{"background-color":"var(--ast-global-color-5)","background-image":"","background-repeat":"repeat","background-position":"center center","background-size":"auto","background-attachment":"scroll","background-type":"","background-media":"","overlay-type":"","overlay-color":"","overlay-opacity":"","overlay-gradient":""},"tablet":{"background-color":"var(--ast-global-color-5)","background-image":"","background-repeat":"repeat","background-position":"center center","background-size":"auto","background-attachment":"scroll","background-type":"","background-media":"","overlay-type":"","overlay-color":"","overlay-opacity":"","overlay-gradient":""},"mobile":{"background-color":"var(--ast-global-color-5)","background-image":"","background-repeat":"repeat","background-position":"center center","background-size":"auto","background-attachment":"scroll","background-type":"","background-media":"","overlay-type":"","overlay-color":"","overlay-opacity":"","overlay-gradient":""}},"footnotes":""},"categories":[1020,4],"tags":[414,192,974],"class_list":["post-440382","post","type-post","status-publish","format-standard","has-post-thumbnail","hentry","category-manchete-ultimas2","category-internacional","tag-ecologia","tag-ecumenismo","tag-leao-xiv"],"_links":{"self":[{"href":"https:\/\/agencia.ecclesia.pt\/portal\/wp-json\/wp\/v2\/posts\/440382","targetHints":{"allow":["GET"]}}],"collection":[{"href":"https:\/\/agencia.ecclesia.pt\/portal\/wp-json\/wp\/v2\/posts"}],"about":[{"href":"https:\/\/agencia.ecclesia.pt\/portal\/wp-json\/wp\/v2\/types\/post"}],"author":[{"embeddable":true,"href":"https:\/\/agencia.ecclesia.pt\/portal\/wp-json\/wp\/v2\/users\/2"}],"replies":[{"embeddable":true,"href":"https:\/\/agencia.ecclesia.pt\/portal\/wp-json\/wp\/v2\/comments?post=440382"}],"version-history":[{"count":3,"href":"https:\/\/agencia.ecclesia.pt\/portal\/wp-json\/wp\/v2\/posts\/440382\/revisions"}],"predecessor-version":[{"id":440396,"href":"https:\/\/agencia.ecclesia.pt\/portal\/wp-json\/wp\/v2\/posts\/440382\/revisions\/440396"}],"wp:featuredmedia":[{"embeddable":true,"href":"https:\/\/agencia.ecclesia.pt\/portal\/wp-json\/wp\/v2\/media\/440394"}],"wp:attachment":[{"href":"https:\/\/agencia.ecclesia.pt\/portal\/wp-json\/wp\/v2\/media?parent=440382"}],"wp:term":[{"taxonomy":"category","embeddable":true,"href":"https:\/\/agencia.ecclesia.pt\/portal\/wp-json\/wp\/v2\/categories?post=440382"},{"taxonomy":"post_tag","embeddable":true,"href":"https:\/\/agencia.ecclesia.pt\/portal\/wp-json\/wp\/v2\/tags?post=440382"}],"curies":[{"name":"wp","href":"https:\/\/api.w.org\/{rel}","templated":true}]}}