{"id":440367,"date":"2026-09-01T15:41:57","date_gmt":"2026-09-01T14:41:57","guid":{"rendered":"https:\/\/agencia.ecclesia.pt\/portal\/?p=440367"},"modified":"2026-09-01T15:43:45","modified_gmt":"2026-09-01T14:43:45","slug":"jesuitas-casa-da-torre-oferece-pastoral-de-fronteira-e-exercicios-espirituais-inacianos-em-soutelo","status":"publish","type":"post","link":"https:\/\/agencia.ecclesia.pt\/portal\/jesuitas-casa-da-torre-oferece-pastoral-de-fronteira-e-exercicios-espirituais-inacianos-em-soutelo\/","title":{"rendered":"Jesu\u00edtas: Casa da Torre oferece \u00abpastoral de fronteira\u00bb e exerc\u00edcios espirituais inacianos em Soutelo"},"content":{"rendered":"<p><em>Espa\u00e7o tem portas abertas para acolher quem procura Deus no sil\u00eancio<\/em><!--more--><\/p>\n<p><img fetchpriority=\"high\" decoding=\"async\" class=\"wp-image-440368 size-full\" style=\"font-style: inherit; font-weight: 600;\" src=\"https:\/\/agencia.ecclesia.pt\/portal\/wp-content\/uploads\/2026\/09\/soutelo_jesuitas_HM-2.jpg\" alt=\"\" width=\"1920\" height=\"1280\" srcset=\"https:\/\/agencia.ecclesia.pt\/portal\/wp-content\/uploads\/2026\/09\/soutelo_jesuitas_HM-2.jpg 1920w, https:\/\/agencia.ecclesia.pt\/portal\/wp-content\/uploads\/2026\/09\/soutelo_jesuitas_HM-2-400x267.jpg 400w, https:\/\/agencia.ecclesia.pt\/portal\/wp-content\/uploads\/2026\/09\/soutelo_jesuitas_HM-2-1024x683.jpg 1024w, https:\/\/agencia.ecclesia.pt\/portal\/wp-content\/uploads\/2026\/09\/soutelo_jesuitas_HM-2-768x512.jpg 768w, https:\/\/agencia.ecclesia.pt\/portal\/wp-content\/uploads\/2026\/09\/soutelo_jesuitas_HM-2-391x260.jpg 391w, https:\/\/agencia.ecclesia.pt\/portal\/wp-content\/uploads\/2026\/09\/soutelo_jesuitas_HM-2-1536x1024.jpg 1536w\" sizes=\"(max-width: 1920px) 100vw, 1920px\" \/><\/p>\n<p>Foto: Ag\u00eancia ECCLESIA\/HMVila Verde, 01 set 2026 (Ecclesia) \u2013 A Casa da Torre, localizada na localidade de Soutelo, funciona como Centro de Espiritualidade e Cultura da Companhia de Jesus para acolher quem procura o sil\u00eancio num espa\u00e7o natural a dez minutos de Braga.<\/p>\n<p>A institui\u00e7\u00e3o jesu\u00edta promove uma &#8220;pastoral de fronteira&#8221;, abrindo as portas a crentes, a pessoas afastadas da Igreja e a indiv\u00edduos em simples busca de interioridade e sentido.<\/p>\n<p>&#8220;Aquilo que est\u00e1 \u00e0 procura de Deus, ou \u00e0 procura de saciar uma certa sede que encontra em si, para a qual ainda n\u00e3o deu um nome, e que nos vem bater \u00e0 porta, \u00e9 algu\u00e9m que pode ser inesperado&#8221;, explicou \u00e0 Ag\u00eancia ECCLESIA o padre Francisco Cort\u00eas Ferreira, diretor da casa.<\/p>\n<p>O religioso descreveu o espa\u00e7o como um o\u00e1sis preparado para travar a dispers\u00e3o e a ansiedade contempor\u00e2neas, proporcionando acompanhamento em situa\u00e7\u00f5es de luto, desorienta\u00e7\u00e3o profissional ou necessidade de descanso espiritual.<\/p>\n<p>\u201c\u00c9, sobretudo, um espa\u00e7o aberto para todos aqueles que se queiram vir, encontrar com o Senhor, no fundo, discernir a presen\u00e7a de Deus na vida deles, atrav\u00e9s do sil\u00eancio, atrav\u00e9s dos espa\u00e7os amplos\u201d, assinala o entrevistado.<\/p>\n<p>A oferta formativa central baseia-se nos exerc\u00edcios espirituais de Santo In\u00e1cio de Loyola, cujo modelo original de um m\u00eas \u00e9 atualmente condensado e adaptado para dura\u00e7\u00f5es de tr\u00eas, quatro ou oito dias.<\/p>\n<div id='gallery-1' class='gallery galleryid-440367 gallery-columns-3 gallery-size-medium'><figure class='gallery-item'>\n\t\t\t<div class='gallery-icon landscape'>\n\t\t\t\t<a href='https:\/\/agencia.ecclesia.pt\/portal\/jesuitas-casa-da-torre-oferece-pastoral-de-fronteira-e-exercicios-espirituais-inacianos-em-soutelo\/soutelo_jesuitas_hm-1\/'><img decoding=\"async\" width=\"400\" height=\"267\" src=\"https:\/\/agencia.ecclesia.pt\/portal\/wp-content\/uploads\/2026\/09\/soutelo_jesuitas_HM-1-400x267.jpg\" class=\"attachment-medium size-medium\" alt=\"\" aria-describedby=\"gallery-1-440375\" srcset=\"https:\/\/agencia.ecclesia.pt\/portal\/wp-content\/uploads\/2026\/09\/soutelo_jesuitas_HM-1-400x267.jpg 400w, https:\/\/agencia.ecclesia.pt\/portal\/wp-content\/uploads\/2026\/09\/soutelo_jesuitas_HM-1-1024x683.jpg 1024w, https:\/\/agencia.ecclesia.pt\/portal\/wp-content\/uploads\/2026\/09\/soutelo_jesuitas_HM-1-768x512.jpg 768w, https:\/\/agencia.ecclesia.pt\/portal\/wp-content\/uploads\/2026\/09\/soutelo_jesuitas_HM-1-391x260.jpg 391w, https:\/\/agencia.ecclesia.pt\/portal\/wp-content\/uploads\/2026\/09\/soutelo_jesuitas_HM-1-1536x1024.jpg 1536w, https:\/\/agencia.ecclesia.pt\/portal\/wp-content\/uploads\/2026\/09\/soutelo_jesuitas_HM-1.jpg 1920w\" sizes=\"(max-width: 400px) 100vw, 400px\" \/><\/a>\n\t\t\t<\/div>\n\t\t\t\t<figcaption class='wp-caption-text gallery-caption' id='gallery-1-440375'>\n\t\t\t\tFoto: Ag\u00eancia ECCLESIA\/HM\n\t\t\t\t<\/figcaption><\/figure><figure class='gallery-item'>\n\t\t\t<div class='gallery-icon landscape'>\n\t\t\t\t<a href='https:\/\/agencia.ecclesia.pt\/portal\/jesuitas-casa-da-torre-oferece-pastoral-de-fronteira-e-exercicios-espirituais-inacianos-em-soutelo\/soutelo_jesuitas_hm-8\/'><img decoding=\"async\" width=\"400\" height=\"267\" src=\"https:\/\/agencia.ecclesia.pt\/portal\/wp-content\/uploads\/2026\/09\/soutelo_jesuitas_HM-8-400x267.jpg\" class=\"attachment-medium size-medium\" alt=\"\" aria-describedby=\"gallery-1-440374\" srcset=\"https:\/\/agencia.ecclesia.pt\/portal\/wp-content\/uploads\/2026\/09\/soutelo_jesuitas_HM-8-400x267.jpg 400w, https:\/\/agencia.ecclesia.pt\/portal\/wp-content\/uploads\/2026\/09\/soutelo_jesuitas_HM-8-1024x683.jpg 1024w, https:\/\/agencia.ecclesia.pt\/portal\/wp-content\/uploads\/2026\/09\/soutelo_jesuitas_HM-8-768x512.jpg 768w, https:\/\/agencia.ecclesia.pt\/portal\/wp-content\/uploads\/2026\/09\/soutelo_jesuitas_HM-8-391x260.jpg 391w, https:\/\/agencia.ecclesia.pt\/portal\/wp-content\/uploads\/2026\/09\/soutelo_jesuitas_HM-8-1536x1024.jpg 1536w, https:\/\/agencia.ecclesia.pt\/portal\/wp-content\/uploads\/2026\/09\/soutelo_jesuitas_HM-8.jpg 1920w\" sizes=\"(max-width: 400px) 100vw, 400px\" \/><\/a>\n\t\t\t<\/div>\n\t\t\t\t<figcaption class='wp-caption-text gallery-caption' id='gallery-1-440374'>\n\t\t\t\tFoto: Ag\u00eancia ECCLESIA\/HM\n\t\t\t\t<\/figcaption><\/figure><figure class='gallery-item'>\n\t\t\t<div class='gallery-icon landscape'>\n\t\t\t\t<a href='https:\/\/agencia.ecclesia.pt\/portal\/jesuitas-casa-da-torre-oferece-pastoral-de-fronteira-e-exercicios-espirituais-inacianos-em-soutelo\/soutelo_jesuitas_hm-7\/'><img loading=\"lazy\" decoding=\"async\" width=\"400\" height=\"267\" src=\"https:\/\/agencia.ecclesia.pt\/portal\/wp-content\/uploads\/2026\/09\/soutelo_jesuitas_HM-7-400x267.jpg\" class=\"attachment-medium size-medium\" alt=\"\" aria-describedby=\"gallery-1-440373\" srcset=\"https:\/\/agencia.ecclesia.pt\/portal\/wp-content\/uploads\/2026\/09\/soutelo_jesuitas_HM-7-400x267.jpg 400w, https:\/\/agencia.ecclesia.pt\/portal\/wp-content\/uploads\/2026\/09\/soutelo_jesuitas_HM-7-1024x683.jpg 1024w, https:\/\/agencia.ecclesia.pt\/portal\/wp-content\/uploads\/2026\/09\/soutelo_jesuitas_HM-7-768x512.jpg 768w, https:\/\/agencia.ecclesia.pt\/portal\/wp-content\/uploads\/2026\/09\/soutelo_jesuitas_HM-7-391x260.jpg 391w, https:\/\/agencia.ecclesia.pt\/portal\/wp-content\/uploads\/2026\/09\/soutelo_jesuitas_HM-7-1536x1024.jpg 1536w, https:\/\/agencia.ecclesia.pt\/portal\/wp-content\/uploads\/2026\/09\/soutelo_jesuitas_HM-7.jpg 1920w\" sizes=\"(max-width: 400px) 100vw, 400px\" \/><\/a>\n\t\t\t<\/div>\n\t\t\t\t<figcaption class='wp-caption-text gallery-caption' id='gallery-1-440373'>\n\t\t\t\tFoto: Ag\u00eancia ECCLESIA\/HM\n\t\t\t\t<\/figcaption><\/figure><figure class='gallery-item'>\n\t\t\t<div class='gallery-icon landscape'>\n\t\t\t\t<a href='https:\/\/agencia.ecclesia.pt\/portal\/jesuitas-casa-da-torre-oferece-pastoral-de-fronteira-e-exercicios-espirituais-inacianos-em-soutelo\/soutelo_jesuitas_hm-6\/'><img loading=\"lazy\" decoding=\"async\" width=\"400\" height=\"267\" src=\"https:\/\/agencia.ecclesia.pt\/portal\/wp-content\/uploads\/2026\/09\/soutelo_jesuitas_HM-6-400x267.jpg\" class=\"attachment-medium size-medium\" alt=\"\" aria-describedby=\"gallery-1-440372\" srcset=\"https:\/\/agencia.ecclesia.pt\/portal\/wp-content\/uploads\/2026\/09\/soutelo_jesuitas_HM-6-400x267.jpg 400w, https:\/\/agencia.ecclesia.pt\/portal\/wp-content\/uploads\/2026\/09\/soutelo_jesuitas_HM-6-1024x683.jpg 1024w, https:\/\/agencia.ecclesia.pt\/portal\/wp-content\/uploads\/2026\/09\/soutelo_jesuitas_HM-6-768x512.jpg 768w, https:\/\/agencia.ecclesia.pt\/portal\/wp-content\/uploads\/2026\/09\/soutelo_jesuitas_HM-6-391x260.jpg 391w, https:\/\/agencia.ecclesia.pt\/portal\/wp-content\/uploads\/2026\/09\/soutelo_jesuitas_HM-6-1536x1024.jpg 1536w, https:\/\/agencia.ecclesia.pt\/portal\/wp-content\/uploads\/2026\/09\/soutelo_jesuitas_HM-6.jpg 1920w\" sizes=\"(max-width: 400px) 100vw, 400px\" \/><\/a>\n\t\t\t<\/div>\n\t\t\t\t<figcaption class='wp-caption-text gallery-caption' id='gallery-1-440372'>\n\t\t\t\tFoto: Ag\u00eancia ECCLESIA\/HM\n\t\t\t\t<\/figcaption><\/figure><figure class='gallery-item'>\n\t\t\t<div class='gallery-icon landscape'>\n\t\t\t\t<a href='https:\/\/agencia.ecclesia.pt\/portal\/jesuitas-casa-da-torre-oferece-pastoral-de-fronteira-e-exercicios-espirituais-inacianos-em-soutelo\/soutelo_jesuitas_hm-5\/'><img loading=\"lazy\" decoding=\"async\" width=\"400\" height=\"267\" src=\"https:\/\/agencia.ecclesia.pt\/portal\/wp-content\/uploads\/2026\/09\/soutelo_jesuitas_HM-5-400x267.jpg\" class=\"attachment-medium size-medium\" alt=\"\" aria-describedby=\"gallery-1-440371\" srcset=\"https:\/\/agencia.ecclesia.pt\/portal\/wp-content\/uploads\/2026\/09\/soutelo_jesuitas_HM-5-400x267.jpg 400w, https:\/\/agencia.ecclesia.pt\/portal\/wp-content\/uploads\/2026\/09\/soutelo_jesuitas_HM-5-1024x683.jpg 1024w, https:\/\/agencia.ecclesia.pt\/portal\/wp-content\/uploads\/2026\/09\/soutelo_jesuitas_HM-5-768x512.jpg 768w, https:\/\/agencia.ecclesia.pt\/portal\/wp-content\/uploads\/2026\/09\/soutelo_jesuitas_HM-5-391x260.jpg 391w, https:\/\/agencia.ecclesia.pt\/portal\/wp-content\/uploads\/2026\/09\/soutelo_jesuitas_HM-5-1536x1024.jpg 1536w, https:\/\/agencia.ecclesia.pt\/portal\/wp-content\/uploads\/2026\/09\/soutelo_jesuitas_HM-5.jpg 1920w\" sizes=\"(max-width: 400px) 100vw, 400px\" \/><\/a>\n\t\t\t<\/div>\n\t\t\t\t<figcaption class='wp-caption-text gallery-caption' id='gallery-1-440371'>\n\t\t\t\tFoto: Ag\u00eancia ECCLESIA\/HM\n\t\t\t\t<\/figcaption><\/figure><figure class='gallery-item'>\n\t\t\t<div class='gallery-icon landscape'>\n\t\t\t\t<a href='https:\/\/agencia.ecclesia.pt\/portal\/jesuitas-casa-da-torre-oferece-pastoral-de-fronteira-e-exercicios-espirituais-inacianos-em-soutelo\/soutelo_jesuitas_hm-4\/'><img loading=\"lazy\" decoding=\"async\" width=\"400\" height=\"267\" src=\"https:\/\/agencia.ecclesia.pt\/portal\/wp-content\/uploads\/2026\/09\/soutelo_jesuitas_HM-4-400x267.jpg\" class=\"attachment-medium size-medium\" alt=\"\" aria-describedby=\"gallery-1-440370\" srcset=\"https:\/\/agencia.ecclesia.pt\/portal\/wp-content\/uploads\/2026\/09\/soutelo_jesuitas_HM-4-400x267.jpg 400w, https:\/\/agencia.ecclesia.pt\/portal\/wp-content\/uploads\/2026\/09\/soutelo_jesuitas_HM-4-1024x683.jpg 1024w, https:\/\/agencia.ecclesia.pt\/portal\/wp-content\/uploads\/2026\/09\/soutelo_jesuitas_HM-4-768x512.jpg 768w, https:\/\/agencia.ecclesia.pt\/portal\/wp-content\/uploads\/2026\/09\/soutelo_jesuitas_HM-4-391x260.jpg 391w, https:\/\/agencia.ecclesia.pt\/portal\/wp-content\/uploads\/2026\/09\/soutelo_jesuitas_HM-4-1536x1024.jpg 1536w, https:\/\/agencia.ecclesia.pt\/portal\/wp-content\/uploads\/2026\/09\/soutelo_jesuitas_HM-4.jpg 1920w\" sizes=\"(max-width: 400px) 100vw, 400px\" \/><\/a>\n\t\t\t<\/div>\n\t\t\t\t<figcaption class='wp-caption-text gallery-caption' id='gallery-1-440370'>\n\t\t\t\tFoto: Ag\u00eancia ECCLESIA\/HM\n\t\t\t\t<\/figcaption><\/figure><figure class='gallery-item'>\n\t\t\t<div class='gallery-icon landscape'>\n\t\t\t\t<a href='https:\/\/agencia.ecclesia.pt\/portal\/jesuitas-casa-da-torre-oferece-pastoral-de-fronteira-e-exercicios-espirituais-inacianos-em-soutelo\/soutelo_jesuitas_hm-3\/'><img loading=\"lazy\" decoding=\"async\" width=\"400\" height=\"267\" src=\"https:\/\/agencia.ecclesia.pt\/portal\/wp-content\/uploads\/2026\/09\/soutelo_jesuitas_HM-3-400x267.jpg\" class=\"attachment-medium size-medium\" alt=\"\" aria-describedby=\"gallery-1-440369\" srcset=\"https:\/\/agencia.ecclesia.pt\/portal\/wp-content\/uploads\/2026\/09\/soutelo_jesuitas_HM-3-400x267.jpg 400w, https:\/\/agencia.ecclesia.pt\/portal\/wp-content\/uploads\/2026\/09\/soutelo_jesuitas_HM-3-1024x683.jpg 1024w, https:\/\/agencia.ecclesia.pt\/portal\/wp-content\/uploads\/2026\/09\/soutelo_jesuitas_HM-3-768x512.jpg 768w, https:\/\/agencia.ecclesia.pt\/portal\/wp-content\/uploads\/2026\/09\/soutelo_jesuitas_HM-3-391x260.jpg 391w, https:\/\/agencia.ecclesia.pt\/portal\/wp-content\/uploads\/2026\/09\/soutelo_jesuitas_HM-3-1536x1024.jpg 1536w, https:\/\/agencia.ecclesia.pt\/portal\/wp-content\/uploads\/2026\/09\/soutelo_jesuitas_HM-3.jpg 1920w\" sizes=\"(max-width: 400px) 100vw, 400px\" \/><\/a>\n\t\t\t<\/div>\n\t\t\t\t<figcaption class='wp-caption-text gallery-caption' id='gallery-1-440369'>\n\t\t\t\tFoto: Ag\u00eancia ECCLESIA\/HM\n\t\t\t\t<\/figcaption><\/figure>\n\t\t<\/div>\n\n<p>A presen\u00e7a de uma comunidade residente viabiliza a personaliza\u00e7\u00e3o do calend\u00e1rio e a cria\u00e7\u00e3o de propostas inovadoras, como retiros desenhados para a participa\u00e7\u00e3o simult\u00e2nea de pais e filhos a ritmos pr\u00f3prios.<\/p>\n<p>A propriedade transitou para a tutela da Companhia de Jesus na sequ\u00eancia do testamento deixado pelo segundo Visconde da Torre, falecido no ano de 1912.<\/p>\n<p>O edif\u00edcio acolheu o noviciado e o juniorado da congrega\u00e7\u00e3o entre as d\u00e9cadas de 1950 e 1970, per\u00edodo em que adotou a designa\u00e7\u00e3o local de \u201cSemin\u00e1rio da Torre\u201d, conservando dessa \u00e9poca de forma\u00e7\u00e3o uma biblioteca com cerca de 80 mil volumes.<\/p>\n<p>A voca\u00e7\u00e3o cultural do centro estimula o di\u00e1logo da f\u00e9 com as dimens\u00f5es concretas da vida humana, materializando-se em atividades laboratoriais focadas na rela\u00e7\u00e3o entre a arte cinematogr\u00e1fica e a espiritualidade.<\/p>\n<p>A envolvente paisag\u00edstica atua como facilitadora da distens\u00e3o interior, gra\u00e7as \u00e0 disponibilidade de v\u00e1rios hectares de bosque e vinha localizados na conflu\u00eancia dos rios Alme e C\u00e1vado, \u00e0s portas do Ger\u00eas.<\/p>\n<p>&#8220;Esta casa tem uma amplitude de olhar, de presen\u00e7a, que por si s\u00f3 \u00e9 suficiente quase para baixar o ritmo card\u00edaco e espiritual; ou aumentar o ritmo espiritual e baixar o ritmo card\u00edaco&#8221;, notou o padre Francisco Cort\u00eas Ferreira.<\/p>\n<p>As infraestruturas rejeitam o formato de unidade hoteleira para salvaguardar a sua miss\u00e3o, mas asseguram a log\u00edstica integral para os retirantes com a disponibilidade de 90 quartos dotados de 120 camas.<\/p>\n<p>A dimens\u00e3o do espa\u00e7o permite acolher grandes grupos, dispondo de refeit\u00f3rios com capacidade para servir at\u00e9 150 pessoas em simult\u00e2neo.<\/p>\n<p>O complexo religioso oferece ainda entre seis a sete capelas e igual n\u00famero de salas de trabalho, al\u00e9m de uma ala nova concebida para o servi\u00e7o de dire\u00e7\u00e3o e acompanhamento espiritual.<\/p>\n<p>&#8220;Conhecer um jesu\u00edta verdadeiramente s\u00f3 \u00e9 poss\u00edvel para quem frequenta os exerc\u00edcios espirituais&#8221;, assegurou o diretor da Casa, ao identificar esta pr\u00e1tica como o cora\u00e7\u00e3o e a gram\u00e1tica comum a todas as miss\u00f5es da Companhia de Jesus.<\/p>\n<p>A emiss\u00e3o na RTP2 encerrou o ciclo dedicado ao tema \u2018Habitar o sil\u00eancio\u2019, que o Programa ECCCLESIA apresentou nas \u00faltimas semanas.<\/p>\n<p><em>HM\/OC<\/em><\/p>\n<div class=\"epyt-video-wrapper\"><iframe  id=\"_ytid_49084\"  width=\"480\" height=\"270\"  data-origwidth=\"480\" data-origheight=\"270\" src=\"https:\/\/www.youtube.com\/embed\/GlpmgoCqG8k?enablejsapi=1&#038;autoplay=0&#038;cc_load_policy=0&#038;cc_lang_pref=pt&#038;iv_load_policy=1&#038;loop=0&#038;rel=0&#038;fs=1&#038;playsinline=1&#038;autohide=2&#038;theme=dark&#038;color=red&#038;controls=1&#038;disablekb=0&#038;\" class=\"__youtube_prefs__  epyt-is-override  no-lazyload\" title=\"YouTube player\"  allow=\"fullscreen; accelerometer; autoplay; clipboard-write; encrypted-media; gyroscope; picture-in-picture; web-share\" referrerpolicy=\"strict-origin-when-cross-origin\" allowfullscreen data-no-lazy=\"1\" data-skipgform_ajax_framebjll=\"\"><\/iframe><\/div>\n","protected":false},"excerpt":{"rendered":"<p>Espa\u00e7o tem portas abertas para acolher quem procura Deus no sil\u00eancio<\/p>\n","protected":false},"author":2,"featured_media":440368,"comment_status":"closed","ping_status":"closed","sticky":false,"template":"","format":"standard","meta":{"site-sidebar-layout":"default","site-content-layout":"","ast-site-content-layout":"default","site-content-style":"default","site-sidebar-style":"default","ast-global-header-display":"","ast-banner-title-visibility":"","ast-main-header-display":"","ast-hfb-above-header-display":"","ast-hfb-below-header-display":"","ast-hfb-mobile-header-display":"","site-post-title":"","ast-breadcrumbs-content":"","ast-featured-img":"","footer-sml-layout":"","ast-disable-related-posts":"","theme-transparent-header-meta":"default","adv-header-id-meta":"","stick-header-meta":"default","header-above-stick-meta":"","header-main-stick-meta":"","header-below-stick-meta":"","astra-migrate-meta-layouts":"set","ast-page-background-enabled":"default","ast-page-background-meta":{"desktop":{"background-color":"var(--ast-global-color-4)","background-image":"","background-repeat":"repeat","background-position":"center center","background-size":"auto","background-attachment":"scroll","background-type":"","background-media":"","overlay-type":"","overlay-color":"","overlay-opacity":"","overlay-gradient":""},"tablet":{"background-color":"","background-image":"","background-repeat":"repeat","background-position":"center center","background-size":"auto","background-attachment":"scroll","background-type":"","background-media":"","overlay-type":"","overlay-color":"","overlay-opacity":"","overlay-gradient":""},"mobile":{"background-color":"","background-image":"","background-repeat":"repeat","background-position":"center center","background-size":"auto","background-attachment":"scroll","background-type":"","background-media":"","overlay-type":"","overlay-color":"","overlay-opacity":"","overlay-gradient":""}},"ast-content-background-meta":{"desktop":{"background-color":"var(--ast-global-color-5)","background-image":"","background-repeat":"repeat","background-position":"center center","background-size":"auto","background-attachment":"scroll","background-type":"","background-media":"","overlay-type":"","overlay-color":"","overlay-opacity":"","overlay-gradient":""},"tablet":{"background-color":"var(--ast-global-color-5)","background-image":"","background-repeat":"repeat","background-position":"center center","background-size":"auto","background-attachment":"scroll","background-type":"","background-media":"","overlay-type":"","overlay-color":"","overlay-opacity":"","overlay-gradient":""},"mobile":{"background-color":"var(--ast-global-color-5)","background-image":"","background-repeat":"repeat","background-position":"center center","background-size":"auto","background-attachment":"scroll","background-type":"","background-media":"","overlay-type":"","overlay-color":"","overlay-opacity":"","overlay-gradient":""}},"footnotes":""},"categories":[58,3],"tags":[199,236],"class_list":["post-440367","post","type-post","status-publish","format-standard","has-post-thumbnail","hentry","category-caixa1","category-nacional","tag-espiritualidade","tag-jesuitas"],"_links":{"self":[{"href":"https:\/\/agencia.ecclesia.pt\/portal\/wp-json\/wp\/v2\/posts\/440367","targetHints":{"allow":["GET"]}}],"collection":[{"href":"https:\/\/agencia.ecclesia.pt\/portal\/wp-json\/wp\/v2\/posts"}],"about":[{"href":"https:\/\/agencia.ecclesia.pt\/portal\/wp-json\/wp\/v2\/types\/post"}],"author":[{"embeddable":true,"href":"https:\/\/agencia.ecclesia.pt\/portal\/wp-json\/wp\/v2\/users\/2"}],"replies":[{"embeddable":true,"href":"https:\/\/agencia.ecclesia.pt\/portal\/wp-json\/wp\/v2\/comments?post=440367"}],"version-history":[{"count":2,"href":"https:\/\/agencia.ecclesia.pt\/portal\/wp-json\/wp\/v2\/posts\/440367\/revisions"}],"predecessor-version":[{"id":440379,"href":"https:\/\/agencia.ecclesia.pt\/portal\/wp-json\/wp\/v2\/posts\/440367\/revisions\/440379"}],"wp:featuredmedia":[{"embeddable":true,"href":"https:\/\/agencia.ecclesia.pt\/portal\/wp-json\/wp\/v2\/media\/440368"}],"wp:attachment":[{"href":"https:\/\/agencia.ecclesia.pt\/portal\/wp-json\/wp\/v2\/media?parent=440367"}],"wp:term":[{"taxonomy":"category","embeddable":true,"href":"https:\/\/agencia.ecclesia.pt\/portal\/wp-json\/wp\/v2\/categories?post=440367"},{"taxonomy":"post_tag","embeddable":true,"href":"https:\/\/agencia.ecclesia.pt\/portal\/wp-json\/wp\/v2\/tags?post=440367"}],"curies":[{"name":"wp","href":"https:\/\/api.w.org\/{rel}","templated":true}]}}