{"id":440356,"date":"2026-09-01T14:05:03","date_gmt":"2026-09-01T13:05:03","guid":{"rendered":"https:\/\/agencia.ecclesia.pt\/portal\/?p=440356"},"modified":"2026-09-01T14:12:57","modified_gmt":"2026-09-01T13:12:57","slug":"vaticano-papa-denuncia-mercantilizacao-da-agua","status":"publish","type":"post","link":"https:\/\/agencia.ecclesia.pt\/portal\/vaticano-papa-denuncia-mercantilizacao-da-agua\/","title":{"rendered":"Vaticano: Papa denuncia mercantiliza\u00e7\u00e3o da \u00e1gua"},"content":{"rendered":"<p><em>Inten\u00e7\u00e3o de ora\u00e7\u00e3o para setembro convida cat\u00f3licos a rezar por direito universal \u00absem fronteiras\u00bb<\/em><!--more--><\/p>\n<p><img fetchpriority=\"high\" decoding=\"async\" class=\"alignnone wp-image-440358 size-full\" src=\"https:\/\/agencia.ecclesia.pt\/portal\/wp-content\/uploads\/2026\/09\/renegossner-water-8100724_1920.jpg\" alt=\"\" width=\"1920\" height=\"1280\" srcset=\"https:\/\/agencia.ecclesia.pt\/portal\/wp-content\/uploads\/2026\/09\/renegossner-water-8100724_1920.jpg 1920w, https:\/\/agencia.ecclesia.pt\/portal\/wp-content\/uploads\/2026\/09\/renegossner-water-8100724_1920-400x267.jpg 400w, https:\/\/agencia.ecclesia.pt\/portal\/wp-content\/uploads\/2026\/09\/renegossner-water-8100724_1920-1024x683.jpg 1024w, https:\/\/agencia.ecclesia.pt\/portal\/wp-content\/uploads\/2026\/09\/renegossner-water-8100724_1920-768x512.jpg 768w, https:\/\/agencia.ecclesia.pt\/portal\/wp-content\/uploads\/2026\/09\/renegossner-water-8100724_1920-391x260.jpg 391w, https:\/\/agencia.ecclesia.pt\/portal\/wp-content\/uploads\/2026\/09\/renegossner-water-8100724_1920-1536x1024.jpg 1536w\" sizes=\"(max-width: 1920px) 100vw, 1920px\" \/><\/p>\n<p>Cidade do Vaticano, 01 set 2026 (Ecclesia) \u2013 O Papa apelou hoje \u00e0 defesa da \u00e1gua como um direito universal, rejeitando a sua transforma\u00e7\u00e3o numa mercadoria.<\/p>\n<p>&#8220;Pedimos-te perd\u00e3o porque fizemos dela mercadoria, esquecendo que \u00e9 um presente universal, um direito sem fronteiras, destinado a todos os teus filhos&#8221;, reza Le\u00e3o XIV na inten\u00e7\u00e3o de ora\u00e7\u00e3o para o m\u00eas de setembro, divulgada pela Rede Mundial de Ora\u00e7\u00e3o do Papa.<\/p>\n<p>A divulga\u00e7\u00e3o da mensagem assinala o in\u00edcio do Tempo da Cria\u00e7\u00e3o (1 de setembro).<\/p>\n<p>\u201cPedimos-te que nos ensines a proteger a \u00e1gua com gratid\u00e3o, justi\u00e7a e responsabilidade\u201d, refere o pont\u00edfice.<\/p>\n<p>A ora\u00e7\u00e3o manifesta uma dor profunda perante a realidade de &#8220;tantos irm\u00e3os e irm\u00e3s sem acesso \u00e0 \u00e1gua pot\u00e1vel, que caminham quil\u00f3metros para a encontrar, e que adoecem por causa da sua escassez&#8221;.<\/p>\n<p>O Papa pede que os cat\u00f3licos sejam &#8220;peregrinos do essencial, capazes de viver com sobriedade, denunciando o desperd\u00edcio e a contamina\u00e7\u00e3o&#8221;.<\/p>\n<blockquote><p>Que o nosso cuidado com a \u00e1gua seja sinal de amor ao Criador e compromisso com a vida dos mais pobres, educando novas gera\u00e7\u00f5es que valorizem e protejam os recursos da Terra.\u201d<\/p><\/blockquote>\n<p>A ora\u00e7\u00e3o reflete as estat\u00edsticas da Organiza\u00e7\u00e3o Mundial da Sa\u00fade que confirmam a exist\u00eancia de 2,1 mil milh\u00f5es de pessoas sem acesso seguro a este bem elementar em todo o mundo.<\/p>\n<p>&#8220;Ningu\u00e9m pode viver sem \u00e1gua, e ningu\u00e9m deveria morrer devido \u00e0 sua falta&#8221;, sublinhou o padre Crist\u00f3bal Fones, diretor internacional da Rede Mundial de Ora\u00e7\u00e3o do Papa, em nota enviada \u00e0 Ag\u00eancia ECCLESIA.<\/p>\n<p>O \u2018<a href=\"https:\/\/agencia.ecclesia.pt\/portal\/tempo-da-criacao-papa-apela-a-conversao-ecologica\/\">Tempo da Cria\u00e7\u00e3o<\/a>\u2019, que une crist\u00e3os de v\u00e1rias confiss\u00f5es em iniciativas de ora\u00e7\u00e3o e a\u00e7\u00e3o clim\u00e1tica, prolonga-se at\u00e9 ao dia 4 de outubro, data da festa de S\u00e3o Francisco de Assis.<\/p>\n<p><em>OC<\/em><\/p>\n<div class=\"epyt-video-wrapper\"><iframe  id=\"_ytid_82530\"  width=\"480\" height=\"270\"  data-origwidth=\"480\" data-origheight=\"270\" src=\"https:\/\/www.youtube.com\/embed\/5LhsgE7-AJQ?enablejsapi=1&#038;autoplay=0&#038;cc_load_policy=0&#038;cc_lang_pref=pt&#038;iv_load_policy=1&#038;loop=0&#038;rel=0&#038;fs=1&#038;playsinline=1&#038;autohide=2&#038;theme=dark&#038;color=red&#038;controls=1&#038;disablekb=0&#038;\" class=\"__youtube_prefs__  epyt-is-override  no-lazyload\" title=\"YouTube player\"  allow=\"fullscreen; accelerometer; autoplay; clipboard-write; encrypted-media; gyroscope; picture-in-picture; web-share\" referrerpolicy=\"strict-origin-when-cross-origin\" allowfullscreen data-no-lazy=\"1\" data-skipgform_ajax_framebjll=\"\"><\/iframe><\/div>\n","protected":false},"excerpt":{"rendered":"<p>Inten\u00e7\u00e3o de ora\u00e7\u00e3o para setembro convida cat\u00f3licos a rezar por direito universal \u00absem fronteiras\u00bb<\/p>\n","protected":false},"author":2,"featured_media":440358,"comment_status":"closed","ping_status":"closed","sticky":false,"template":"","format":"standard","meta":{"site-sidebar-layout":"default","site-content-layout":"","ast-site-content-layout":"default","site-content-style":"default","site-sidebar-style":"default","ast-global-header-display":"","ast-banner-title-visibility":"","ast-main-header-display":"","ast-hfb-above-header-display":"","ast-hfb-below-header-display":"","ast-hfb-mobile-header-display":"","site-post-title":"","ast-breadcrumbs-content":"","ast-featured-img":"","footer-sml-layout":"","ast-disable-related-posts":"","theme-transparent-header-meta":"default","adv-header-id-meta":"","stick-header-meta":"default","header-above-stick-meta":"","header-main-stick-meta":"","header-below-stick-meta":"","astra-migrate-meta-layouts":"set","ast-page-background-enabled":"default","ast-page-background-meta":{"desktop":{"background-color":"var(--ast-global-color-4)","background-image":"","background-repeat":"repeat","background-position":"center center","background-size":"auto","background-attachment":"scroll","background-type":"","background-media":"","overlay-type":"","overlay-color":"","overlay-opacity":"","overlay-gradient":""},"tablet":{"background-color":"","background-image":"","background-repeat":"repeat","background-position":"center center","background-size":"auto","background-attachment":"scroll","background-type":"","background-media":"","overlay-type":"","overlay-color":"","overlay-opacity":"","overlay-gradient":""},"mobile":{"background-color":"","background-image":"","background-repeat":"repeat","background-position":"center center","background-size":"auto","background-attachment":"scroll","background-type":"","background-media":"","overlay-type":"","overlay-color":"","overlay-opacity":"","overlay-gradient":""}},"ast-content-background-meta":{"desktop":{"background-color":"var(--ast-global-color-5)","background-image":"","background-repeat":"repeat","background-position":"center center","background-size":"auto","background-attachment":"scroll","background-type":"","background-media":"","overlay-type":"","overlay-color":"","overlay-opacity":"","overlay-gradient":""},"tablet":{"background-color":"var(--ast-global-color-5)","background-image":"","background-repeat":"repeat","background-position":"center center","background-size":"auto","background-attachment":"scroll","background-type":"","background-media":"","overlay-type":"","overlay-color":"","overlay-opacity":"","overlay-gradient":""},"mobile":{"background-color":"var(--ast-global-color-5)","background-image":"","background-repeat":"repeat","background-position":"center center","background-size":"auto","background-attachment":"scroll","background-type":"","background-media":"","overlay-type":"","overlay-color":"","overlay-opacity":"","overlay-gradient":""}},"footnotes":""},"categories":[1019,5],"tags":[102,414,192,974],"class_list":["post-440356","post","type-post","status-publish","format-standard","has-post-thumbnail","hentry","category-manchete-ultimas","category-vaticano","tag-agua","tag-ecologia","tag-ecumenismo","tag-leao-xiv"],"_links":{"self":[{"href":"https:\/\/agencia.ecclesia.pt\/portal\/wp-json\/wp\/v2\/posts\/440356","targetHints":{"allow":["GET"]}}],"collection":[{"href":"https:\/\/agencia.ecclesia.pt\/portal\/wp-json\/wp\/v2\/posts"}],"about":[{"href":"https:\/\/agencia.ecclesia.pt\/portal\/wp-json\/wp\/v2\/types\/post"}],"author":[{"embeddable":true,"href":"https:\/\/agencia.ecclesia.pt\/portal\/wp-json\/wp\/v2\/users\/2"}],"replies":[{"embeddable":true,"href":"https:\/\/agencia.ecclesia.pt\/portal\/wp-json\/wp\/v2\/comments?post=440356"}],"version-history":[{"count":3,"href":"https:\/\/agencia.ecclesia.pt\/portal\/wp-json\/wp\/v2\/posts\/440356\/revisions"}],"predecessor-version":[{"id":440365,"href":"https:\/\/agencia.ecclesia.pt\/portal\/wp-json\/wp\/v2\/posts\/440356\/revisions\/440365"}],"wp:featuredmedia":[{"embeddable":true,"href":"https:\/\/agencia.ecclesia.pt\/portal\/wp-json\/wp\/v2\/media\/440358"}],"wp:attachment":[{"href":"https:\/\/agencia.ecclesia.pt\/portal\/wp-json\/wp\/v2\/media?parent=440356"}],"wp:term":[{"taxonomy":"category","embeddable":true,"href":"https:\/\/agencia.ecclesia.pt\/portal\/wp-json\/wp\/v2\/categories?post=440356"},{"taxonomy":"post_tag","embeddable":true,"href":"https:\/\/agencia.ecclesia.pt\/portal\/wp-json\/wp\/v2\/tags?post=440356"}],"curies":[{"name":"wp","href":"https:\/\/api.w.org\/{rel}","templated":true}]}}