{"id":440352,"date":"2026-09-01T13:36:10","date_gmt":"2026-09-01T12:36:10","guid":{"rendered":"https:\/\/agencia.ecclesia.pt\/portal\/?p=440352"},"modified":"2026-09-01T13:36:10","modified_gmt":"2026-09-01T12:36:10","slug":"braganca-miranda-bispo-diocesano-convida-sacerdotes-e-diaconos-a-fazer-um-plano-individual-de-formacao","status":"publish","type":"post","link":"https:\/\/agencia.ecclesia.pt\/portal\/braganca-miranda-bispo-diocesano-convida-sacerdotes-e-diaconos-a-fazer-um-plano-individual-de-formacao\/","title":{"rendered":"Bragan\u00e7a-Miranda: Bispo diocesano convida sacerdotes e di\u00e1conos a fazer um \u201cplano individual de forma\u00e7\u00e3o\u201d"},"content":{"rendered":"<p><em>D. Nuno Almeida publicou nomea\u00e7\u00f5es pastorais para par\u00f3quias e servi\u00e7os diocesanos<\/em><\/p>\n<p><!--more--><\/p>\n<figure id=\"attachment_382787\" aria-describedby=\"caption-attachment-382787\" style=\"width: 400px\" class=\"wp-caption alignleft\"><a href=\"https:\/\/agencia.ecclesia.pt\/portal\/wp-content\/uploads\/2025\/07\/Paroquia-de-S.-Maria-Braganca-.jpg\"><img fetchpriority=\"high\" decoding=\"async\" class=\"wp-image-382787 size-medium\" src=\"https:\/\/agencia.ecclesia.pt\/portal\/wp-content\/uploads\/2025\/07\/Paroquia-de-S.-Maria-Braganca--400x267.jpg\" alt=\"\" width=\"400\" height=\"267\" srcset=\"https:\/\/agencia.ecclesia.pt\/portal\/wp-content\/uploads\/2025\/07\/Paroquia-de-S.-Maria-Braganca--400x267.jpg 400w, https:\/\/agencia.ecclesia.pt\/portal\/wp-content\/uploads\/2025\/07\/Paroquia-de-S.-Maria-Braganca--768x512.jpg 768w, https:\/\/agencia.ecclesia.pt\/portal\/wp-content\/uploads\/2025\/07\/Paroquia-de-S.-Maria-Braganca--391x260.jpg 391w, https:\/\/agencia.ecclesia.pt\/portal\/wp-content\/uploads\/2025\/07\/Paroquia-de-S.-Maria-Braganca-.jpg 960w\" sizes=\"(max-width: 400px) 100vw, 400px\" \/><\/a><figcaption id=\"caption-attachment-382787\" class=\"wp-caption-text\">Foto: Par\u00f3quia de Santa Maria &#8211; Bragan\u00e7a<\/figcaption><\/figure>\n<p style=\"font-weight: 400;\">Bragan\u00e7a, 01 set 2026 (Ecclesia) \u2013 O bispo da Diocese de Bragan\u00e7a-Miranda publicou hoje as nomea\u00e7\u00f5es pastorais para v\u00e1rias par\u00f3quias e para servi\u00e7os diocesanos, convidando os sacerdotes e di\u00e1conos a fazer um \u201cplano individual de forma\u00e7\u00e3o\u201d.<\/p>\n<p style=\"font-weight: 400;\">\u201cTodos os sacerdotes e di\u00e1conos est\u00e3o convidados a delinear um plano individual de forma\u00e7\u00e3o (PIF). Lan\u00e7amos o convite aos estimados di\u00e1conos permanentes que aproveitem o Instituto Diocesano de Estudos Pastorais para forma\u00e7\u00e3o permanente\u201d, indica D. Nuno Almeida no documento publicado na p\u00e1gina da internet da Diocese de Bragan\u00e7a-Miranda.<\/p>\n<p>D. Nuno almeida expressa a \u201calegria, gratid\u00e3o e esperan\u00e7a\u201d de \u201cMilhares de pessoas\u201d que \u201ccelebram, aprofundam e testemunham a sua F\u00e9 e colaboram generosamente em tantas realidades eclesiais e sociais\u201d, nomeadamente os sacerdotes e di\u00e1conos, os leigos que dirigem ou colaboram obras sociais ou servi\u00e7os pastorais e lit\u00fargicos da diocese, assim como quem pertence a congrega\u00e7\u00f5es religiosas.<\/p>\n<p style=\"font-weight: 400;\">\u201cN\u00e3o caminhamos sozinhos ou segundo os crit\u00e9rios do mundo, mas unidos e tendo o Ressuscitado como companheiro\u201d, afirmou.<\/p>\n<blockquote>\n<p style=\"font-weight: 400;\">Desejamos ser uma Igreja que acolhe os clamores da humanidade. Uma Igreja iluminada por Cristo, que oferece a luz, a alegria e esperan\u00e7a do Evangelho a todos. Sonhamos uma Igreja mission\u00e1ria, caminhando com o Senhor pelos caminhos do mundo\u201d.<\/p>\n<\/blockquote>\n<p>D. Nuno Almeida apontou para uma Igreja que seja \u201ccomunidade de comunidades, sinal de unidade, comunh\u00e3o e fraternidade, que se torna fermento para um mundo reconciliado\u201d.<\/p>\n<p style=\"font-weight: 400;\">\u201cVivamos intensamente a vida da nossa comunidade, movimento ou grupo, mas sempre com o cora\u00e7\u00e3o aberto e sentindo-nos membros vivos e ativos da Diocese, da Igreja Universal e da Humanidade\u201d, sublinhou D. Nuno Almeida.<\/p>\n<p style=\"font-weight: 400;\">As nomea\u00e7\u00f5es hoje divulgadas incluem tamb\u00e9m a informa\u00e7\u00e3o sobre os sacerdotes e leigos da diocese que est\u00e3o em forma\u00e7\u00e3o, investigando para a obten\u00e7\u00e3o de graus acad\u00e9micos ou p\u00f3s-gradua\u00e7\u00f5es<\/p>\n<p style=\"font-weight: 400;\">De acordo com o <a href=\"https:\/\/www.mdb.pt\/noticia\/nomeacoes-pastorais-0?fbclid=IwY2xjawUDoBtwZG9mAWV4dG4DYWVtAjEwAGJyaWQRMFJqYjNhZ3hVSTE3MEh0Q1FzcnRjBmFwcF9pZBAyMjIwMzkxNzg4MjAwODkyAAEeW3xIW2xNB5xj6lCti-zbhasE7YOLnQO1ABfVthpsnQiCQxLHiMZdoYPODfA_aem_X7gbRR60FBZaUQRf7s7IVQ\" target=\"_blank\" rel=\"noopener\">documento<\/a>, s\u00e3o 12 os sacerdotes e leigos da diocese em forma\u00e7\u00e3o em tem\u00e1ticas variadas, desde a Hist\u00f3ria da Igreja, Sagrada Escritura, Direito Can\u00f3nico e Ci\u00eancias religiosas a Estudos Gerais, Cuidados Paliativos, Novas Tecnologias ao Servi\u00e7o da Educa\u00e7\u00e3o e Forma\u00e7\u00e3o e \u00a0Gest\u00e3o e Administra\u00e7\u00e3o P\u00fablica e Marketing Digital.<\/p>\n<p style=\"font-weight: 400;\">O bispo de Bragan\u00e7a-Miranda divulga tamb\u00e9m os novos respons\u00e1veis por algumas par\u00f3quias da diocese, assim como os servi\u00e7os diocesanos da Lit\u00fargica e Espiritualidade, Pastoral Vocacional e Miss\u00e3o e Nova Evangeliza\u00e7\u00e3o (OMP).<\/p>\n<p style=\"font-weight: 400;\"><em>PR<\/em><\/p>\n","protected":false},"excerpt":{"rendered":"<p>D. Nuno Almeida publicou nomea\u00e7\u00f5es pastorais para par\u00f3quias e servi\u00e7os diocesanos<\/p>\n","protected":false},"author":5,"featured_media":382787,"comment_status":"closed","ping_status":"closed","sticky":false,"template":"","format":"standard","meta":{"site-sidebar-layout":"default","site-content-layout":"","ast-site-content-layout":"default","site-content-style":"default","site-sidebar-style":"default","ast-global-header-display":"","ast-banner-title-visibility":"","ast-main-header-display":"","ast-hfb-above-header-display":"","ast-hfb-below-header-display":"","ast-hfb-mobile-header-display":"","site-post-title":"","ast-breadcrumbs-content":"","ast-featured-img":"","footer-sml-layout":"","ast-disable-related-posts":"","theme-transparent-header-meta":"default","adv-header-id-meta":"","stick-header-meta":"default","header-above-stick-meta":"","header-main-stick-meta":"","header-below-stick-meta":"","astra-migrate-meta-layouts":"set","ast-page-background-enabled":"default","ast-page-background-meta":{"desktop":{"background-color":"var(--ast-global-color-4)","background-image":"","background-repeat":"repeat","background-position":"center center","background-size":"auto","background-attachment":"scroll","background-type":"","background-media":"","overlay-type":"","overlay-color":"","overlay-opacity":"","overlay-gradient":""},"tablet":{"background-color":"","background-image":"","background-repeat":"repeat","background-position":"center center","background-size":"auto","background-attachment":"scroll","background-type":"","background-media":"","overlay-type":"","overlay-color":"","overlay-opacity":"","overlay-gradient":""},"mobile":{"background-color":"","background-image":"","background-repeat":"repeat","background-position":"center center","background-size":"auto","background-attachment":"scroll","background-type":"","background-media":"","overlay-type":"","overlay-color":"","overlay-opacity":"","overlay-gradient":""}},"ast-content-background-meta":{"desktop":{"background-color":"var(--ast-global-color-5)","background-image":"","background-repeat":"repeat","background-position":"center center","background-size":"auto","background-attachment":"scroll","background-type":"","background-media":"","overlay-type":"","overlay-color":"","overlay-opacity":"","overlay-gradient":""},"tablet":{"background-color":"var(--ast-global-color-5)","background-image":"","background-repeat":"repeat","background-position":"center center","background-size":"auto","background-attachment":"scroll","background-type":"","background-media":"","overlay-type":"","overlay-color":"","overlay-opacity":"","overlay-gradient":""},"mobile":{"background-color":"var(--ast-global-color-5)","background-image":"","background-repeat":"repeat","background-position":"center center","background-size":"auto","background-attachment":"scroll","background-type":"","background-media":"","overlay-type":"","overlay-color":"","overlay-opacity":"","overlay-gradient":""}},"footnotes":""},"categories":[79,3],"tags":[173],"class_list":["post-440352","post","type-post","status-publish","format-standard","has-post-thumbnail","hentry","category-destaque1","category-nacional","tag-diocese-de-braganca-miranda"],"_links":{"self":[{"href":"https:\/\/agencia.ecclesia.pt\/portal\/wp-json\/wp\/v2\/posts\/440352","targetHints":{"allow":["GET"]}}],"collection":[{"href":"https:\/\/agencia.ecclesia.pt\/portal\/wp-json\/wp\/v2\/posts"}],"about":[{"href":"https:\/\/agencia.ecclesia.pt\/portal\/wp-json\/wp\/v2\/types\/post"}],"author":[{"embeddable":true,"href":"https:\/\/agencia.ecclesia.pt\/portal\/wp-json\/wp\/v2\/users\/5"}],"replies":[{"embeddable":true,"href":"https:\/\/agencia.ecclesia.pt\/portal\/wp-json\/wp\/v2\/comments?post=440352"}],"version-history":[{"count":1,"href":"https:\/\/agencia.ecclesia.pt\/portal\/wp-json\/wp\/v2\/posts\/440352\/revisions"}],"predecessor-version":[{"id":440354,"href":"https:\/\/agencia.ecclesia.pt\/portal\/wp-json\/wp\/v2\/posts\/440352\/revisions\/440354"}],"wp:featuredmedia":[{"embeddable":true,"href":"https:\/\/agencia.ecclesia.pt\/portal\/wp-json\/wp\/v2\/media\/382787"}],"wp:attachment":[{"href":"https:\/\/agencia.ecclesia.pt\/portal\/wp-json\/wp\/v2\/media?parent=440352"}],"wp:term":[{"taxonomy":"category","embeddable":true,"href":"https:\/\/agencia.ecclesia.pt\/portal\/wp-json\/wp\/v2\/categories?post=440352"},{"taxonomy":"post_tag","embeddable":true,"href":"https:\/\/agencia.ecclesia.pt\/portal\/wp-json\/wp\/v2\/tags?post=440352"}],"curies":[{"name":"wp","href":"https:\/\/api.w.org\/{rel}","templated":true}]}}