{"id":440347,"date":"2026-09-01T13:22:59","date_gmt":"2026-09-01T12:22:59","guid":{"rendered":"https:\/\/agencia.ecclesia.pt\/portal\/?p=440347"},"modified":"2026-09-01T13:31:18","modified_gmt":"2026-09-01T12:31:18","slug":"tempo-da-criacao-papa-apela-a-conversao-ecologica","status":"publish","type":"post","link":"https:\/\/agencia.ecclesia.pt\/portal\/tempo-da-criacao-papa-apela-a-conversao-ecologica\/","title":{"rendered":"\u00abTempo da Cria\u00e7\u00e3o\u00bb: Papa apela \u00e0 convers\u00e3o ecol\u00f3gica"},"content":{"rendered":"<p><em>Le\u00e3o XIV preside a Missa em Castel Gandolfo, no Dia Mundial de Ora\u00e7\u00e3o pelo Cuidado da Cria\u00e7\u00e3o<\/em><!--more--><\/p>\n<figure id=\"attachment_383503\" aria-describedby=\"caption-attachment-383503\" style=\"width: 1280px\" class=\"wp-caption alignnone\"><img fetchpriority=\"high\" decoding=\"async\" class=\"wp-image-383503 size-full\" src=\"https:\/\/agencia.ecclesia.pt\/portal\/wp-content\/uploads\/2025\/07\/castel_gandolfo_VM-1.jpeg\" alt=\"\" width=\"1280\" height=\"720\" srcset=\"https:\/\/agencia.ecclesia.pt\/portal\/wp-content\/uploads\/2025\/07\/castel_gandolfo_VM-1.jpeg 1280w, https:\/\/agencia.ecclesia.pt\/portal\/wp-content\/uploads\/2025\/07\/castel_gandolfo_VM-1-400x225.jpeg 400w, https:\/\/agencia.ecclesia.pt\/portal\/wp-content\/uploads\/2025\/07\/castel_gandolfo_VM-1-1024x576.jpeg 1024w, https:\/\/agencia.ecclesia.pt\/portal\/wp-content\/uploads\/2025\/07\/castel_gandolfo_VM-1-768x432.jpeg 768w\" sizes=\"(max-width: 1280px) 100vw, 1280px\" \/><figcaption id=\"caption-attachment-383503\" class=\"wp-caption-text\">Foto: Vatican Media<\/figcaption><\/figure>\n<p>Cidade do Vaticano, 01 set 2026 (Ecclesia) \u2013 O Papa apelou hoje \u00e0 convers\u00e3o do cora\u00e7\u00e3o humano para que os recursos e instrumentos utilizados em cen\u00e1rios de destrui\u00e7\u00e3o sejam orientados para a preserva\u00e7\u00e3o da vida, numa mensagem partilhada na rede social X.<\/p>\n<p>&#8220;O cuidado da nossa casa comum exige uma convers\u00e3o do cora\u00e7\u00e3o, para que aquilo que tem sido utilizado para causar destrui\u00e7\u00e3o possa, em vez disso, ser orientado para a vida.\u00a0 Convido todos a unirem-se em ora\u00e7\u00e3o e a\u00e7\u00e3o, para que possamos tornar-nos canais de \u00e1gua viva da paz de Deus, revigorando o nosso mundo ferido&#8221;, exortou Le\u00e3o XIV na manh\u00e3 em que se assinala o Dia Mundial de Ora\u00e7\u00e3o pelo Cuidado da Cria\u00e7\u00e3o.<\/p>\n<p>A prote\u00e7\u00e3o da casa comum requer uma altera\u00e7\u00e3o de paradigma capaz de travar a presente l\u00f3gica b\u00e9lica, reiterou o pont\u00edfice ao refletir sobre o tema \u2018\u00c1gua Viva\u2019, escolhido para este ano.<\/p>\n<p>A jornada culmina com a celebra\u00e7\u00e3o da Missa para a Cust\u00f3dia da Cria\u00e7\u00e3o, presidida pelo Papa junto \u00e0 est\u00e1tua da Virgem no Borgo Laudato Si&#8217;, nos Jardins Pontif\u00edcios de Castel Gandolfo, a partir das 18h30 (menos uma em Lisboa).<\/p>\n<p>A liturgia recorre a um formul\u00e1rio espec\u00edfico concebido pelo esfor\u00e7o conjunto de quatro dicast\u00e9rios do Vaticano, o qual foi utilizado de forma in\u00e9dita por Le\u00e3o XIV em julho de 2025.<\/p>\n<p>O \u2018Tempo da Cria\u00e7\u00e3o\u2019, que une crist\u00e3os de v\u00e1rias confiss\u00f5es em iniciativas de ora\u00e7\u00e3o e a\u00e7\u00e3o clim\u00e1tica, prolonga-se at\u00e9 ao dia 4 de outubro, data da festa de S\u00e3o Francisco de Assis.<\/p>\n<p>Na abertura deste ciclo, o patriarca de Constantinopla (Igreja Ortodoxa), Bartolomeu I, apelou a uma revolu\u00e7\u00e3o na ideia de progresso para travar o &#8220;geoc\u00eddio&#8221; ambiental provocado pelo consumismo.<\/p>\n<p><em>OC<\/em><\/p>\n","protected":false},"excerpt":{"rendered":"<p>Le\u00e3o XIV preside a Missa em Castel Gandolfo, no Dia Mundial de Ora\u00e7\u00e3o pelo Cuidado da Cria\u00e7\u00e3o<\/p>\n","protected":false},"author":2,"featured_media":383503,"comment_status":"closed","ping_status":"closed","sticky":false,"template":"","format":"standard","meta":{"site-sidebar-layout":"default","site-content-layout":"","ast-site-content-layout":"default","site-content-style":"default","site-sidebar-style":"default","ast-global-header-display":"","ast-banner-title-visibility":"","ast-main-header-display":"","ast-hfb-above-header-display":"","ast-hfb-below-header-display":"","ast-hfb-mobile-header-display":"","site-post-title":"","ast-breadcrumbs-content":"","ast-featured-img":"","footer-sml-layout":"","ast-disable-related-posts":"","theme-transparent-header-meta":"default","adv-header-id-meta":"","stick-header-meta":"default","header-above-stick-meta":"","header-main-stick-meta":"","header-below-stick-meta":"","astra-migrate-meta-layouts":"set","ast-page-background-enabled":"default","ast-page-background-meta":{"desktop":{"background-color":"var(--ast-global-color-4)","background-image":"","background-repeat":"repeat","background-position":"center center","background-size":"auto","background-attachment":"scroll","background-type":"","background-media":"","overlay-type":"","overlay-color":"","overlay-opacity":"","overlay-gradient":""},"tablet":{"background-color":"","background-image":"","background-repeat":"repeat","background-position":"center center","background-size":"auto","background-attachment":"scroll","background-type":"","background-media":"","overlay-type":"","overlay-color":"","overlay-opacity":"","overlay-gradient":""},"mobile":{"background-color":"","background-image":"","background-repeat":"repeat","background-position":"center center","background-size":"auto","background-attachment":"scroll","background-type":"","background-media":"","overlay-type":"","overlay-color":"","overlay-opacity":"","overlay-gradient":""}},"ast-content-background-meta":{"desktop":{"background-color":"var(--ast-global-color-5)","background-image":"","background-repeat":"repeat","background-position":"center center","background-size":"auto","background-attachment":"scroll","background-type":"","background-media":"","overlay-type":"","overlay-color":"","overlay-opacity":"","overlay-gradient":""},"tablet":{"background-color":"var(--ast-global-color-5)","background-image":"","background-repeat":"repeat","background-position":"center center","background-size":"auto","background-attachment":"scroll","background-type":"","background-media":"","overlay-type":"","overlay-color":"","overlay-opacity":"","overlay-gradient":""},"mobile":{"background-color":"var(--ast-global-color-5)","background-image":"","background-repeat":"repeat","background-position":"center center","background-size":"auto","background-attachment":"scroll","background-type":"","background-media":"","overlay-type":"","overlay-color":"","overlay-opacity":"","overlay-gradient":""}},"footnotes":""},"categories":[56,5],"tags":[414,192,974],"class_list":["post-440347","post","type-post","status-publish","format-standard","has-post-thumbnail","hentry","category-destaque","category-vaticano","tag-ecologia","tag-ecumenismo","tag-leao-xiv"],"_links":{"self":[{"href":"https:\/\/agencia.ecclesia.pt\/portal\/wp-json\/wp\/v2\/posts\/440347","targetHints":{"allow":["GET"]}}],"collection":[{"href":"https:\/\/agencia.ecclesia.pt\/portal\/wp-json\/wp\/v2\/posts"}],"about":[{"href":"https:\/\/agencia.ecclesia.pt\/portal\/wp-json\/wp\/v2\/types\/post"}],"author":[{"embeddable":true,"href":"https:\/\/agencia.ecclesia.pt\/portal\/wp-json\/wp\/v2\/users\/2"}],"replies":[{"embeddable":true,"href":"https:\/\/agencia.ecclesia.pt\/portal\/wp-json\/wp\/v2\/comments?post=440347"}],"version-history":[{"count":2,"href":"https:\/\/agencia.ecclesia.pt\/portal\/wp-json\/wp\/v2\/posts\/440347\/revisions"}],"predecessor-version":[{"id":440351,"href":"https:\/\/agencia.ecclesia.pt\/portal\/wp-json\/wp\/v2\/posts\/440347\/revisions\/440351"}],"wp:featuredmedia":[{"embeddable":true,"href":"https:\/\/agencia.ecclesia.pt\/portal\/wp-json\/wp\/v2\/media\/383503"}],"wp:attachment":[{"href":"https:\/\/agencia.ecclesia.pt\/portal\/wp-json\/wp\/v2\/media?parent=440347"}],"wp:term":[{"taxonomy":"category","embeddable":true,"href":"https:\/\/agencia.ecclesia.pt\/portal\/wp-json\/wp\/v2\/categories?post=440347"},{"taxonomy":"post_tag","embeddable":true,"href":"https:\/\/agencia.ecclesia.pt\/portal\/wp-json\/wp\/v2\/tags?post=440347"}],"curies":[{"name":"wp","href":"https:\/\/api.w.org\/{rel}","templated":true}]}}