{"id":440343,"date":"2026-09-01T13:00:15","date_gmt":"2026-09-01T12:00:15","guid":{"rendered":"https:\/\/agencia.ecclesia.pt\/portal\/?p=440343"},"modified":"2026-09-01T13:00:15","modified_gmt":"2026-09-01T12:00:15","slug":"igreja-acores-bispo-de-aveiro-apela-a-proximidade-com-os-que-sofrem","status":"publish","type":"post","link":"https:\/\/agencia.ecclesia.pt\/portal\/igreja-acores-bispo-de-aveiro-apela-a-proximidade-com-os-que-sofrem\/","title":{"rendered":"Igreja\/A\u00e7ores: Bispo de Aveiro apela \u00e0 proximidade com os que sofrem"},"content":{"rendered":"<p><em>D. Ant\u00f3nio Moiteiro presidiu \u00e0 Festa do Bom Jesus da Pedra<\/em><!--more--><\/p>\n<figure id=\"attachment_440344\" aria-describedby=\"caption-attachment-440344\" style=\"width: 400px\" class=\"wp-caption alignright\"><img fetchpriority=\"high\" decoding=\"async\" class=\"size-medium wp-image-440344\" src=\"https:\/\/agencia.ecclesia.pt\/portal\/wp-content\/uploads\/2026\/09\/Missa_senhor-da-Pedra_26-e1788085416872-1024x517-1-400x202.jpg\" alt=\"\" width=\"400\" height=\"202\" srcset=\"https:\/\/agencia.ecclesia.pt\/portal\/wp-content\/uploads\/2026\/09\/Missa_senhor-da-Pedra_26-e1788085416872-1024x517-1-400x202.jpg 400w, https:\/\/agencia.ecclesia.pt\/portal\/wp-content\/uploads\/2026\/09\/Missa_senhor-da-Pedra_26-e1788085416872-1024x517-1-768x388.jpg 768w, https:\/\/agencia.ecclesia.pt\/portal\/wp-content\/uploads\/2026\/09\/Missa_senhor-da-Pedra_26-e1788085416872-1024x517-1.jpg 1024w\" sizes=\"(max-width: 400px) 100vw, 400px\" \/><figcaption id=\"caption-attachment-440344\" class=\"wp-caption-text\">Foto: Igreja A\u00e7ores<\/figcaption><\/figure>\n<p>Vila Franca do Campo, A\u00e7ores, 01 set 2026 (Ecclesia) \u2013 O bispo de Aveiro desafiou os cat\u00f3licos a aproximarem-se das pessoas que sofrem, durante a Missa solene da Festa do Senhor Bom Jesus da Pedra, na ilha a\u00e7oriana de S\u00e3o Miguel.<\/p>\n<p>&#8220;Na paix\u00e3o revela-se um amor que n\u00e3o se imp\u00f5e, mas se entrega&#8221;, afirmou D. Ant\u00f3nio Moiteiro na celebra\u00e7\u00e3o que encerra o ciclo das grandes festas de ver\u00e3o micaelenses.<\/p>\n<p>Segundo o respons\u00e1vel cat\u00f3lico, citado pelo portal diocesano \u2018Igreja A\u00e7ores\u2019, a contempla\u00e7\u00e3o de Jesus Cristo obriga a recusar a cruz como s\u00edmbolo de fracasso para a assumir como a express\u00e3o m\u00e1xima de um amor capaz de gerar vida nova.<\/p>\n<p>O bispo evocou de forma concreta o sofrimento contempor\u00e2neo, alertando para os idosos deixados na solid\u00e3o, as popula\u00e7\u00f5es atingidas pela guerra e as v\u00edtimas do \u00f3dio e da indiferen\u00e7a.<\/p>\n<p>&#8220;Quando somos capazes de nos aproximarmos daqueles que sofrem, estamos a concretizar o essencial da mensagem crist\u00e3&#8221;, sublinhou D. Ant\u00f3nio Moiteiro durante o serm\u00e3o da tradicional prociss\u00e3o da mudan\u00e7a da imagem, realizada na noite de s\u00e1bado.<\/p>\n<p>O seguimento aut\u00eantico n\u00e3o oferece vantagens materiais, exigindo antes o despojamento e uma decis\u00e3o irrevog\u00e1vel totalmente livre de outros interesses, advertiu.<\/p>\n<p>&#8220;Fa\u00e7amos n\u00f3s hoje o mesmo: levemos Jesus connosco e saibamos comunic\u00e1-lo aos outros&#8221;, <a href=\"https:\/\/www.igrejaacores.pt\/do-amor-da-cruz-a-vida-bispo-de-aveiro-desafia-cristaos-a-estarem-perto-de-quem-sofre\/\" target=\"_blank\" rel=\"noopener\">exortou<\/a> o bispo de Aveiro ao pedir a passagem da simples devo\u00e7\u00e3o para uma verdadeira miss\u00e3o.<\/p>\n<p>A organiza\u00e7\u00e3o das festividades mobilizou a comunidade em torno da imagem religiosa, culminando num momento p\u00fablico de consagra\u00e7\u00e3o perante a comunidade local.<\/p>\n<p>&#8220;Protegei, Bom Jesus da Pedra, a nossa vila; dai-nos o vosso perd\u00e3o e amparo, pois s\u00f3 em V\u00f3s esperamos&#8221;, rezou o padre Jos\u00e9 Alfredo Borges, p\u00e1roco da Igreja Matriz.<\/p>\n<p>A festividade anual \u00e9 promovida pela Santa Casa da Miseric\u00f3rdia de Vila Franca do Campo, uma das institui\u00e7\u00f5es mais antigas do arquip\u00e9lago, constituindo uma das maiores express\u00f5es da religiosidade popular nos A\u00e7ores.<\/p>\n<p><em>OC<\/em><\/p>\n","protected":false},"excerpt":{"rendered":"<p>D. Ant\u00f3nio Moiteiro presidiu \u00e0 Festa do Bom Jesus da Pedra<\/p>\n","protected":false},"author":2,"featured_media":440344,"comment_status":"closed","ping_status":"closed","sticky":false,"template":"","format":"standard","meta":{"site-sidebar-layout":"default","site-content-layout":"","ast-site-content-layout":"default","site-content-style":"default","site-sidebar-style":"default","ast-global-header-display":"","ast-banner-title-visibility":"","ast-main-header-display":"","ast-hfb-above-header-display":"","ast-hfb-below-header-display":"","ast-hfb-mobile-header-display":"","site-post-title":"","ast-breadcrumbs-content":"","ast-featured-img":"","footer-sml-layout":"","ast-disable-related-posts":"","theme-transparent-header-meta":"default","adv-header-id-meta":"","stick-header-meta":"default","header-above-stick-meta":"","header-main-stick-meta":"","header-below-stick-meta":"","astra-migrate-meta-layouts":"set","ast-page-background-enabled":"default","ast-page-background-meta":{"desktop":{"background-color":"var(--ast-global-color-4)","background-image":"","background-repeat":"repeat","background-position":"center center","background-size":"auto","background-attachment":"scroll","background-type":"","background-media":"","overlay-type":"","overlay-color":"","overlay-opacity":"","overlay-gradient":""},"tablet":{"background-color":"","background-image":"","background-repeat":"repeat","background-position":"center center","background-size":"auto","background-attachment":"scroll","background-type":"","background-media":"","overlay-type":"","overlay-color":"","overlay-opacity":"","overlay-gradient":""},"mobile":{"background-color":"","background-image":"","background-repeat":"repeat","background-position":"center center","background-size":"auto","background-attachment":"scroll","background-type":"","background-media":"","overlay-type":"","overlay-color":"","overlay-opacity":"","overlay-gradient":""}},"ast-content-background-meta":{"desktop":{"background-color":"var(--ast-global-color-5)","background-image":"","background-repeat":"repeat","background-position":"center center","background-size":"auto","background-attachment":"scroll","background-type":"","background-media":"","overlay-type":"","overlay-color":"","overlay-opacity":"","overlay-gradient":""},"tablet":{"background-color":"var(--ast-global-color-5)","background-image":"","background-repeat":"repeat","background-position":"center center","background-size":"auto","background-attachment":"scroll","background-type":"","background-media":"","overlay-type":"","overlay-color":"","overlay-opacity":"","overlay-gradient":""},"mobile":{"background-color":"var(--ast-global-color-5)","background-image":"","background-repeat":"repeat","background-position":"center center","background-size":"auto","background-attachment":"scroll","background-type":"","background-media":"","overlay-type":"","overlay-color":"","overlay-opacity":"","overlay-gradient":""}},"footnotes":""},"categories":[89,3],"tags":[169],"class_list":["post-440343","post","type-post","status-publish","format-standard","has-post-thumbnail","hentry","category-destaque2","category-nacional","tag-diocese-de-angra"],"_links":{"self":[{"href":"https:\/\/agencia.ecclesia.pt\/portal\/wp-json\/wp\/v2\/posts\/440343","targetHints":{"allow":["GET"]}}],"collection":[{"href":"https:\/\/agencia.ecclesia.pt\/portal\/wp-json\/wp\/v2\/posts"}],"about":[{"href":"https:\/\/agencia.ecclesia.pt\/portal\/wp-json\/wp\/v2\/types\/post"}],"author":[{"embeddable":true,"href":"https:\/\/agencia.ecclesia.pt\/portal\/wp-json\/wp\/v2\/users\/2"}],"replies":[{"embeddable":true,"href":"https:\/\/agencia.ecclesia.pt\/portal\/wp-json\/wp\/v2\/comments?post=440343"}],"version-history":[{"count":1,"href":"https:\/\/agencia.ecclesia.pt\/portal\/wp-json\/wp\/v2\/posts\/440343\/revisions"}],"predecessor-version":[{"id":440346,"href":"https:\/\/agencia.ecclesia.pt\/portal\/wp-json\/wp\/v2\/posts\/440343\/revisions\/440346"}],"wp:featuredmedia":[{"embeddable":true,"href":"https:\/\/agencia.ecclesia.pt\/portal\/wp-json\/wp\/v2\/media\/440344"}],"wp:attachment":[{"href":"https:\/\/agencia.ecclesia.pt\/portal\/wp-json\/wp\/v2\/media?parent=440343"}],"wp:term":[{"taxonomy":"category","embeddable":true,"href":"https:\/\/agencia.ecclesia.pt\/portal\/wp-json\/wp\/v2\/categories?post=440343"},{"taxonomy":"post_tag","embeddable":true,"href":"https:\/\/agencia.ecclesia.pt\/portal\/wp-json\/wp\/v2\/tags?post=440343"}],"curies":[{"name":"wp","href":"https:\/\/api.w.org\/{rel}","templated":true}]}}