{"id":440333,"date":"2026-09-01T11:22:54","date_gmt":"2026-09-01T10:22:54","guid":{"rendered":"https:\/\/agencia.ecclesia.pt\/portal\/?p=440333"},"modified":"2026-09-01T11:22:54","modified_gmt":"2026-09-01T10:22:54","slug":"catequese-snec-lanca-referencial-para-a-infancia-centrado-no-encontro-com-jesus","status":"publish","type":"post","link":"https:\/\/agencia.ecclesia.pt\/portal\/catequese-snec-lanca-referencial-para-a-infancia-centrado-no-encontro-com-jesus\/","title":{"rendered":"Catequese: SNEC lan\u00e7a referencial para a inf\u00e2ncia, centrado no \u00abencontro com Jesus\u00bb"},"content":{"rendered":"<p><em>Novo material sublinha mudan\u00e7a de paradigma na rela\u00e7\u00e3o com crian\u00e7as e fam\u00edlias<\/em><!--more--><\/p>\n<figure id=\"attachment_440334\" aria-describedby=\"caption-attachment-440334\" style=\"width: 1500px\" class=\"wp-caption alignnone\"><img fetchpriority=\"high\" decoding=\"async\" class=\"wp-image-440334 size-full\" src=\"https:\/\/agencia.ecclesia.pt\/portal\/wp-content\/uploads\/2026\/09\/ser-amigo-de-jesus-1.jpg\" alt=\"\" width=\"1500\" height=\"1000\" srcset=\"https:\/\/agencia.ecclesia.pt\/portal\/wp-content\/uploads\/2026\/09\/ser-amigo-de-jesus-1.jpg 1500w, https:\/\/agencia.ecclesia.pt\/portal\/wp-content\/uploads\/2026\/09\/ser-amigo-de-jesus-1-400x267.jpg 400w, https:\/\/agencia.ecclesia.pt\/portal\/wp-content\/uploads\/2026\/09\/ser-amigo-de-jesus-1-1024x683.jpg 1024w, https:\/\/agencia.ecclesia.pt\/portal\/wp-content\/uploads\/2026\/09\/ser-amigo-de-jesus-1-768x512.jpg 768w, https:\/\/agencia.ecclesia.pt\/portal\/wp-content\/uploads\/2026\/09\/ser-amigo-de-jesus-1-391x260.jpg 391w\" sizes=\"(max-width: 1500px) 100vw, 1500px\" \/><figcaption id=\"caption-attachment-440334\" class=\"wp-caption-text\">Foto: Ag\u00eancia ECCLESIA\/MC<\/figcaption><\/figure>\n<p>Lisboa, 01 set 2026 (Ecclesia) \u2013 O Secretariado Nacional da Educa\u00e7\u00e3o Crist\u00e3 (SNEC) lan\u00e7ou hoje o recurso \u2018Ser Amigo de Jesus\u2019, que vem assumir o lugar do anterior 1.\u00ba volume da catequese, assinalando a nova forma de acompanhamento das crian\u00e7as e das fam\u00edlias.<\/p>\n<p>&#8220;Queremos ajudar as nossas comunidades e proporcionar \u00e0s crian\u00e7as e fam\u00edlias um verdadeiro caminho de encontro com Jesus&#8221;, afirmou a irm\u00e3 Arminda Faustino, coordenadora do Departamento da Catequese do SNEC, em declara\u00e7\u00f5es divulgadas pelo portal Educris.<\/p>\n<p>A publica\u00e7\u00e3o do material \u201cmarca a chegada \u00e0 inf\u00e2ncia do novo paradigma de catequese proposto pelo Itiner\u00e1rio de Inicia\u00e7\u00e3o \u00e0 Vida Crist\u00e3 das Crian\u00e7as e dos Adolescentes com as Fam\u00edlias\u201d.<\/p>\n<p>Integrado na cole\u00e7\u00e3o Ema\u00fas, o novo recurso \u201csubstitui o anterior primeiro catecismo\u201d, mas representa sobretudo \u201cuma mudan\u00e7a na forma de acompanhar as crian\u00e7as e as fam\u00edlias no in\u00edcio do seu caminho de f\u00e9\u201d, precisa o SNEC.<\/p>\n<p>&#8220;A amizade com Jesus assume, neste percurso, um lugar central, procurando ajudar cada crian\u00e7a a descobrir progressivamente a beleza da rela\u00e7\u00e3o com Ele&#8221;, explicou a irm\u00e3 Arminda Faustino.<\/p>\n<p>O planeamento editorial prev\u00ea a continuidade desta transforma\u00e7\u00e3o estrutural com a publica\u00e7\u00e3o dos volumes IVC1 e IVC2, previstos para o pr\u00f3ximo ano, adianta o <a href=\"https:\/\/educris.pt\/ser-amigo-de-jesus-leva-a-infancia-o-novo-paradigma-proposto-pelo-itinerario-para-a-catequese\/\" target=\"_blank\" rel=\"noopener\">Educris<\/a>.<\/p>\n<p>A implementa\u00e7\u00e3o pr\u00e1tica do novo referencial vai ser apoiada por uma a\u00e7\u00e3o de forma\u00e7\u00e3o dirigida \u00e0s equipas diocesanas de catequese, agendada para o dia 15 de setembro.<\/p>\n<p>&#8220;Que este novo ano catequ\u00e9tico seja um tempo de renova\u00e7\u00e3o, encontro e alegria, ajudando cada crian\u00e7a a descobrir, cada vez mais, a beleza de ser amiga de Jesus&#8221;, concluiu a irm\u00e3 Arminda Faustino.<\/p>\n<p>O \u2018Ser Amigo de Jesus\u2019 est\u00e1 \u00e0 venda nas livrarias diocesanas de todo o pa\u00eds.<\/p>\n<p>Segundo o SNEC, o novo Itiner\u00e1rio prop\u00f5e \u201cuma mudan\u00e7a de paradigma que envolve n\u00e3o apenas os recursos utilizados, mas tamb\u00e9m a compreens\u00e3o da miss\u00e3o da catequese, dos processos de inicia\u00e7\u00e3o crist\u00e3 e do papel das fam\u00edlias\u201d.<\/p>\n<p><em>OC<\/em><\/p>\n","protected":false},"excerpt":{"rendered":"<p>Novo material sublinha mudan\u00e7a de paradigma na rela\u00e7\u00e3o com crian\u00e7as e fam\u00edlias<\/p>\n","protected":false},"author":2,"featured_media":440334,"comment_status":"closed","ping_status":"closed","sticky":false,"template":"","format":"standard","meta":{"site-sidebar-layout":"default","site-content-layout":"","ast-site-content-layout":"default","site-content-style":"default","site-sidebar-style":"default","ast-global-header-display":"","ast-banner-title-visibility":"","ast-main-header-display":"","ast-hfb-above-header-display":"","ast-hfb-below-header-display":"","ast-hfb-mobile-header-display":"","site-post-title":"","ast-breadcrumbs-content":"","ast-featured-img":"","footer-sml-layout":"","ast-disable-related-posts":"","theme-transparent-header-meta":"default","adv-header-id-meta":"","stick-header-meta":"default","header-above-stick-meta":"","header-main-stick-meta":"","header-below-stick-meta":"","astra-migrate-meta-layouts":"set","ast-page-background-enabled":"default","ast-page-background-meta":{"desktop":{"background-color":"var(--ast-global-color-4)","background-image":"","background-repeat":"repeat","background-position":"center center","background-size":"auto","background-attachment":"scroll","background-type":"","background-media":"","overlay-type":"","overlay-color":"","overlay-opacity":"","overlay-gradient":""},"tablet":{"background-color":"","background-image":"","background-repeat":"repeat","background-position":"center center","background-size":"auto","background-attachment":"scroll","background-type":"","background-media":"","overlay-type":"","overlay-color":"","overlay-opacity":"","overlay-gradient":""},"mobile":{"background-color":"","background-image":"","background-repeat":"repeat","background-position":"center center","background-size":"auto","background-attachment":"scroll","background-type":"","background-media":"","overlay-type":"","overlay-color":"","overlay-opacity":"","overlay-gradient":""}},"ast-content-background-meta":{"desktop":{"background-color":"var(--ast-global-color-5)","background-image":"","background-repeat":"repeat","background-position":"center center","background-size":"auto","background-attachment":"scroll","background-type":"","background-media":"","overlay-type":"","overlay-color":"","overlay-opacity":"","overlay-gradient":""},"tablet":{"background-color":"var(--ast-global-color-5)","background-image":"","background-repeat":"repeat","background-position":"center center","background-size":"auto","background-attachment":"scroll","background-type":"","background-media":"","overlay-type":"","overlay-color":"","overlay-opacity":"","overlay-gradient":""},"mobile":{"background-color":"var(--ast-global-color-5)","background-image":"","background-repeat":"repeat","background-position":"center center","background-size":"auto","background-attachment":"scroll","background-type":"","background-media":"","overlay-type":"","overlay-color":"","overlay-opacity":"","overlay-gradient":""}},"footnotes":""},"categories":[58,3],"tags":[127,358],"class_list":["post-440333","post","type-post","status-publish","format-standard","has-post-thumbnail","hentry","category-caixa1","category-nacional","tag-catequese","tag-publicacoes"],"_links":{"self":[{"href":"https:\/\/agencia.ecclesia.pt\/portal\/wp-json\/wp\/v2\/posts\/440333","targetHints":{"allow":["GET"]}}],"collection":[{"href":"https:\/\/agencia.ecclesia.pt\/portal\/wp-json\/wp\/v2\/posts"}],"about":[{"href":"https:\/\/agencia.ecclesia.pt\/portal\/wp-json\/wp\/v2\/types\/post"}],"author":[{"embeddable":true,"href":"https:\/\/agencia.ecclesia.pt\/portal\/wp-json\/wp\/v2\/users\/2"}],"replies":[{"embeddable":true,"href":"https:\/\/agencia.ecclesia.pt\/portal\/wp-json\/wp\/v2\/comments?post=440333"}],"version-history":[{"count":1,"href":"https:\/\/agencia.ecclesia.pt\/portal\/wp-json\/wp\/v2\/posts\/440333\/revisions"}],"predecessor-version":[{"id":440336,"href":"https:\/\/agencia.ecclesia.pt\/portal\/wp-json\/wp\/v2\/posts\/440333\/revisions\/440336"}],"wp:featuredmedia":[{"embeddable":true,"href":"https:\/\/agencia.ecclesia.pt\/portal\/wp-json\/wp\/v2\/media\/440334"}],"wp:attachment":[{"href":"https:\/\/agencia.ecclesia.pt\/portal\/wp-json\/wp\/v2\/media?parent=440333"}],"wp:term":[{"taxonomy":"category","embeddable":true,"href":"https:\/\/agencia.ecclesia.pt\/portal\/wp-json\/wp\/v2\/categories?post=440333"},{"taxonomy":"post_tag","embeddable":true,"href":"https:\/\/agencia.ecclesia.pt\/portal\/wp-json\/wp\/v2\/tags?post=440333"}],"curies":[{"name":"wp","href":"https:\/\/api.w.org\/{rel}","templated":true}]}}