{"id":440316,"date":"2026-09-06T09:28:23","date_gmt":"2026-09-06T08:28:23","guid":{"rendered":"https:\/\/agencia.ecclesia.pt\/portal\/?p=440316"},"modified":"2026-09-01T10:30:29","modified_gmt":"2026-09-01T09:30:29","slug":"cuidar-da-pessoa-idosa-e-uma-responsabilidade-de-todos","status":"publish","type":"post","link":"https:\/\/agencia.ecclesia.pt\/portal\/cuidar-da-pessoa-idosa-e-uma-responsabilidade-de-todos\/","title":{"rendered":"Cuidar da pessoa idosa \u00e9 uma responsabilidade de todos"},"content":{"rendered":"<p><em>Paula Pimentel, DIocese e Bragan\u00e7a-Miranda<\/em><\/p>\n<p><!--more--><\/p>\n<p><img fetchpriority=\"high\" decoding=\"async\" class=\"size-medium wp-image-388744 alignright\" src=\"https:\/\/agencia.ecclesia.pt\/portal\/wp-content\/uploads\/2025\/08\/Paula-Pimentel-braganca-400x267.jpg\" alt=\"\" width=\"400\" height=\"267\" srcset=\"https:\/\/agencia.ecclesia.pt\/portal\/wp-content\/uploads\/2025\/08\/Paula-Pimentel-braganca-400x267.jpg 400w, https:\/\/agencia.ecclesia.pt\/portal\/wp-content\/uploads\/2025\/08\/Paula-Pimentel-braganca-1024x683.jpg 1024w, https:\/\/agencia.ecclesia.pt\/portal\/wp-content\/uploads\/2025\/08\/Paula-Pimentel-braganca-768x512.jpg 768w, https:\/\/agencia.ecclesia.pt\/portal\/wp-content\/uploads\/2025\/08\/Paula-Pimentel-braganca-391x260.jpg 391w, https:\/\/agencia.ecclesia.pt\/portal\/wp-content\/uploads\/2025\/08\/Paula-Pimentel-braganca.jpg 1200w\" sizes=\"(max-width: 400px) 100vw, 400px\" \/>Os lares de idosos vivem hoje uma realidade cada vez mais exigente. Cuidar de uma pessoa idosa, sobretudo quando esta se encontra numa situa\u00e7\u00e3o de maior fragilidade, depend\u00eancia ou vulnerabilidade, n\u00e3o \u00e9 apenas prestar cuidados: \u00e9 assumir uma enorme responsabilidade humana, t\u00e9cnica e emocional.<\/p>\n<p>A fam\u00edlia continua a ser fam\u00edlia. E deve continuar presente, pr\u00f3xima e implicada. O bem-estar e a qualidade de vida da pessoa idosa n\u00e3o podem ser responsabilidade exclusiva do lar. Todos temos um papel a desempenhar. A institui\u00e7\u00e3o tem o dever de cuidar com profissionalismo, rigor, conhecimento e cora\u00e7\u00e3o, mas a fam\u00edlia tem tamb\u00e9m o dever de acompanhar, participar, compreender e assumir a sua responsabilidade.<\/p>\n<p>N\u00e3o \u00e9 justo nem adequado transferir integralmente para a institui\u00e7\u00e3o uma responsabilidade que deve ser partilhada e que, em determinados momentos, se pretenda entregar ao lar toda a responsabilidade pelo familiar idoso e, depois, transformar os profissionais em alvo de cr\u00edticas ou acusa\u00e7\u00f5es sempre que surge uma dificuldade. Cuidar de uma pessoa fr\u00e1gil \u00e9 um trabalho complexo, que exige conhecimento, experi\u00eancia, forma\u00e7\u00e3o cont\u00ednua, rigor e, acima de tudo, humanidade.<br \/>\nPor isso, \u00e9 fundamental que exista uma verdadeira rela\u00e7\u00e3o de parceria entre a fam\u00edlia e o lar. Uma parceria baseada no respeito, na confian\u00e7a, na comunica\u00e7\u00e3o e na compreens\u00e3o das dificuldades que todos enfrentamos.<\/p>\n<p>E h\u00e1 algo que n\u00e3o podemos esquecer: por detr\u00e1s de cada colaborador est\u00e1 uma pessoa que todos os dias d\u00e1 o seu melhor para cuidar de outra pessoa. N\u00e3o podemos permitir que um profissional seja injustamente apontado, desvalorizado ou criticado por um familiar sem que se conhe\u00e7a a realidade dos cuidados prestados, as circunst\u00e2ncias e a complexidade de cada situa\u00e7\u00e3o.<\/p>\n<p>Defender os nossos colaboradores n\u00e3o significa ignorar erros ou deixar de ouvir as fam\u00edlias. Significa garantir que qualquer preocupa\u00e7\u00e3o \u00e9 tratada com respeito, di\u00e1logo, verdade e justi\u00e7a. Se h\u00e1 algo a melhorar, melhoramos. Se h\u00e1 um erro, analisamo-lo e corrigimo-lo. Mas n\u00e3o podemos permitir julgamentos precipitados nem acusa\u00e7\u00f5es que desvalorizem o trabalho de quem cuida.<\/p>\n<p>A pessoa idosa deve estar sempre no centro de tudo. E, para que isso aconte\u00e7a, fam\u00edlia, institui\u00e7\u00e3o e profissionais t\u00eam de caminhar no mesmo sentido.<br \/>\nCuidar de quem est\u00e1 fragilizado \u00e9 uma das maiores responsabilidades que podemos assumir. Exige compet\u00eancia, rigor, forma\u00e7\u00e3o, paci\u00eancia, empatia e cora\u00e7\u00e3o.<br \/>\nE exige tamb\u00e9m respeito por quem, todos os dias, escolhe estar ao lado de quem mais precisa.<\/p>\n<p>Cuidar \u00e9 uma responsabilidade partilhada. A pessoa idosa merece que todos estejamos \u00e0 altura dela.<\/p>\n<p>A confian\u00e7a constr\u00f3i-se quando as fam\u00edlias sabem que ser\u00e3o sempre ouvidas e os profissionais sabem que ser\u00e3o sempre tratados com justi\u00e7a.<\/p>\n<p><em>Paula Pimentel, Presidente da Dire\u00e7\u00e3o da Uni\u00e3o das IPSS do distrito de Bragan\u00e7a, e Vice-Presidente da Funda\u00e7\u00e3o Bet\u00e2nia.<\/em><\/p>\n<p>&nbsp;<\/p>\n<p><span style=\"font-size: 10pt;\"><em>(Os artigos de opini\u00e3o publicados na sec\u00e7\u00e3o \u2018Opini\u00e3o\u2019 e \u2018Rubricas\u2019 do portal da Ag\u00eancia Ecclesia s\u00e3o da responsabilidade de quem os assina e vinculam apenas os seus autores.)<\/em><\/span><\/p>\n<p>&nbsp;<\/p>\n","protected":false},"excerpt":{"rendered":"<p>Paula Pimentel, DIocese e Bragan\u00e7a-Miranda<\/p>\n","protected":false},"author":1,"featured_media":388744,"comment_status":"closed","ping_status":"closed","sticky":false,"template":"","format":"standard","meta":{"site-sidebar-layout":"default","site-content-layout":"","ast-site-content-layout":"default","site-content-style":"default","site-sidebar-style":"default","ast-global-header-display":"","ast-banner-title-visibility":"","ast-main-header-display":"","ast-hfb-above-header-display":"","ast-hfb-below-header-display":"","ast-hfb-mobile-header-display":"","site-post-title":"","ast-breadcrumbs-content":"","ast-featured-img":"","footer-sml-layout":"","ast-disable-related-posts":"","theme-transparent-header-meta":"default","adv-header-id-meta":"","stick-header-meta":"default","header-above-stick-meta":"","header-main-stick-meta":"","header-below-stick-meta":"","astra-migrate-meta-layouts":"set","ast-page-background-enabled":"default","ast-page-background-meta":{"desktop":{"background-color":"var(--ast-global-color-4)","background-image":"","background-repeat":"repeat","background-position":"center center","background-size":"auto","background-attachment":"scroll","background-type":"","background-media":"","overlay-type":"","overlay-color":"","overlay-opacity":"","overlay-gradient":""},"tablet":{"background-color":"","background-image":"","background-repeat":"repeat","background-position":"center center","background-size":"auto","background-attachment":"scroll","background-type":"","background-media":"","overlay-type":"","overlay-color":"","overlay-opacity":"","overlay-gradient":""},"mobile":{"background-color":"","background-image":"","background-repeat":"repeat","background-position":"center center","background-size":"auto","background-attachment":"scroll","background-type":"","background-media":"","overlay-type":"","overlay-color":"","overlay-opacity":"","overlay-gradient":""}},"ast-content-background-meta":{"desktop":{"background-color":"var(--ast-global-color-5)","background-image":"","background-repeat":"repeat","background-position":"center center","background-size":"auto","background-attachment":"scroll","background-type":"","background-media":"","overlay-type":"","overlay-color":"","overlay-opacity":"","overlay-gradient":""},"tablet":{"background-color":"var(--ast-global-color-5)","background-image":"","background-repeat":"repeat","background-position":"center center","background-size":"auto","background-attachment":"scroll","background-type":"","background-media":"","overlay-type":"","overlay-color":"","overlay-opacity":"","overlay-gradient":""},"mobile":{"background-color":"var(--ast-global-color-5)","background-image":"","background-repeat":"repeat","background-position":"center center","background-size":"auto","background-attachment":"scroll","background-type":"","background-media":"","overlay-type":"","overlay-color":"","overlay-opacity":"","overlay-gradient":""}},"footnotes":""},"categories":[10],"tags":[],"class_list":["post-440316","post","type-post","status-publish","format-standard","has-post-thumbnail","hentry","category-opiniao"],"_links":{"self":[{"href":"https:\/\/agencia.ecclesia.pt\/portal\/wp-json\/wp\/v2\/posts\/440316","targetHints":{"allow":["GET"]}}],"collection":[{"href":"https:\/\/agencia.ecclesia.pt\/portal\/wp-json\/wp\/v2\/posts"}],"about":[{"href":"https:\/\/agencia.ecclesia.pt\/portal\/wp-json\/wp\/v2\/types\/post"}],"author":[{"embeddable":true,"href":"https:\/\/agencia.ecclesia.pt\/portal\/wp-json\/wp\/v2\/users\/1"}],"replies":[{"embeddable":true,"href":"https:\/\/agencia.ecclesia.pt\/portal\/wp-json\/wp\/v2\/comments?post=440316"}],"version-history":[{"count":1,"href":"https:\/\/agencia.ecclesia.pt\/portal\/wp-json\/wp\/v2\/posts\/440316\/revisions"}],"predecessor-version":[{"id":440326,"href":"https:\/\/agencia.ecclesia.pt\/portal\/wp-json\/wp\/v2\/posts\/440316\/revisions\/440326"}],"wp:featuredmedia":[{"embeddable":true,"href":"https:\/\/agencia.ecclesia.pt\/portal\/wp-json\/wp\/v2\/media\/388744"}],"wp:attachment":[{"href":"https:\/\/agencia.ecclesia.pt\/portal\/wp-json\/wp\/v2\/media?parent=440316"}],"wp:term":[{"taxonomy":"category","embeddable":true,"href":"https:\/\/agencia.ecclesia.pt\/portal\/wp-json\/wp\/v2\/categories?post=440316"},{"taxonomy":"post_tag","embeddable":true,"href":"https:\/\/agencia.ecclesia.pt\/portal\/wp-json\/wp\/v2\/tags?post=440316"}],"curies":[{"name":"wp","href":"https:\/\/api.w.org\/{rel}","templated":true}]}}